{"id":7705,"date":"2026-09-05T16:35:09","date_gmt":"2026-09-05T16:35:09","guid":{"rendered":"https:\/\/fokuset.com\/?p=7705"},"modified":"2026-09-05T16:35:13","modified_gmt":"2026-09-05T16:35:13","slug":"varldslaget-den-5-september-krig-diplomati-och-globala-risker","status":"publish","type":"post","link":"https:\/\/fokuset.com\/index.php\/2026\/09\/05\/varldslaget-den-5-september-krig-diplomati-och-globala-risker\/","title":{"rendered":"V\u00e4rldsl\u00e4get den 5 september: Krig, diplomati och globala risker"},"content":{"rendered":"\n<p>V\u00e4rldsl\u00e4get den 5 september 2026 pr\u00e4glas av f\u00f6rnyade diplomatiska anstr\u00e4ngningar i Ukraina, fortsatta konflikter i Mellan\u00f6stern och v\u00e4xande humanit\u00e4ra p\u00e5frestningar. USA:s s\u00e4ndebud Steve Witkoff och Jared Kushner har anl\u00e4nt till Moskva f\u00f6r samtal med m\u00e5let att f\u00e5 ett slut p\u00e5 kriget i Ukraina, samtidigt som Ryssland och Ukraina har kommit \u00f6verens om ett tillf\u00e4lligt uppeh\u00e5ll i attackerna mot varandras huvudst\u00e4der. P\u00e5 andra h\u00e5ll har striderna i Jemen intensifierats, oron f\u00f6r sj\u00f6fartss\u00e4kerheten kvarst\u00e5r och internationella hj\u00e4lporganisationer varnar f\u00f6r att framsteg i arbetet med att minska barnad\u00f6dligheten kan g\u00e5 f\u00f6rlorade. Utvecklingen visar hur s\u00e4kerhet, diplomati, ekonomisk stabilitet och humanit\u00e4ra behov fortsatt \u00e4r n\u00e4ra sammanl\u00e4nkade.<\/p>\n\n\n\n<h2 class=\"wp-block-heading\">Vilka \u00e4r de viktigaste utvecklingarna som formar v\u00e4rlden i dag?<\/h2>\n\n\n\n<p>Den mest betydelsefulla diplomatiska utvecklingen \u00e4r USA:s f\u00f6rs\u00f6k att \u00e5teruppliva f\u00f6rhandlingarna om Ukraina. Witkoff och Kushner v\u00e4ntas tr\u00e4ffa Rysslands president Vladimir Putin i Moskva innan de reser vidare till Kyiv. Initiativet kommer efter en l\u00e4ngre period av strider och avstannade fredsanstr\u00e4ngningar. B\u00e5da sidor har kommit \u00f6verens om ett tre dagar l\u00e5ngt uppeh\u00e5ll i attackerna mot sina respektive huvudst\u00e4der, vilket skapar ett begr\u00e4nsat utrymme f\u00f6r samtal. \u00d6verenskommelsen inneb\u00e4r dock inte ett bredare eldupph\u00f6r, och stora oenigheter om territorium och Ukrainas framtida s\u00e4kerhetsarrangemang kvarst\u00e5r.<\/p>\n\n\n\n<p>Den humanit\u00e4ra situationen v\u00e4cker ocks\u00e5 uppm\u00e4rksamhet. UNICEF har varnat f\u00f6r att minskat internationellt utvecklingsbist\u00e5nd och ekonomiska p\u00e5frestningar i fattigare l\u00e4nder kan hota \u00e5rtionden av framsteg n\u00e4r det g\u00e4ller att minska barnad\u00f6dligheten. Varningen kommer samtidigt som regeringar och hj\u00e4lporganisationer st\u00e4lls inf\u00f6r konkurrerande krav fr\u00e5n konflikter, f\u00f6rdrivning och ekonomisk press.<\/p>\n\n\n\n<h2 class=\"wp-block-heading\">Varf\u00f6r \u00e4r diplomatin kring Ukraina viktig?<\/h2>\n\n\n\n<p>Samtalen om Ukraina \u00e4r viktiga eftersom de utg\u00f6r ett f\u00f6rnyat f\u00f6rs\u00f6k att g\u00e5 fr\u00e5n milit\u00e4r upptrappning till en f\u00f6rhandlad l\u00f6sning. Ryssland och Ukraina har fortsatt att utv\u00e4xla attacker, samtidigt som b\u00e5da sidor har h\u00e5llit fast vid st\u00e5ndpunkter som g\u00f6r en \u00f6vergripande \u00f6verenskommelse sv\u00e5r att n\u00e5. Det senaste uppeh\u00e5llet ger en m\u00f6jlighet att pr\u00f6va om diplomati kan minska de omedelbara riskerna, men framg\u00e5ngen beror p\u00e5 om det leder till varaktig \u00e5terh\u00e5llsamhet och meningsfulla f\u00f6rhandlingar.<\/p>\n\n\n\n<p>F\u00f6r europeiska regeringar f\u00e5r utvecklingen konsekvenser som str\u00e4cker sig bortom slagf\u00e4ltet. Konflikten har p\u00e5verkat den regionala s\u00e4kerheten, energimarknaderna och den politiska debatten \u00f6ver hela kontinenten. Varje \u00f6verenskommelse skulle beh\u00f6va hantera inte bara ett slut p\u00e5 striderna, utan \u00e4ven Ukrainas och dess grannl\u00e4nders l\u00e5ngsiktiga s\u00e4kerhetsbehov. Samtalen \u00e4r d\u00e4rf\u00f6r fortsatt viktiga \u00e4ven om de inte leder till ett omedelbart genombrott.<\/p>\n\n\n\n<h2 class=\"wp-block-heading\">Hur p\u00e5verkar sp\u00e4nningarna i Mellan\u00f6stern den regionala stabiliteten?<\/h2>\n\n\n\n<p>Mellan\u00f6stern \u00e4r fortsatt en viktig k\u00e4lla till os\u00e4kerhet. Iran har anklagat USA f\u00f6r att ha avfyrat robotar mot ett iranskt oljefartyg n\u00e4ra Kharg Island, \u00e4ven om Washington inte har bekr\u00e4ftat h\u00e4ndelsen och inga d\u00f6dsfall har rapporterats. Anklagelsen \u00f6kar sp\u00e4nningarna kring Persiska viken, d\u00e4r sj\u00f6fartss\u00e4kerhet och energiinfrastruktur fortsatt \u00e4r k\u00e4nsliga fr\u00e5gor. Egyptens utrikesminister har uppmanat till f\u00f6rnyade f\u00f6rhandlingar mellan USA och Iran samt till nedtrappning f\u00f6r att skydda sj\u00f6farten.<\/p>\n\n\n\n<p>I Libanon uppges israeliska flyganfall ha d\u00f6dat tre personer och skadat fler \u00e4n 20 som svar p\u00e5 att Hizbollah har avfyrat en dr\u00f6nare. Utvecklingen visar hur sv\u00e5rt det \u00e4r att uppr\u00e4tth\u00e5lla befintliga \u00f6verenskommelser n\u00e4r milit\u00e4r aktivitet forts\u00e4tter. Situationen illustrerar ocks\u00e5 hur h\u00e4ndelser i en del av regionen kan p\u00e5verka bredare diplomatiska anstr\u00e4ngningar och s\u00e4kerhetsbed\u00f6mningar.<\/p>\n\n\n\n<h2 class=\"wp-block-heading\">Vad h\u00e4nder i Jemen och varf\u00f6r \u00e4r det viktigt?<\/h2>\n\n\n\n<p>Jemen st\u00e5r inf\u00f6r en ny upptrappning av striderna mellan internationellt erk\u00e4nda regeringsstyrkor och Iranst\u00f6dda Houthirebeller. Sammandrabbningar l\u00e4ngs v\u00e4stkusten uppges ha d\u00f6dat fler \u00e4n 60 personer, d\u00e4ribland civila, samtidigt som Houthierna har intensifierat sin offensiv kring Taiz och Hodeidah. V\u00e5ldet kommer efter att ett eldupph\u00f6r som hade bidragit till att minska intensiteten i landets l\u00e5ngvariga inb\u00f6rdeskrig har kollapsat.<\/p>\n\n\n\n<p>Konfliktens strategiska betydelse str\u00e4cker sig bortom Jemen. Bab al-Mandab-sundet \u00e4r en viktig sj\u00f6fartsled som f\u00f6rbinder R\u00f6da havet med Adenviken, och nya strider n\u00e4ra leden kan \u00f6ka riskerna f\u00f6r sj\u00f6farten. De humanit\u00e4ra konsekvenserna \u00e4r lika allvarliga: miljontals jemeniter \u00e4r fortsatt f\u00f6rdrivna eller i behov av hj\u00e4lp, och ytterligare st\u00f6rningar kan f\u00f6rv\u00e4rra livsmedelsos\u00e4kerheten.<\/p>\n\n\n\n<h2 class=\"wp-block-heading\">Hur f\u00f6r\u00e4ndras de humanit\u00e4ra riskerna runt om i v\u00e4rlden?<\/h2>\n\n\n\n<p>UNICEFs varning s\u00e4tter dagens geopolitiska utveckling i ett bredare sammanhang. Organisationen s\u00e4ger att minskat internationellt utvecklingsbist\u00e5nd och ekonomiska p\u00e5frestningar i l\u00e5ginkomstl\u00e4nder kan \u00e4ventyra framstegen inom barns \u00f6verlevnad. Oron g\u00e4ller att framsteg som uppn\u00e5tts under m\u00e5nga \u00e5r kan bli sv\u00e5rare att uppr\u00e4tth\u00e5lla om h\u00e4lso- och samh\u00e4llstj\u00e4nster f\u00f6rlorar finansiering.<\/p>\n\n\n\n<p>Klimatrelaterade risker \u00f6kar samtidigt pressen. En rapport fr\u00e5n V\u00e4rldsmeteorologiska organisationen som publicerades i maj uppgav att de globala temperaturerna sannolikt kommer att ligga kvar p\u00e5 eller n\u00e4ra rekordniv\u00e5er under de kommande fem \u00e5ren, samtidigt som uppv\u00e4rmningen i Arktis v\u00e4ntas forts\u00e4tta \u00f6verstiga det globala genomsnittet. Resultaten pekar p\u00e5 fortsatt press p\u00e5 samh\u00e4llen, infrastruktur och offentliga tj\u00e4nster, \u00e4ven om de inte f\u00f6ruts\u00e4ger exakt n\u00e4r eller hur allvarliga enskilda katastrofer blir.<\/p>\n\n\n\n<h2 class=\"wp-block-heading\">Vad b\u00f6r l\u00e4sarna f\u00f6lja h\u00e4rn\u00e4st?<\/h2>\n\n\n\n<p>Det omedelbara fokuset kommer att ligga p\u00e5 om samtalen om Ukraina leder till ett l\u00e4ngre eldupph\u00f6r eller ytterligare f\u00f6rhandlingar. Utvecklingen kring Persiska viken kr\u00e4ver ocks\u00e5 n\u00e4ra uppm\u00e4rksamhet, s\u00e4rskilt om anklagelserna om sj\u00f6fart eller milit\u00e4r aktivitet bekr\u00e4ftas. I Jemen \u00e4r den centrala fr\u00e5gan om de f\u00f6rnyade striderna kan begr\u00e4nsas innan de orsakar st\u00f6rre st\u00f6rningar f\u00f6r handel och humanit\u00e4r hj\u00e4lp.<\/p>\n\n\n\n<p>Det bredare v\u00e4rldsl\u00e4get pr\u00e4glas fortsatt av samspelet mellan konflikt, diplomati och ekonomisk motst\u00e5ndskraft. N\u00e4sta steg i Ukraina-initiativet, s\u00e4kerhetsl\u00e4get i Mellan\u00f6stern och hj\u00e4lporganisationernas m\u00f6jlighet att uppr\u00e4tth\u00e5lla grundl\u00e4ggande tj\u00e4nster kommer att bidra till att avg\u00f6ra om de p\u00e5g\u00e5ende kriserna l\u00e4ttar eller f\u00f6rdjupas. L\u00e4sarna b\u00f6r forts\u00e4tta att f\u00f6lja bekr\u00e4ftade uppgifter, eftersom diplomatiska besked och humanit\u00e4ra bed\u00f6mningar kan f\u00f6r\u00e4ndras snabbt.<\/p>\n","protected":false},"excerpt":{"rendered":"<p>V\u00e4rldsl\u00e4get den 5 september 2026 pr\u00e4glas av f\u00f6rnyade diplomatiska anstr\u00e4ngningar i Ukraina, fortsatta konflikter i Mellan\u00f6stern och v\u00e4xande humanit\u00e4ra p\u00e5frestningar. USA:s s\u00e4ndebud Steve Witkoff och Jared Kushner har anl\u00e4nt till Moskva f\u00f6r samtal med m\u00e5let att f\u00e5 ett slut p\u00e5 kriget i Ukraina, samtidigt som Ryssland och Ukraina har kommit \u00f6verens om ett tillf\u00e4lligt uppeh\u00e5ll<\/p>\n","protected":false},"author":4,"featured_media":7706,"comment_status":"closed","ping_status":"closed","sticky":false,"template":"","format":"standard","meta":{"footnotes":""},"categories":[4],"tags":[],"class_list":{"0":"post-7705","1":"post","2":"type-post","3":"status-publish","4":"format-standard","5":"has-post-thumbnail","7":"category-varlds-nyheter"},"_links":{"self":[{"href":"https:\/\/fokuset.com\/index.php\/wp-json\/wp\/v2\/posts\/7705","targetHints":{"allow":["GET"]}}],"collection":[{"href":"https:\/\/fokuset.com\/index.php\/wp-json\/wp\/v2\/posts"}],"about":[{"href":"https:\/\/fokuset.com\/index.php\/wp-json\/wp\/v2\/types\/post"}],"author":[{"embeddable":true,"href":"https:\/\/fokuset.com\/index.php\/wp-json\/wp\/v2\/users\/4"}],"replies":[{"embeddable":true,"href":"https:\/\/fokuset.com\/index.php\/wp-json\/wp\/v2\/comments?post=7705"}],"version-history":[{"count":1,"href":"https:\/\/fokuset.com\/index.php\/wp-json\/wp\/v2\/posts\/7705\/revisions"}],"predecessor-version":[{"id":7707,"href":"https:\/\/fokuset.com\/index.php\/wp-json\/wp\/v2\/posts\/7705\/revisions\/7707"}],"wp:featuredmedia":[{"embeddable":true,"href":"https:\/\/fokuset.com\/index.php\/wp-json\/wp\/v2\/media\/7706"}],"wp:attachment":[{"href":"https:\/\/fokuset.com\/index.php\/wp-json\/wp\/v2\/media?parent=7705"}],"wp:term":[{"taxonomy":"category","embeddable":true,"href":"https:\/\/fokuset.com\/index.php\/wp-json\/wp\/v2\/categories?post=7705"},{"taxonomy":"post_tag","embeddable":true,"href":"https:\/\/fokuset.com\/index.php\/wp-json\/wp\/v2\/tags?post=7705"}],"curies":[{"name":"wp","href":"https:\/\/api.w.org\/{rel}","templated":true}]}}