{"id":7702,"date":"2026-09-04T17:55:07","date_gmt":"2026-09-04T17:55:07","guid":{"rendered":"https:\/\/fokuset.com\/?p=7702"},"modified":"2026-09-04T17:55:09","modified_gmt":"2026-09-04T17:55:09","slug":"brasiliens-legend-formiga-vm-2027-kan-forandra-spelares-liv","status":"publish","type":"post","link":"https:\/\/fokuset.com\/index.php\/2026\/09\/04\/brasiliens-legend-formiga-vm-2027-kan-forandra-spelares-liv\/","title":{"rendered":"Brasiliens legend Formiga: VM 2027 kan f\u00f6r\u00e4ndra spelares liv"},"content":{"rendered":"\n<p>Brasiliens fotbollslegend Formiga s\u00e4ger att damernas fotbolls-VM 2027 kan f\u00f6r\u00e4ndra livet f\u00f6r otaliga spelare i Sydamerika. Hon beskriver turneringen som en m\u00f6jlighet att f\u00f6r\u00e4ndra damfotbollen och skapa nya v\u00e4gar f\u00f6r spelare som l\u00e4nge har saknat tillr\u00e4ckliga m\u00f6jligheter. Turneringen spelas i Brasilien den 24 juni\u201325 juli 2027 och blir den f\u00f6rsta dam-VM-turneringen i Sydamerika.<\/p>\n\n\n\n<h2 class=\"wp-block-heading\">Varf\u00f6r tror Formiga att dam-VM 2027 kan bli omv\u00e4lvande?<\/h2>\n\n\n\n<p>Formiga s\u00e4ger att turneringen kan f\u00f6r\u00e4ndra verkligheten f\u00f6r damfotbollen, inte bara i Brasilien utan ocks\u00e5 i grannl\u00e4nderna. Hennes huvudbudskap \u00e4r att talang finns i hela regionen, men att m\u00e5nga spelare inte f\u00e5r m\u00f6jlighet att utvecklas eftersom de saknar tillg\u00e5ng till bra anl\u00e4ggningar, tr\u00e4nare och t\u00e4vlingsm\u00f6jligheter.<\/p>\n\n\n\n<p>Den tidigare brasilianska landslagsspelaren beskriver VM som ett m\u00f6jligt \u201df\u00f6re och efter\u201d-\u00f6gonblick. Hon s\u00e4ger att turneringen kan bidra till att f\u00f6r\u00e4ndra uppfattningen hos m\u00e4nniskor som fortfarande inte tror att damfotboll kan vara en sport som f\u00f6r\u00e4ndrar liv.<\/p>\n\n\n\n<p>F\u00f6r Formiga handlar framg\u00e5ng d\u00e4rf\u00f6r inte bara om publik eller tv-tittare. Det handlar ocks\u00e5 om huruvida fler flickor kan b\u00f6rja spela fotboll, forts\u00e4tta inom sporten och se en realistisk m\u00f6jlighet till en professionell karri\u00e4r.<\/p>\n\n\n\n<h2 class=\"wp-block-heading\">Vad visar Brasiliens fotbollshistoria om utmaningarnas omfattning?<\/h2>\n\n\n\n<p>Formigas optimism kommer mot bakgrund av en sv\u00e5r historisk utveckling. Kvinnor i Brasilien f\u00f6rbj\u00f6ds att spela fotboll genom ett regeringsdekret fr\u00e5n 1941 till 1979. Perioden bromsade utvecklingen av damfotbollen och bidrog till de strukturella nackdelar som Formiga har talat om under sin karri\u00e4r.<\/p>\n\n\n\n<p>Hon s\u00e4ger att Europa och USA har gynnats av tidigare investeringar och utveckling, medan Brasilien har h\u00e5llits tillbaka av \u00e5rtionden utan j\u00e4mf\u00f6rbara m\u00f6jligheter. Samtidigt framh\u00e5ller hon att landet nu betraktas som en fotbollsmakt, men att framstegen m\u00e5ste forts\u00e4tta att visas i praktiken.<\/p>\n\n\n\n<p>Det \u00e4r en viktig skillnad. Brasiliens internationella rykte har inte alltid inneburit likv\u00e4rdiga villkor f\u00f6r damfotbollen. Formigas kommentarer tyder p\u00e5 att v\u00e4rdskapet b\u00f6r anv\u00e4ndas f\u00f6r att st\u00e4rka den inhemska sporten, inte ses som ett m\u00e5l i sig.<\/p>\n\n\n\n<h2 class=\"wp-block-heading\">Hur kan turneringen p\u00e5verka Brasiliens n\u00e4sta generation spelare?<\/h2>\n\n\n\n<p>Formiga tror att damfotbollens utveckling redan skapar fler m\u00f6jligheter f\u00f6r brasilianska spelare att skaffa sig erfarenhet utomlands. Hon lyfter fram v\u00e4rdet av att fotbollsspelare f\u00e5r l\u00e4ra sig olika tr\u00e4ningsmetoder och tar med sig kunskaperna tillbaka till landslaget och den inhemska fotbollen.<\/p>\n\n\n\n<p>Hon ber\u00f6mmer ocks\u00e5 Brasiliens f\u00f6rbundskapten Arthur Elias och hans stab f\u00f6r deras struktur f\u00f6r att utveckla spelare. Enligt henne ger det brasilianska damm\u00e4sterskapet tr\u00e4narna en bredare bild av den tillg\u00e4ngliga talangen och hj\u00e4lper unga fotbollsspelare att tro att en karri\u00e4r inom sporten \u00e4r m\u00f6jlig.<\/p>\n\n\n\n<p>Effekten kan d\u00e4rf\u00f6r str\u00e4cka sig l\u00e4ngre \u00e4n landslaget. En framg\u00e5ngsrik turnering kan uppmuntra fler att b\u00f6rja spela, h\u00f6ja statusen f\u00f6r de inhemska t\u00e4vlingarna och ge framv\u00e4xande spelare st\u00f6rre m\u00f6jligheter att uppt\u00e4ckas av klubbar och scouter.<\/p>\n\n\n\n<h2 class=\"wp-block-heading\">Vad s\u00e4ger Formigas egen karri\u00e4r om m\u00f6jligheten?<\/h2>\n\n\n\n<p>Formigas perspektiv v\u00e4ger tungt eftersom hon har upplevt flera generationer av damfotboll. Hon debuterade i Brasiliens landslag som 16-\u00e5ring, spelade professionellt i Frankrike och USA och avslutade sin karri\u00e4r 2022. Hon \u00e4r den enda fotbollsspelaren som har deltagit i sju upplagor av b\u00e5de damernas fotbolls-VM och de olympiska spelen.<\/p>\n\n\n\n<p>Tillsammans med Marta var hon n\u00e4ra att vinna VM 2007, d\u00e5 Brasilien f\u00f6rlorade finalen mot Tyskland. Hon har ocks\u00e5 vunnit tv\u00e5 olympiska silvermedaljer.<\/p>\n\n\n\n<p>Den bakgrunden hj\u00e4lper till att f\u00f6rklara varf\u00f6r hon ser 2027 \u00e5rs turnering som en milstolpe f\u00f6r spelare som f\u00e5r t\u00e4vla p\u00e5 hemmaplan. Hon s\u00e4ger att hon l\u00e4mnade fotbollen innan dr\u00f6mmen om ett VM i Brasilien blev verklighet, men att hon \u00e4r glad \u00f6ver att den nya generationen f\u00e5r m\u00f6jlighet att uppleva det.<\/p>\n\n\n\n<h2 class=\"wp-block-heading\">Kan Martas n\u00e4rvaro \u00f6ka betydelsen av Brasilien 2027?<\/h2>\n\n\n\n<p>Formiga hoppas att Marta ska finnas med i Brasiliens trupp till VM 2027, \u00e4ven om hon inte skulle vara ordinarie. Marta fyller 41 \u00e5r i februari, och Formiga beskriver henne som en viktig person i gruppen. Hon antyder ocks\u00e5 att turneringen skulle kunna bli ett passande avsked fr\u00e5n landslaget inf\u00f6r hemmapubliken.<\/p>\n\n\n\n<p>Martas medverkan \u00e4r dock inte bekr\u00e4ftad. Formigas uttalanden \u00e4r ett uttryck f\u00f6r st\u00f6d, inte ett besked om laguttagningen. Fr\u00e5gan om Brasiliens mest k\u00e4nda kvinnliga fotbollsspelare kommer att delta i turneringen \u00e4r d\u00e4rf\u00f6r fortfarande en av de stora ber\u00e4ttelserna att f\u00f6lja.<\/p>\n\n\n\n<h2 class=\"wp-block-heading\">Vilka utmaningar kan hindra VM fr\u00e5n att ge ett varaktigt arv?<\/h2>\n\n\n\n<p>Formigas bed\u00f6mning \u00e4r hoppfull, men den understryker ocks\u00e5 behovet av l\u00e5ngsiktiga investeringar. Hon s\u00e4ger att Brasiliens damfotboll har gjort framsteg, samtidigt som hon medger att Europa och USA har gynnats av tidigare strukturell utveckling. Hennes kommentarer tyder p\u00e5 att turneringens arv kommer att bero p\u00e5 om f\u00f6rb\u00e4ttringarna forts\u00e4tter efter finalen.<\/p>\n\n\n\n<p>Den tidigare mittf\u00e4ltaren har ocks\u00e5 talat om vikten av att uppm\u00e4rksamma de kvinnor som hj\u00e4lpte till att bygga sporten innan den fick st\u00f6rre synlighet. I februari sade hon att VM 2027 b\u00f6r ge varaktig respekt och erk\u00e4nnande \u00e5t spelare, domare och andra kvinnor som arbetar inom fotbollen.<\/p>\n\n\n\n<p>Det bredare perspektivet \u00e4r viktigt eftersom en framg\u00e5ngsrik turnering inte ensam kan l\u00f6sa alla underliggande problem. Anl\u00e4ggningar, tr\u00e4nare, t\u00e4vlingar och professionella m\u00f6jligheter kr\u00e4ver fortsatt uppm\u00e4rksamhet. Formigas budskap \u00e4r att VM kan p\u00e5skynda utvecklingen, men att arbetet m\u00e5ste forts\u00e4tta \u00e4ven efter turneringen.<\/p>\n\n\n\n<h2 class=\"wp-block-heading\">Vad kan Brasiliens VM-satsning betyda f\u00f6r landet?<\/h2>\n\n\n\n<p>Formiga tror att Brasilien har talangen som kr\u00e4vs f\u00f6r att vinna sitt f\u00f6rsta dam-VM, men hon varnar f\u00f6r att laget kommer att m\u00f6ta starkt motst\u00e5nd. Hennes kommentarer speglar balansen mellan ambition och realism: v\u00e4rdskapet skapar en viktig m\u00f6jlighet, men garanterar inte framg\u00e5ng p\u00e5 planen.<\/p>\n\n\n\n<p>Utsikterna att vinna p\u00e5 hemmaplan skulle ge turneringen ytterligare en dimension. Brasiliens herrlandslag har vunnit fem VM-titlar, medan damlandslaget har n\u00e5tt finalen men \u00e4nnu inte tagit hem titeln. En seger 2027 skulle d\u00e4rf\u00f6r vara b\u00e5de en stor idrottslig prestation och ett symboliskt \u00f6gonblick f\u00f6r damfotbollen.<\/p>\n\n\n\n<h2 class=\"wp-block-heading\">Vad h\u00e4nder h\u00e4rn\u00e4st inf\u00f6r dam-VM 2027?<\/h2>\n\n\n\n<p>Turneringen \u00e4r planerad att spelas den 24 juni\u201325 juli 2027. Brasilien st\u00e5r som v\u00e4rd, vilket ger landet m\u00f6jlighet att visa upp sin fotbollskultur samtidigt som damfotbollen f\u00e5r internationell uppm\u00e4rksamhet.<\/p>\n\n\n\n<p>F\u00f6r landslaget forts\u00e4tter f\u00f6rberedelserna under Arthur Elias. Det inhemska m\u00e4sterskapet och spelarnas erfarenheter utomlands \u00e4r viktiga delar av utvecklingsprocessen. Truppen \u00e4r d\u00e4remot \u00e4nnu inte uttagen, och fr\u00e5gan om Marta kommer att delta \u00e5terst\u00e5r att avg\u00f6ra.<\/p>\n\n\n\n<p>Det bredare testet kommer efter turneringen. Om Brasilien och dess grannl\u00e4nder kan omvandla synligheten fr\u00e5n dam-VM 2027 till starkare v\u00e4gar f\u00f6r unga spelare, b\u00e4ttre st\u00f6d och st\u00f6rre erk\u00e4nnande, kan Formigas f\u00f6ruts\u00e4gelse visa sig betydelsefull. Hennes kommentarer understryker varf\u00f6r t\u00e4vlingen betyder mer \u00e4n resultatet: den \u00e4r en m\u00f6jlighet att ge n\u00e4sta generation chanser som tidigare spelare nekades.<\/p>\n","protected":false},"excerpt":{"rendered":"<p>Brasiliens fotbollslegend Formiga s\u00e4ger att damernas fotbolls-VM 2027 kan f\u00f6r\u00e4ndra livet f\u00f6r otaliga spelare i Sydamerika. Hon beskriver turneringen som en m\u00f6jlighet att f\u00f6r\u00e4ndra damfotbollen och skapa nya v\u00e4gar f\u00f6r spelare som l\u00e4nge har saknat tillr\u00e4ckliga m\u00f6jligheter. Turneringen spelas i Brasilien den 24 juni\u201325 juli 2027 och blir den f\u00f6rsta dam-VM-turneringen i Sydamerika. Varf\u00f6r tror<\/p>\n","protected":false},"author":4,"featured_media":7703,"comment_status":"closed","ping_status":"closed","sticky":false,"template":"","format":"standard","meta":{"footnotes":""},"categories":[4],"tags":[],"class_list":{"0":"post-7702","1":"post","2":"type-post","3":"status-publish","4":"format-standard","5":"has-post-thumbnail","7":"category-varlds-nyheter"},"_links":{"self":[{"href":"https:\/\/fokuset.com\/index.php\/wp-json\/wp\/v2\/posts\/7702","targetHints":{"allow":["GET"]}}],"collection":[{"href":"https:\/\/fokuset.com\/index.php\/wp-json\/wp\/v2\/posts"}],"about":[{"href":"https:\/\/fokuset.com\/index.php\/wp-json\/wp\/v2\/types\/post"}],"author":[{"embeddable":true,"href":"https:\/\/fokuset.com\/index.php\/wp-json\/wp\/v2\/users\/4"}],"replies":[{"embeddable":true,"href":"https:\/\/fokuset.com\/index.php\/wp-json\/wp\/v2\/comments?post=7702"}],"version-history":[{"count":1,"href":"https:\/\/fokuset.com\/index.php\/wp-json\/wp\/v2\/posts\/7702\/revisions"}],"predecessor-version":[{"id":7704,"href":"https:\/\/fokuset.com\/index.php\/wp-json\/wp\/v2\/posts\/7702\/revisions\/7704"}],"wp:featuredmedia":[{"embeddable":true,"href":"https:\/\/fokuset.com\/index.php\/wp-json\/wp\/v2\/media\/7703"}],"wp:attachment":[{"href":"https:\/\/fokuset.com\/index.php\/wp-json\/wp\/v2\/media?parent=7702"}],"wp:term":[{"taxonomy":"category","embeddable":true,"href":"https:\/\/fokuset.com\/index.php\/wp-json\/wp\/v2\/categories?post=7702"},{"taxonomy":"post_tag","embeddable":true,"href":"https:\/\/fokuset.com\/index.php\/wp-json\/wp\/v2\/tags?post=7702"}],"curies":[{"name":"wp","href":"https:\/\/api.w.org\/{rel}","templated":true}]}}