{"id":7694,"date":"2026-09-02T16:20:43","date_gmt":"2026-09-02T16:20:43","guid":{"rendered":"https:\/\/fokuset.com\/?p=7694"},"modified":"2026-09-02T16:21:01","modified_gmt":"2026-09-02T16:21:01","slug":"eu-kampar-med-svaret-efter-att-tyskland-anklagat-ryssland-for-dronarattack","status":"publish","type":"post","link":"https:\/\/fokuset.com\/index.php\/2026\/09\/02\/eu-kampar-med-svaret-efter-att-tyskland-anklagat-ryssland-for-dronarattack\/","title":{"rendered":"EU k\u00e4mpar med svaret efter att Tyskland anklagat Ryssland f\u00f6r dr\u00f6narattack"},"content":{"rendered":"\n<p>Europeiska unionen har sv\u00e5rt att enas om ett effektivt svar efter att Tyskland anklagat Ryssland f\u00f6r att ligga bakom ett misslyckat dr\u00f6narattentat vid Leipzig\/Halle-flygplatsen. H\u00e4ndelsen har \u00f6kat oron f\u00f6r att Moskva anv\u00e4nder hybridkrigf\u00f6ring mot europeiska l\u00e4nder. Berlin uppger att underr\u00e4ttelser fr\u00e5n tyska och allierade myndigheter pekar p\u00e5 rysk inblandning i incidenten den 4 augusti, medan Moskva har avvisat anklagelserna och h\u00e4vdat att Tyskland fabricerar bevis. EU utrikesministrar \u00f6verv\u00e4ger nu ytterligare sanktioner och andra \u00e5tg\u00e4rder, samtidigt som medlemsl\u00e4nderna diskuterar hur l\u00e5ngt de kan g\u00e5 utan att utl\u00f6sa en bredare konfrontation med Ryssland.<\/p>\n\n\n\n<h2 class=\"wp-block-heading\">Vad h\u00e4nde vid Leipzig\/Halle-flygplatsen?<\/h2>\n\n\n\n<p>Incidenten intr\u00e4ffade den 4 augusti vid Leipzig\/Halle-flygplatsen, ett av Tysklands viktigaste nav f\u00f6r flygfrakt. En dr\u00f6nare utrustad med spr\u00e4ngmedel uppt\u00e4cktes i ett avsp\u00e4rrat omr\u00e5de n\u00e4ra ukrainska fraktflygplan, vilket ledde till att specialister kallades in f\u00f6r att oskadligg\u00f6ra enheten.<\/p>\n\n\n\n<p>Tyska myndigheter har d\u00e4refter uppgett att incidenten omfattade mer \u00e4n en dr\u00f6nare. Spr\u00e4ngmedlet och tekniken f\u00f6r utl\u00f6sning, tillsammans med dr\u00f6narens konstruktion, har blivit centrala delar av utredningen.<\/p>\n\n\n\n<p>Flygplatsen \u00e4r strategiskt viktig eftersom den hanterar omfattande fraktverksamhet och har haft en roll i logistiken kopplad till Ukraina och Nato. Detta har \u00f6kat oron i Berlin f\u00f6r att anl\u00e4ggningen kan ha valts ut p\u00e5 grund av dess betydelse f\u00f6r st\u00f6det till Ukraina.<\/p>\n\n\n\n<p>Tyska regeringen har beskrivit h\u00e4ndelsen som ett allvarligt f\u00f6rs\u00f6k att angripa transport- och logistikinfrastruktur. N\u00e5gra st\u00f6rre personskador eller omfattande materiella skador uppstod inte, eftersom spr\u00e4ngladdningen uppt\u00e4cktes och hanterades innan den kunde orsaka betydande skada.<\/p>\n\n\n\n<h2 class=\"wp-block-heading\">Varf\u00f6r anklagar Tyskland Ryssland f\u00f6r det misslyckade attentatet?<\/h2>\n\n\n\n<p>Tysklands inrikesminister Alexander Dobrindt sade att landets s\u00e4kerhetsmyndigheter, tillsammans med europeiska partnerorganisationer, hade identifierat flera tecken som pekar mot rysk inblandning.<\/p>\n\n\n\n<p>Enligt Berlin fann utredarna likheter mellan dr\u00f6narens konstruktion, komponenter, spr\u00e4ngmedel och utl\u00f6sningsteknik och utrustning som har kopplats till tidigare ryska hybridoperationer och kriget i Ukraina.<\/p>\n\n\n\n<p>Dobrindt sade att bevisen tydde p\u00e5 att Ryssland hade tillhandah\u00e5llit kunskap och utrustning, medan personer p\u00e5 l\u00e4gre niv\u00e5 kan ha rekryterats f\u00f6r att genomf\u00f6ra operationen. Tyska myndigheter har dock inte offentliggjort all underr\u00e4ttelseinformation som ligger till grund f\u00f6r bed\u00f6mningen.<\/p>\n\n\n\n<p>Denna skillnad \u00e4r viktig. Berlin g\u00f6r en anklagelse p\u00e5 statsniv\u00e5, men en stor del av det bakomliggande underr\u00e4ttelsematerialet \u00e4r fortfarande hemligst\u00e4mplat. D\u00e4rf\u00f6r kan Rysslands p\u00e5st\u00e5dda roll inte oberoende verifieras utifr\u00e5n de offentliga uppgifter som finns tillg\u00e4ngliga.<\/p>\n\n\n\n<p>Tysklands utrikesminister Johann Wadephul har sagt att regeringen inte kan till\u00e5ta att Ryssland tror att s\u00e5dan verksamhet kan genomf\u00f6ras utan konsekvenser. Berlin ser d\u00e4rf\u00f6r h\u00e4ndelsen som en del av ett bredare s\u00e4kerhetshot snarare \u00e4n som en isolerad incident inom flygsektorn.<\/p>\n\n\n\n<h2 class=\"wp-block-heading\">Hur har Ryssland svarat p\u00e5 Tysklands anklagelser?<\/h2>\n\n\n\n<p>Moskva har kategoriskt f\u00f6rnekat all inblandning i incidenten vid Leipzig\/Halle.<\/p>\n\n\n\n<p>Ryska f\u00f6retr\u00e4dare har beskrivit Tysklands anklagelser som ogrundade och politiskt motiverade. President Vladimir Putin har anklagat Berlin f\u00f6r att anv\u00e4nda fabricerade bevis f\u00f6r att motivera \u00e5tg\u00e4rder mot Ryssland och varnat f\u00f6r att Tysklands agerande \u00e4r ett allvarligt misstag.<\/p>\n\n\n\n<p>Den ryska regeringen har ocks\u00e5 signalerat att den kommer att svara p\u00e5 \u00e5tg\u00e4rder som den betraktar som fientliga mot Ryssland. Ett s\u00e5dant svar kan bland annat inneb\u00e4ra diplomatiska mot\u00e5tg\u00e4rder, s\u00e4rskilt efter Berlins beslut att st\u00e4nga ryska diplomatiska och kulturella institutioner.<\/p>\n\n\n\n<p>De motstridiga uppgifterna inneb\u00e4r att ansvarsfr\u00e5gan fortfarande \u00e4r omtvistad. Tyskland h\u00e4vdar att underr\u00e4ttelser och kriminaltekniska fynd st\u00f6der landets slutsats, medan Ryssland menar att Berlin inte har lagt fram \u00f6vertygande offentliga bevis.<\/p>\n\n\n\n<h2 class=\"wp-block-heading\">Vilka \u00e5tg\u00e4rder har Tyskland vidtagit mot Moskva?<\/h2>\n\n\n\n<p>Berlin har g\u00e5tt l\u00e4ngre \u00e4n att bara framf\u00f6ra en diplomatisk protest.<\/p>\n\n\n\n<p>Tyskland har beslutat att st\u00e4nga Rysslands generalkonsulat i Bonn, med \u00e5tg\u00e4rden planerad att tr\u00e4da i kraft den 18 september. Tyskland har ocks\u00e5 meddelat planer p\u00e5 att st\u00e4nga det ryska kulturinstitutet i Berlin och sk\u00e4rpa kontrollerna f\u00f6r ryska medborgare som reser in i landet.<\/p>\n\n\n\n<p>Den tyska regeringen vill dessutom verka f\u00f6r att fler personer och organisationer med kopplingar till ryska hybridoperationer ska omfattas av EU sanktionslistor.<\/p>\n\n\n\n<p>Berlin vill \u00e4ven se h\u00e5rdare \u00e5tg\u00e4rder mot den s\u00e5 kallade ryska skuggflottan, ett n\u00e4tverk av fartyg som i stor utstr\u00e4ckning f\u00f6rknippas med f\u00f6rs\u00f6k att kringg\u00e5 v\u00e4stliga restriktioner mot rysk energiexport.<\/p>\n\n\n\n<p>\u00c5tg\u00e4rderna visar att Tyskland betraktar flygplatsincidenten som en del av ett bredare m\u00f6nster av p\u00e5st\u00e5dd rysk verksamhet som omfattar spionage, sabotage, cyberoperationer och f\u00f6rs\u00f6k att st\u00f6ra st\u00f6det till Ukraina.<\/p>\n\n\n\n<h2 class=\"wp-block-heading\">Varf\u00f6r har EU sv\u00e5rt att hitta ett effektivt svar?<\/h2>\n\n\n\n<p>EU centrala problem \u00e4r att avg\u00f6ra hur Ryssland ska drabbas av k\u00e4nnbara konsekvenser utan att konflikten eskalerar till en farligare niv\u00e5.<\/p>\n\n\n\n<p>Unionen har redan inf\u00f6rt mer \u00e4n 20 sanktionspaket mot Ryssland sedan den fullskaliga invasionen av Ukraina 2022. Tusentals ryska personer och organisationer omfattas redan av restriktioner.<\/p>\n\n\n\n<p>Det begr\u00e4nsar antalet traditionella ekonomiska \u00e5tg\u00e4rder som kan inf\u00f6ras utan att p\u00e5verka europeiska f\u00f6retag eller skapa konflikter mellan medlemsl\u00e4nderna.<\/p>\n\n\n\n<p>EU utrikespolitiska chef Kaja Kallas har \u00e4nd\u00e5 sagt att f\u00f6rberedelser f\u00f6r ytterligare \u00e5tg\u00e4rder p\u00e5g\u00e5r. EU \u00f6verv\u00e4ger sanktioner mot fler personer och f\u00f6retag med koppling till den ryska milit\u00e4rindustriella sektorn.<\/p>\n\n\n\n<p>Kallas har beskrivit incidenten vid Leipzig\/Halle som n\u00e5got som uppvisar drag av statssponsrad terrorism, vilket understryker hur allvarligt Bryssel ser p\u00e5 anklagelserna. Att omvandla den politiska f\u00f6rd\u00f6melsen till ett gemensamt sanktionspaket \u00e4r dock komplicerat eftersom EU-l\u00e4nderna m\u00e5ste enas om sanktionerna.<\/p>\n\n\n\n<h2 class=\"wp-block-heading\">Kan EU inf\u00f6ra h\u00e5rdare sanktioner mot Ryssland?<\/h2>\n\n\n\n<p>Ytterligare sanktioner \u00e4r ett av de mest omedelbara alternativen f\u00f6r de europeiska regeringarna.<\/p>\n\n\n\n<p>EU-l\u00e4nderna diskuterar restriktioner mot ryska f\u00f6retag och personer med koppling till f\u00f6rsvarssektorn samt ytterligare \u00e5tg\u00e4rder mot skuggflottan. Vissa regeringar vill ocks\u00e5 se h\u00e5rdare \u00e5tg\u00e4rder mot ryska tillg\u00e5ngar och n\u00e4tverk som p\u00e5st\u00e5s st\u00f6dja hemliga operationer i Europa.<\/p>\n\n\n\n<p>Utmaningen \u00e4r att sanktioner \u00e4r mest effektiva n\u00e4r de \u00e4r samordnade och m\u00f6jliga att genomf\u00f6ra. Ett bredare sanktionssystem kan samtidigt skapa ekonomiska och juridiska komplikationer, s\u00e4rskilt d\u00e4r europeiska f\u00f6retag fortfarande har exponering mot ryskrelaterade kommersiella strukturer.<\/p>\n\n\n\n<p>Det finns ocks\u00e5 en strategisk avv\u00e4gning. Europeiska regeringar vill visa att attacker eller f\u00f6rs\u00f6k till attacker mot EU territorium f\u00e5r konsekvenser, men de vill samtidigt f\u00f6rhindra att enskilda incidenter leder till en okontrollerad spiral av vederg\u00e4llning.<\/p>\n\n\n\n<h2 class=\"wp-block-heading\">Vad inneb\u00e4r incidenten f\u00f6r Europas s\u00e4kerhet?<\/h2>\n\n\n\n<p>Leipzig-fallet har f\u00f6rst\u00e4rkt farh\u00e5gorna om att kriget i Ukraina i allt h\u00f6gre grad p\u00e5verkar Europas s\u00e4kerhet \u00e4ven utanf\u00f6r sj\u00e4lva slagf\u00e4ltet.<\/p>\n\n\n\n<p>Europeiska myndigheter har registrerat ett v\u00e4xande antal incidenter som r\u00f6r misst\u00e4nkt sabotage, cyberattacker, spionage, mordbrand och st\u00f6rningar mot infrastruktur sedan Rysslands fullskaliga invasion. Associated Press har dokumenterat omkring 200 incidenter med misst\u00e4nkt sabotage och annan skadlig verksamhet i Europa under denna period.<\/p>\n\n\n\n<p>S\u00e5dana aktiviteter beskrivs ofta som hybridkrigf\u00f6ring eftersom de befinner sig mellan konventionell milit\u00e4r konflikt och vanlig brottslighet.<\/p>\n\n\n\n<p>F\u00f6r europeiska regeringar ligger en del av sv\u00e5righeten i att reagera proportionerligt. En hemlig operation kan orsaka betydande st\u00f6rningar utan att n\u00e5 den niv\u00e5 som normalt skulle leda till ett konventionellt milit\u00e4rt svar.<\/p>\n\n\n\n<p>Leipzig\/Halle-incidenten \u00e4r s\u00e4rskilt k\u00e4nslig eftersom en flygplats enligt de tyska anklagelserna ska ha varit m\u00e5ltavla f\u00f6r en operation med spr\u00e4ngmedel. Det v\u00e4cker fr\u00e5gor om skyddet av kritisk infrastruktur, flygs\u00e4kerhet och anl\u00e4ggningar som st\u00f6der Europas hj\u00e4lp till Ukraina.<\/p>\n\n\n\n<h2 class=\"wp-block-heading\">Hur har Nato och Europas allierade reagerat?<\/h2>\n\n\n\n<p>Nato har uttryckt sitt st\u00f6d f\u00f6r Tyskland efter anklagelserna.<\/p>\n\n\n\n<p>Generalsekreterare Mark Rutte har sagt att alliansen st\u00e5r bakom Tyskland och att Nato kommer att f\u00f6rsvara sina medlemsl\u00e4nder mot hot. Europeiska l\u00e4nder som Polen, Italien, Sverige och Tjeckien har ocks\u00e5 uttryckt solidaritet med Berlin.<\/p>\n\n\n\n<p>EU-kommissionen har p\u00e5 motsvarande s\u00e4tt st\u00f6tt Tyskland. Kommissionens ordf\u00f6rande Ursula von der Leyen har sagt att EU f\u00f6rblir enat trots det hon beskriver som allt allvarligare incidenter.<\/p>\n\n\n\n<p>Tyskland har dock hittills valt att inte \u00e5beropa artikel 4 i Nordatlantiska f\u00f6rdraget. Artikeln g\u00f6r det m\u00f6jligt f\u00f6r ett Nato-land att beg\u00e4ra samr\u00e5d n\u00e4r landet anser att dess s\u00e4kerhet eller territoriella integritet \u00e4r hotad.<\/p>\n\n\n\n<p>Beslutet tyder p\u00e5 att Berlin vill se ett kraftfullt gemensamt svar utan att samtidigt ta ett steg som skulle kunna h\u00f6ja de milit\u00e4ra och politiska insatserna betydligt.<\/p>\n\n\n\n<h2 class=\"wp-block-heading\">Varf\u00f6r \u00e4r Leipzig-fallet viktigt f\u00f6r Ukraina?<\/h2>\n\n\n\n<p>Incidenten intr\u00e4ffar samtidigt som europeiska regeringar forts\u00e4tter att ge Ukraina milit\u00e4rt, ekonomiskt och politiskt st\u00f6d, mer \u00e4n fyra \u00e5r efter Rysslands fullskaliga invasion.<\/p>\n\n\n\n<p>Leipzig\/Halle-flygplatsen har strategisk betydelse f\u00f6r Ukraina-relaterad frakt och logistik. Det g\u00f6r anl\u00e4ggningen till en potentiellt betydelsefull m\u00e5ltavla om de tyska anklagelserna visar sig vara korrekta.<\/p>\n\n\n\n<p>Kyiv har v\u00e4lkomnat Tysklands agerande och har vid upprepade tillf\u00e4llen varnat europeiska regeringar f\u00f6r att Rysslands krigf\u00f6ringsmetoder i allt h\u00f6gre grad str\u00e4cker sig utanf\u00f6r Ukrainas gr\u00e4nser.<\/p>\n\n\n\n<p>Fallet illustrerar ocks\u00e5 det s\u00e4kerhetspolitiska dilemma som europeiska l\u00e4nder st\u00e5r inf\u00f6r. St\u00f6d till Ukraina kan g\u00f6ra infrastruktur, f\u00f6rsvarsf\u00f6retag och transportn\u00e4tverk till potentiella m\u00e5ltavlor f\u00f6r fientlig verksamhet, samtidigt som minskat st\u00f6d skulle kunna skapa ett tryck att l\u00e5ta p\u00e5st\u00e5dd utpressning p\u00e5verka Europas politik.<\/p>\n\n\n\n<h2 class=\"wp-block-heading\">Vad h\u00e4nder h\u00e4rn\u00e4st f\u00f6r EU och Ryssland?<\/h2>\n\n\n\n<p>EU utrikesministrar v\u00e4ntas forts\u00e4tta diskutera ytterligare sanktioner och \u00e5tg\u00e4rder mot Ryssland. Det omedelbara fokuset kommer sannolikt att ligga p\u00e5 att utvidga befintliga restriktioner snarare \u00e4n att inf\u00f6ra en helt ny form av vederg\u00e4llning.<\/p>\n\n\n\n<p>Tyskland kommer samtidigt att forts\u00e4tta sin nationella utredning av incidenten vid Leipzig\/Halle och relaterade misstankar om sabotage. Europeiska regeringar v\u00e4ntas dessutom \u00f6ka bevakningen av kritisk infrastruktur och st\u00e4rka samarbetet mellan underr\u00e4ttelse- och s\u00e4kerhetsmyndigheter.<\/p>\n\n\n\n<p>Ryssland kommer sannolikt att forts\u00e4tta f\u00f6rneka anklagelserna och kan vidta mot\u00e5tg\u00e4rder mot Tyskland eller andra europeiska l\u00e4nder om nya restriktioner inf\u00f6rs.<\/p>\n\n\n\n<p>Den bredare betydelsen av dr\u00f6narincidenten vid Leipzig\/Halle str\u00e4cker sig d\u00e4rf\u00f6r l\u00e5ngt bortom en enskild tysk flygplats. Om europeiska regeringar drar slutsatsen att Ryssland medvetet genomf\u00f6r hemliga operationer p\u00e5 EU territorium kommer trycket att \u00f6ka f\u00f6r gemensamma s\u00e4kerhets\u00e5tg\u00e4rder. Samtidigt m\u00e5ste EU v\u00e4ga behovet av avskr\u00e4ckning mot risken f\u00f6r eskalering.<\/p>\n\n\n\n<p>F\u00f6r Europas inv\u00e5nare kommer n\u00e4sta fas d\u00e4rf\u00f6r att vara viktig att f\u00f6lja. Nya incidenter, ytterligare sanktioner och eventuella samordnade \u00e5tg\u00e4rder fr\u00e5n EU och Nato kan avg\u00f6ra hur den europeiska s\u00e4kerhetspolitiken utvecklas. Den l\u00e5ngsiktiga effekten kommer inte bara att bero p\u00e5 hur kraftfullt Europa reagerar, utan ocks\u00e5 p\u00e5 om EU 27 medlemsl\u00e4nder kan beh\u00e5lla en gemensam linje samtidigt som de hanterar de v\u00e4xande s\u00e4kerhetsriskerna kring kriget i Ukraina.<\/p>\n\n\n\n<p><\/p>\n","protected":false},"excerpt":{"rendered":"<p>Europeiska unionen har sv\u00e5rt att enas om ett effektivt svar efter att Tyskland anklagat Ryssland f\u00f6r att ligga bakom ett misslyckat dr\u00f6narattentat vid Leipzig\/Halle-flygplatsen. H\u00e4ndelsen har \u00f6kat oron f\u00f6r att Moskva anv\u00e4nder hybridkrigf\u00f6ring mot europeiska l\u00e4nder. Berlin uppger att underr\u00e4ttelser fr\u00e5n tyska och allierade myndigheter pekar p\u00e5 rysk inblandning i incidenten den 4 augusti, medan<\/p>\n","protected":false},"author":4,"featured_media":7697,"comment_status":"closed","ping_status":"closed","sticky":false,"template":"","format":"standard","meta":{"footnotes":""},"categories":[4],"tags":[],"class_list":{"0":"post-7694","1":"post","2":"type-post","3":"status-publish","4":"format-standard","5":"has-post-thumbnail","7":"category-varlds-nyheter"},"_links":{"self":[{"href":"https:\/\/fokuset.com\/index.php\/wp-json\/wp\/v2\/posts\/7694","targetHints":{"allow":["GET"]}}],"collection":[{"href":"https:\/\/fokuset.com\/index.php\/wp-json\/wp\/v2\/posts"}],"about":[{"href":"https:\/\/fokuset.com\/index.php\/wp-json\/wp\/v2\/types\/post"}],"author":[{"embeddable":true,"href":"https:\/\/fokuset.com\/index.php\/wp-json\/wp\/v2\/users\/4"}],"replies":[{"embeddable":true,"href":"https:\/\/fokuset.com\/index.php\/wp-json\/wp\/v2\/comments?post=7694"}],"version-history":[{"count":1,"href":"https:\/\/fokuset.com\/index.php\/wp-json\/wp\/v2\/posts\/7694\/revisions"}],"predecessor-version":[{"id":7698,"href":"https:\/\/fokuset.com\/index.php\/wp-json\/wp\/v2\/posts\/7694\/revisions\/7698"}],"wp:featuredmedia":[{"embeddable":true,"href":"https:\/\/fokuset.com\/index.php\/wp-json\/wp\/v2\/media\/7697"}],"wp:attachment":[{"href":"https:\/\/fokuset.com\/index.php\/wp-json\/wp\/v2\/media?parent=7694"}],"wp:term":[{"taxonomy":"category","embeddable":true,"href":"https:\/\/fokuset.com\/index.php\/wp-json\/wp\/v2\/categories?post=7694"},{"taxonomy":"post_tag","embeddable":true,"href":"https:\/\/fokuset.com\/index.php\/wp-json\/wp\/v2\/tags?post=7694"}],"curies":[{"name":"wp","href":"https:\/\/api.w.org\/{rel}","templated":true}]}}