{"id":5228,"date":"2025-03-17T09:02:14","date_gmt":"2025-03-17T09:02:14","guid":{"rendered":"https:\/\/fokuset.com\/?p=5228"},"modified":"2025-03-17T09:02:16","modified_gmt":"2025-03-17T09:02:16","slug":"cilla-benko-radion-ar-viktigare-an-nagonsin-for-demokrati-och-fortroende","status":"publish","type":"post","link":"https:\/\/fokuset.com\/index.php\/2025\/03\/17\/cilla-benko-radion-ar-viktigare-an-nagonsin-for-demokrati-och-fortroende\/","title":{"rendered":"Cilla Benk\u00f6: Radion \u00e4r viktigare \u00e4n n\u00e5gonsin f\u00f6r demokrati och f\u00f6rtroende"},"content":{"rendered":"\n<p>Cilla Benk\u00f6, med en karri\u00e4r som b\u00f6rjade p\u00e5 Sveriges Radios sportredaktion, innehar nu positionen som VD och generaldirekt\u00f6r f\u00f6r Sveriges Radio. Under Radiodays Europe 2025 i Aten delade hon med sig av sina erfarenheter och insikter om radions framtid.<\/p>\n\n\n\n<p>N\u00e4r hon b\u00f6rjade p\u00e5 Sveriges Radio ifr\u00e5gasatte m\u00e5nga hennes val att g\u00e5 in i en bransch som ans\u00e5gs vara p\u00e5 v\u00e4g att d\u00f6 ut. Samma fr\u00e5gor st\u00e4lldes n\u00e4r hon blev VD, med kommentarer om att framtiden tillh\u00f6rde videoformatet. Trots dessa farh\u00e5gor har radion st\u00e5tt stark, och Sveriges Radio har idag fler lyssnare \u00e4n 2023, inklusive en yngre publik.<\/p>\n\n\n\n<p>Radions lyssnande har utvecklats bortom traditionella s\u00e4ndare, med starka livepubliker \u00f6ver flera plattformar. Som Sveriges offentliga tj\u00e4nstebroadcaster ser Benk\u00f6 sitt uppdrag som s\u00e4rskilt viktigt i dagens turbulenta tider.<\/p>\n\n\n\n<p>Hon uttryckte oro \u00f6ver de 145 journalister som d\u00f6dades f\u00f6rra \u00e5ret, fr\u00e4mst i Gaza, och betonade att dessa journalister fungerar som v\u00e4rldens \u00f6gon och \u00f6ron. Benk\u00f6 noterade ocks\u00e5 att vissa sociala medieplattformar och kommersiella s\u00e4ndningsf\u00f6retag kritiserar offentliga s\u00e4ndare. Hon betonade vikten av att f\u00f6rbli lugn och forts\u00e4tta uppdraget att informera och ge perspektiv, samtidigt som man erbjuder hopp, underh\u00e5llning och musik f\u00f6r att beh\u00e5lla publiken.<\/p>\n\n\n\n<p>Under konferensen v\u00e4lkomnade Benk\u00f6 en delegation av s\u00e4ndare fr\u00e5n Ukraina och delade sina l\u00e4rdomar fr\u00e5n sitt bes\u00f6k d\u00e4r f\u00f6rra \u00e5ret. Hon noterade att efter tre \u00e5r av krig blir den ukrainska publiken tr\u00f6tt p\u00e5 krigsnyheter och v\u00e4nder sig till underh\u00e5llning f\u00f6r att h\u00e5lla hoppet uppe. Hon betonade behovet av att tillhandah\u00e5lla en m\u00e5ngfald av inneh\u00e5ll f\u00f6r att m\u00f6ta publikens behov.<\/p>\n\n\n\n<p>Benk\u00f6 avslutade med att understryka att radion inte \u00e4r ett d\u00f6ende medium, utan snarare viktigare \u00e4n n\u00e5gonsin.<\/p>\n\n\n\n<p>L\u00e4s ocks\u00e5: <a href=\"https:\/\/fokuset.com\/index.php\/2025\/03\/05\/svenska-konstnaren-fia-backstrom-leder-broderikurs-i-west-virginia-inspirerad-av-buffalo-creek-katastrofen\/\">Svenska konstn\u00e4ren Fia Backstr\u00f6m leder broderikurs i West Virginia inspirerad av Buffalo Creek-katastrofen<\/a><\/p>\n\n\n\n<p>Charles-Emmanuel Bon, generalsekreterare f\u00f6r Radio France, betonade ocks\u00e5 vikten av offentliga tj\u00e4nstemedier f\u00f6r demokratin. Han framh\u00f6ll att radio \u00e4r ett av de mest betrodda medierna och spelar en avg\u00f6rande roll f\u00f6r att skapa en gemensam verklighetsuppfattning, vilket \u00e4r viktigt f\u00f6r att bevara demokratin.<\/p>\n\n\n\n<p>Steve Ahern betonade vikten av sanning och f\u00f6rtroende f\u00f6r offentliga tj\u00e4nstemedier. Han p\u00e5pekade att f\u00f6rtroende byggs \u00f6ver tid och att publiken litar p\u00e5 personer de k\u00e4nner och har en relation till, s\u00e4rskilt inom prat-radio. I en tid d\u00e4r vissa medier f\u00f6renklar fr\u00e5gor f\u00f6r mycket, betonade Ahern att de b\u00e4sta offentliga tj\u00e4nstebroadcasterna inte \u00e4r r\u00e4dda f\u00f6r att f\u00f6rklara komplexitet och g\u00f6ra det engagerande f\u00f6r publiken.<\/p>\n\n\n\n<p>Sammantaget framh\u00f6lls under Radiodays Europe 2025 radions best\u00e5ende relevans och dess viktiga roll i att informera, underh\u00e5lla och uppr\u00e4tth\u00e5lla demokratin i en st\u00e4ndigt f\u00f6r\u00e4nderlig mediev\u00e4rld.<\/p>\n\n\n\n<p>Denna artikel \u00e4r ursprungligen <a href=\"https:\/\/radioinfo.com.au\/news\/dont-be-fooled-public-service-media-is-more-important-than-ever-rde25\/\" rel=\"nofollow noopener\" target=\"_blank\">publicerad p\u00e5<\/a> radioinfo.com.au<\/p>\n","protected":false},"excerpt":{"rendered":"<p>Cilla Benk\u00f6, med en karri\u00e4r som b\u00f6rjade p\u00e5 Sveriges Radios sportredaktion, innehar nu positionen som VD och generaldirekt\u00f6r f\u00f6r Sveriges Radio. Under Radiodays Europe 2025 i Aten delade hon med sig av sina erfarenheter och insikter om radions framtid. N\u00e4r hon b\u00f6rjade p\u00e5 Sveriges Radio ifr\u00e5gasatte m\u00e5nga hennes val att g\u00e5 in i en bransch<\/p>\n","protected":false},"author":2,"featured_media":5229,"comment_status":"open","ping_status":"open","sticky":false,"template":"","format":"standard","meta":{"footnotes":""},"categories":[5],"tags":[],"class_list":{"0":"post-5228","1":"post","2":"type-post","3":"status-publish","4":"format-standard","5":"has-post-thumbnail","7":"category-underhallning"},"_links":{"self":[{"href":"https:\/\/fokuset.com\/index.php\/wp-json\/wp\/v2\/posts\/5228","targetHints":{"allow":["GET"]}}],"collection":[{"href":"https:\/\/fokuset.com\/index.php\/wp-json\/wp\/v2\/posts"}],"about":[{"href":"https:\/\/fokuset.com\/index.php\/wp-json\/wp\/v2\/types\/post"}],"author":[{"embeddable":true,"href":"https:\/\/fokuset.com\/index.php\/wp-json\/wp\/v2\/users\/2"}],"replies":[{"embeddable":true,"href":"https:\/\/fokuset.com\/index.php\/wp-json\/wp\/v2\/comments?post=5228"}],"version-history":[{"count":1,"href":"https:\/\/fokuset.com\/index.php\/wp-json\/wp\/v2\/posts\/5228\/revisions"}],"predecessor-version":[{"id":5230,"href":"https:\/\/fokuset.com\/index.php\/wp-json\/wp\/v2\/posts\/5228\/revisions\/5230"}],"wp:featuredmedia":[{"embeddable":true,"href":"https:\/\/fokuset.com\/index.php\/wp-json\/wp\/v2\/media\/5229"}],"wp:attachment":[{"href":"https:\/\/fokuset.com\/index.php\/wp-json\/wp\/v2\/media?parent=5228"}],"wp:term":[{"taxonomy":"category","embeddable":true,"href":"https:\/\/fokuset.com\/index.php\/wp-json\/wp\/v2\/categories?post=5228"},{"taxonomy":"post_tag","embeddable":true,"href":"https:\/\/fokuset.com\/index.php\/wp-json\/wp\/v2\/tags?post=5228"}],"curies":[{"name":"wp","href":"https:\/\/api.w.org\/{rel}","templated":true}]}}