{"id":5215,"date":"2025-03-11T11:06:25","date_gmt":"2025-03-11T11:06:25","guid":{"rendered":"https:\/\/fokuset.com\/?p=5215"},"modified":"2025-03-11T11:06:29","modified_gmt":"2025-03-11T11:06:29","slug":"sapo-varnar-for-forsamrad-sakerhetssituation-i-sverige","status":"publish","type":"post","link":"https:\/\/fokuset.com\/index.php\/2025\/03\/11\/sapo-varnar-for-forsamrad-sakerhetssituation-i-sverige\/","title":{"rendered":"S\u00e4po varnar f\u00f6r f\u00f6rs\u00e4mrad s\u00e4kerhetssituation i Sverige"},"content":{"rendered":"\n<p>Sveriges s\u00e4kerhetspolis (S\u00e4po) varnade p\u00e5 tisdagen f\u00f6r en allvarlig s\u00e4kerhetssituation i Sverige och pekade p\u00e5 tydliga risker f\u00f6r att l\u00e4get kan f\u00f6rs\u00e4mras ytterligare. I sin \u00e5rliga rapport om hot mot landet framh\u00f6ll S\u00e4po att utl\u00e4ndska makter agerar p\u00e5 s\u00e4tt som hotar Sveriges s\u00e4kerhet och destabiliserar b\u00e5de Sverige och Europa genom hybridaktiviteter.<\/p>\n\n\n\n<p>Rapporten beskriver hur fr\u00e4mmande makter som Ryssland, Kina och Iran anv\u00e4nder olika metoder f\u00f6r att p\u00e5verka och f\u00f6rsvaga Sveriges s\u00e4kerhet. Dessa aktiviteter inkluderar allt fr\u00e5n v\u00e5ldsamma attacker och hybridkrigf\u00f6ring till f\u00f6retags- och industrispionage. S\u00e4po har under de senaste \u00e5ren uttryckt oro \u00f6ver den v\u00e4xande hotbilden fr\u00e5n b\u00e5de statliga akt\u00f6rer och extremistgrupper som f\u00f6rs\u00f6ker p\u00e5verka den svenska stabiliteten.<\/p>\n\n\n\n<p>Charlotte von Essen, S\u00e4pos chef, betonade i ett uttalande att situationen \u00e4r mycket oroande. &#8220;Det finns en p\u00e5taglig risk att s\u00e4kerhetsl\u00e4get kan f\u00f6rs\u00e4mras ytterligare, och det kan ske p\u00e5 ett s\u00e4tt som \u00e4r sv\u00e5rt att f\u00f6rutse,&#8221; sade von Essen. Hon p\u00e5pekade att hotbilden st\u00e4ndigt f\u00f6r\u00e4ndras och att Sverige m\u00e5ste vara berett p\u00e5 snabba f\u00f6r\u00e4ndringar i det s\u00e4kerhetspolitiska l\u00e4get.<\/p>\n\n\n\n<p>Hybridaktiviteter fr\u00e5n fr\u00e4mmande makter inkluderar desinformationskampanjer, cyberattacker och p\u00e5verkansoperationer riktade mot politiska och ekonomiska institutioner i Sverige. S\u00e4po pekar s\u00e4rskilt p\u00e5 att Ryssland har intensifierat sina f\u00f6rs\u00f6k att p\u00e5verka den svenska opinionen och skapa splittring inom samh\u00e4llet.<\/p>\n\n\n\n<p>L\u00e4s ocks\u00e5: <a href=\"https:\/\/fokuset.com\/index.php\/2023\/09\/12\/kim-jong-un-framme-i-ryssland\/\">Kim Jong-Un framme i Ryssland<\/a><\/p>\n\n\n\n<p>Kina och Iran n\u00e4mns ocks\u00e5 som l\u00e4nder som bedriver spionage och underr\u00e4ttelseverksamhet i Sverige. Kinas strategiska m\u00e5l \u00e4r enligt S\u00e4po att f\u00e5 tillg\u00e5ng till teknologisk och industriell information, medan Iran fr\u00e4mst fokuserar p\u00e5 att bevaka och motverka oppositionella grupper i Sverige.<\/p>\n\n\n\n<p>S\u00e4kerhetshoten kommer inte enbart fr\u00e5n statliga akt\u00f6rer. S\u00e4po varnar \u00e4ven f\u00f6r att extremistgrupper, b\u00e5de h\u00f6gerextrema och islamistiska, forts\u00e4tter att utg\u00f6ra en allvarlig fara f\u00f6r Sveriges inre s\u00e4kerhet. Rekrytering, radikalisering och m\u00f6jligheten till v\u00e5ldsamma attacker \u00e4r fortsatt h\u00f6gt p\u00e5 S\u00e4pos bevakningslista.<\/p>\n\n\n\n<p>Von Essen betonade att det kr\u00e4vs en stark samverkan mellan myndigheter, n\u00e4ringsliv och civilsamh\u00e4llet f\u00f6r att m\u00f6ta dessa hot. &#8220;Vi m\u00e5ste vara vaksamma och ha en h\u00f6g beredskap f\u00f6r att kunna hantera ov\u00e4ntade och snabba f\u00f6r\u00e4ndringar i hotbilden,&#8221; avslutade hon.<\/p>\n\n\n\n<p>S\u00e4po kommer att forts\u00e4tta \u00f6vervaka utvecklingen och vidta \u00e5tg\u00e4rder f\u00f6r att st\u00e4rka Sveriges s\u00e4kerhet och skydda landets intressen i en alltmer os\u00e4ker omv\u00e4rld.<\/p>\n\n\n\n<p>Denna artikel \u00e4r ursprungligen <a href=\"https:\/\/english.alarabiya.net\/News\/world\/2025\/03\/11\/clear-risks-that-sweden-s-security-situation-could-get-worse-swedish-security-police-says\" rel=\"nofollow noopener\" target=\"_blank\">publicerad p\u00e5<\/a> english.alarabiya.net<\/p>\n","protected":false},"excerpt":{"rendered":"<p>Sveriges s\u00e4kerhetspolis (S\u00e4po) varnade p\u00e5 tisdagen f\u00f6r en allvarlig s\u00e4kerhetssituation i Sverige och pekade p\u00e5 tydliga risker f\u00f6r att l\u00e4get kan f\u00f6rs\u00e4mras ytterligare. I sin \u00e5rliga rapport om hot mot landet framh\u00f6ll S\u00e4po att utl\u00e4ndska makter agerar p\u00e5 s\u00e4tt som hotar Sveriges s\u00e4kerhet och destabiliserar b\u00e5de Sverige och Europa genom hybridaktiviteter. Rapporten beskriver hur fr\u00e4mmande<\/p>\n","protected":false},"author":2,"featured_media":5216,"comment_status":"open","ping_status":"open","sticky":false,"template":"","format":"standard","meta":{"footnotes":""},"categories":[4],"tags":[],"class_list":{"0":"post-5215","1":"post","2":"type-post","3":"status-publish","4":"format-standard","5":"has-post-thumbnail","7":"category-varlds-nyheter"},"_links":{"self":[{"href":"https:\/\/fokuset.com\/index.php\/wp-json\/wp\/v2\/posts\/5215","targetHints":{"allow":["GET"]}}],"collection":[{"href":"https:\/\/fokuset.com\/index.php\/wp-json\/wp\/v2\/posts"}],"about":[{"href":"https:\/\/fokuset.com\/index.php\/wp-json\/wp\/v2\/types\/post"}],"author":[{"embeddable":true,"href":"https:\/\/fokuset.com\/index.php\/wp-json\/wp\/v2\/users\/2"}],"replies":[{"embeddable":true,"href":"https:\/\/fokuset.com\/index.php\/wp-json\/wp\/v2\/comments?post=5215"}],"version-history":[{"count":1,"href":"https:\/\/fokuset.com\/index.php\/wp-json\/wp\/v2\/posts\/5215\/revisions"}],"predecessor-version":[{"id":5217,"href":"https:\/\/fokuset.com\/index.php\/wp-json\/wp\/v2\/posts\/5215\/revisions\/5217"}],"wp:featuredmedia":[{"embeddable":true,"href":"https:\/\/fokuset.com\/index.php\/wp-json\/wp\/v2\/media\/5216"}],"wp:attachment":[{"href":"https:\/\/fokuset.com\/index.php\/wp-json\/wp\/v2\/media?parent=5215"}],"wp:term":[{"taxonomy":"category","embeddable":true,"href":"https:\/\/fokuset.com\/index.php\/wp-json\/wp\/v2\/categories?post=5215"},{"taxonomy":"post_tag","embeddable":true,"href":"https:\/\/fokuset.com\/index.php\/wp-json\/wp\/v2\/tags?post=5215"}],"curies":[{"name":"wp","href":"https:\/\/api.w.org\/{rel}","templated":true}]}}