{"id":5212,"date":"2025-03-11T11:03:02","date_gmt":"2025-03-11T11:03:02","guid":{"rendered":"https:\/\/fokuset.com\/?p=5212"},"modified":"2025-03-11T11:03:04","modified_gmt":"2025-03-11T11:03:04","slug":"marockos-residens-i-stockholm-holl-mangreligios-ramadan-iftar-med-hoga-svenska-tjansteman","status":"publish","type":"post","link":"https:\/\/fokuset.com\/index.php\/2025\/03\/11\/marockos-residens-i-stockholm-holl-mangreligios-ramadan-iftar-med-hoga-svenska-tjansteman\/","title":{"rendered":"Marockos residens i Stockholm h\u00f6ll m\u00e5ngreligi\u00f6s Ramadan-iftar med h\u00f6ga svenska tj\u00e4nstem\u00e4n"},"content":{"rendered":"\n<p>Marockos residens i Stockholm var v\u00e4rd f\u00f6r en m\u00e5ngreligi\u00f6s Ramadan-iftar p\u00e5 s\u00f6ndagen, d\u00e4r h\u00f6ga svenska tj\u00e4nstem\u00e4n, diplomater och representanter fr\u00e5n de tre monoteistiska religionerna deltog. Evenemanget h\u00f6lls under temat <em>\u201dOmfamna tolerans och enighet\u201d<\/em> och lockade en rad framst\u00e5ende g\u00e4ster, inklusive Maria Malmer Stenergard, Sveriges utrikesminister.<\/p>\n\n\n\n<p>Marockos ambassad i Stockholm betonade i ett pressmeddelande att evenemanget genomf\u00f6rdes enligt <em>&#8220;rena marockanska traditioner, i en atmosf\u00e4r som \u00f6verskred gr\u00e4nser, trosuppfattningar och ursprung.&#8221;<\/em><\/p>\n\n\n\n<p>Marockos ambassad\u00f6r i Sverige, Karim Medrek, betonade i sitt tal vid evenemanget att Marocko alltid har varit ett land d\u00e4r monoteistiska religioner samexisterar i harmoni. Han lyfte fram Marockos strategi f\u00f6r m\u00e5ttfull religion och acceptans av andra trosuppfattningar som en f\u00f6rebild f\u00f6r fredlig samexistens.<\/p>\n\n\n\n<p><em>\u201d\u00c4ven under de mest utmanande tider har kungariket alltid varit en modell f\u00f6r samexistens, tack vare Hans Majest\u00e4t Kung Mohammed VI:s orubbliga engagemang f\u00f6r fred och tolerans. Det g\u00f6r Marocko till ett ledande exempel p\u00e5 harmonisk samexistens,\u201d<\/em> sade Medrek.<\/p>\n\n\n\n<p>Han p\u00e5pekade att iftaren var en stund f\u00f6r reflektion och ett tillf\u00e4lle att uttrycka tacksamhet samt st\u00e4rka v\u00e4rderingar som acceptans, f\u00f6rtroende och samh\u00f6righet. Medrek understr\u00f6k \u00e4ven det gemensamma engagemanget mellan Marocko och Sverige f\u00f6r fred och samexistens.<\/p>\n\n\n\n<p>Maria Malmer Stenergard uttryckte sin gl\u00e4dje \u00f6ver att delta i detta <em>\u201denast\u00e5ende m\u00f6te kring de autentiska v\u00e4rdena av tolerans och medk\u00e4nsla, som Marocko f\u00f6rkroppsligar i perfekt harmoni med sin utveckling och modernitet.\u201d<\/em><\/p>\n\n\n\n<p>Stenergard ber\u00f6mde ocks\u00e5 Kung Mohammed VI:s insatser f\u00f6r interreligi\u00f6s och interkulturell dialog samt hans arbete f\u00f6r att fr\u00e4mja v\u00e4rderingar om fred och tolerans.<\/p>\n\n\n\n<p>Det m\u00e5ngreligi\u00f6sa Ramadan-evenemanget vid Marockos residens i Stockholm ses som en viktig symbol f\u00f6r interkulturell f\u00f6rst\u00e5else och \u00f6msesidig respekt mellan olika trosuppfattningar, vilket ytterligare st\u00e4rker banden mellan Marocko och Sverige.<\/p>\n\n\n\n<p>Denna artikel \u00e4r ursprungligen <a href=\"https:\/\/www.moroccoworldnews.com\/2025\/03\/182015\/moroccos-residence-in-sweden-gathers-community-for-iftar-celebrating-tolerance-unity\/\" rel=\"nofollow noopener\" target=\"_blank\">publicerad p\u00e5<\/a> moroccoworldnews.com<\/p>\n","protected":false},"excerpt":{"rendered":"<p>Marockos residens i Stockholm var v\u00e4rd f\u00f6r en m\u00e5ngreligi\u00f6s Ramadan-iftar p\u00e5 s\u00f6ndagen, d\u00e4r h\u00f6ga svenska tj\u00e4nstem\u00e4n, diplomater och representanter fr\u00e5n de tre monoteistiska religionerna deltog. Evenemanget h\u00f6lls under temat \u201dOmfamna tolerans och enighet\u201d och lockade en rad framst\u00e5ende g\u00e4ster, inklusive Maria Malmer Stenergard, Sveriges utrikesminister. Marockos ambassad i Stockholm betonade i ett pressmeddelande att evenemanget<\/p>\n","protected":false},"author":2,"featured_media":5213,"comment_status":"open","ping_status":"open","sticky":false,"template":"","format":"standard","meta":{"footnotes":""},"categories":[18],"tags":[],"class_list":{"0":"post-5212","1":"post","2":"type-post","3":"status-publish","4":"format-standard","5":"has-post-thumbnail","7":"category-samhalle"},"_links":{"self":[{"href":"https:\/\/fokuset.com\/index.php\/wp-json\/wp\/v2\/posts\/5212","targetHints":{"allow":["GET"]}}],"collection":[{"href":"https:\/\/fokuset.com\/index.php\/wp-json\/wp\/v2\/posts"}],"about":[{"href":"https:\/\/fokuset.com\/index.php\/wp-json\/wp\/v2\/types\/post"}],"author":[{"embeddable":true,"href":"https:\/\/fokuset.com\/index.php\/wp-json\/wp\/v2\/users\/2"}],"replies":[{"embeddable":true,"href":"https:\/\/fokuset.com\/index.php\/wp-json\/wp\/v2\/comments?post=5212"}],"version-history":[{"count":1,"href":"https:\/\/fokuset.com\/index.php\/wp-json\/wp\/v2\/posts\/5212\/revisions"}],"predecessor-version":[{"id":5214,"href":"https:\/\/fokuset.com\/index.php\/wp-json\/wp\/v2\/posts\/5212\/revisions\/5214"}],"wp:featuredmedia":[{"embeddable":true,"href":"https:\/\/fokuset.com\/index.php\/wp-json\/wp\/v2\/media\/5213"}],"wp:attachment":[{"href":"https:\/\/fokuset.com\/index.php\/wp-json\/wp\/v2\/media?parent=5212"}],"wp:term":[{"taxonomy":"category","embeddable":true,"href":"https:\/\/fokuset.com\/index.php\/wp-json\/wp\/v2\/categories?post=5212"},{"taxonomy":"post_tag","embeddable":true,"href":"https:\/\/fokuset.com\/index.php\/wp-json\/wp\/v2\/tags?post=5212"}],"curies":[{"name":"wp","href":"https:\/\/api.w.org\/{rel}","templated":true}]}}