{"id":5209,"date":"2025-03-11T10:55:35","date_gmt":"2025-03-11T10:55:35","guid":{"rendered":"https:\/\/fokuset.com\/?p=5209"},"modified":"2025-03-11T10:55:37","modified_gmt":"2025-03-11T10:55:37","slug":"svensk-armeniska-vanskapsgruppen-kraver-omedelbara-atgarder-for-frigivning-av-armeniska-fangar-i-baku","status":"publish","type":"post","link":"https:\/\/fokuset.com\/index.php\/2025\/03\/11\/svensk-armeniska-vanskapsgruppen-kraver-omedelbara-atgarder-for-frigivning-av-armeniska-fangar-i-baku\/","title":{"rendered":"Svensk-armeniska v\u00e4nskapsgruppen kr\u00e4ver omedelbara \u00e5tg\u00e4rder f\u00f6r frigivning av armeniska f\u00e5ngar i Baku"},"content":{"rendered":"\n<p>Den Svensk-armeniska parlamentariska v\u00e4nskapsgruppen har uppmanat till omedelbara internationella \u00e5tg\u00e4rder f\u00f6r att s\u00e4kra frigivningen av armenier som h\u00e5lls olagligt f\u00e4ngslade i Baku p\u00e5 fabricerade anklagelser. Gruppen varnar f\u00f6r att fortsatt passivitet bara kommer att uppmuntra ytterligare f\u00f6rtryck och brott mot de m\u00e4nskliga r\u00e4ttigheterna.<\/p>\n\n\n\n<p>I ett officiellt uttalande betonade Svensk-armeniska v\u00e4nskapsgruppen vikten av att omedelbart och utan villkor frige alla armeniska f\u00e5ngar.<\/p>\n\n\n\n<p><em>&#8220;Vi, de undertecknade medlemmarna av Svensk-armeniska v\u00e4nskapsgruppen i Sveriges riksdag, f\u00f6rd\u00f6mer kraftfullt den azerbajdzjanska regeringens uppenbara och systematiska kr\u00e4nkningar av de m\u00e4nskliga r\u00e4ttigheterna. Den olagliga f\u00e4ngslingen av armeniska f\u00e5ngar, inklusive politiska personer och civila, samt den fysiska och psykiska tortyren och den politiska f\u00f6rf\u00f6ljelsen utg\u00f6r inte bara en humanit\u00e4r kris utan ocks\u00e5 en tydlig kr\u00e4nkning av internationell r\u00e4tt. Godtyckliga gripanden p\u00e5 grund av falska anklagelser, som anv\u00e4nds som ett verktyg f\u00f6r politiskt f\u00f6rtryck, \u00e4r en direkt attack mot grundl\u00e4ggande m\u00e4nskliga r\u00e4ttigheter.\u201d<\/em><\/p>\n\n\n\n<p>Uttalandet framh\u00e5ller att den fortsatta f\u00e4ngslingen av armeniska civila och krigsf\u00e5ngar \u00e4r ett tydligt brott mot Gen\u00e8vekonventionerna och FN:s allm\u00e4nna f\u00f6rklaring om de m\u00e4nskliga r\u00e4ttigheterna.<\/p>\n\n\n\n<p><em>&#8220;Dessa handlingar, som har f\u00f6rblivit ostraffade, utg\u00f6r statligt sanktionerad tortyr och p\u00e5tvingade f\u00f6rsvinnanden med syfte att tysta politiskt motst\u00e5nd och sprida r\u00e4dsla. Oberoende m\u00e4nniskor\u00e4ttsorganisationer och juridiska experter har dokumenterat den om\u00e4nskliga och f\u00f6rnedrande behandlingen av dessa f\u00e5ngar. Utsatta f\u00f6r brutal tortyr, nekade juridisk representation och tvingade till skenr\u00e4tteg\u00e5ngar, har de blivit offer f\u00f6r grova or\u00e4ttvisor. Detta skadar Azerbajdzjans internationella rykte och s\u00e4tter en farlig standard f\u00f6r auktorit\u00e4ra regimer v\u00e4rlden \u00f6ver.\u201d<\/em><\/p>\n\n\n\n<p>L\u00e4s ocks\u00e5: <a href=\"https:\/\/fokuset.com\/index.php\/2025\/03\/05\/sveriges-rovdjurspolitik-skapar-debatt-lodjur-blir-politiska-spelbrickor\/\">Sveriges rovdjurspolitik skapar debatt \u2013 lodjur blir politiska spelbrickor<\/a><\/p>\n\n\n\n<p>Uttalandet understryker att dessa \u00f6vergrepp inte \u00e4r isolerade incidenter utan medvetna brott som undergr\u00e4ver grunderna f\u00f6r m\u00e4nskliga r\u00e4ttigheter och internationell r\u00e4tt.<\/p>\n\n\n\n<p><em>&#8220;Azerbajdzjans fortsatta anv\u00e4ndning av politiska f\u00e5ngar som p\u00e5tryckningsmedel och dess systematiska misshandel av f\u00e5ngar \u00e4r en medveten strategi f\u00f6r att destabilisera regional fred och r\u00e4ttvisa,\u201d<\/em> betonade v\u00e4nskapsgruppen.<\/p>\n\n\n\n<p>De undertecknade parlamentarikerna varnar f\u00f6r att avsaknaden av ett starkt internationellt svar bara uppmuntrar till ytterligare \u00f6vergrepp och f\u00f6rtryck.<\/p>\n\n\n\n<p><em>&#8220;Det internationella samfundets of\u00f6rm\u00e5ga att agera mot s\u00e5dana allvarliga kr\u00e4nkningar \u00e4r liktydigt med medverkan till spridningen av auktoritarism och f\u00f6rdjupade kriser. Detta \u00e4r inte bara en diplomatisk fr\u00e5ga; det \u00e4r en moralisk och juridisk skyldighet. V\u00e4rlden kan inte st\u00e5 passiv medan s\u00e5dana grova or\u00e4ttvisor forts\u00e4tter. Dessa handlingar \u00e4r inte bara en attack p\u00e5 m\u00e4nsklig v\u00e4rdighet utan ocks\u00e5 en direkt utmaning mot de principer som uppr\u00e4tth\u00e5ller global stabilitet, r\u00e4ttvisa och grundl\u00e4ggande r\u00e4ttigheter.\u201d<\/em><\/p>\n\n\n\n<p>Uttalandet avslutas med att betona att v\u00e4rlden ser p\u00e5 och att responsen p\u00e5 denna kris kommer att definiera engagemanget f\u00f6r r\u00e4ttvisa och m\u00e4nskliga r\u00e4ttigheter.<\/p>\n\n\n\n<p>Denna artikel \u00e4r ursprungligen <a href=\"https:\/\/massispost.com\/2025\/03\/sweden-armenia-friendship-group-condemns-the-illegal-imprisonment-and-harsh-treatment-of-armenians-in-baku\/\" rel=\"nofollow noopener\" target=\"_blank\">publicerad p\u00e5 <\/a>massispost.com<\/p>\n","protected":false},"excerpt":{"rendered":"<p>Den Svensk-armeniska parlamentariska v\u00e4nskapsgruppen har uppmanat till omedelbara internationella \u00e5tg\u00e4rder f\u00f6r att s\u00e4kra frigivningen av armenier som h\u00e5lls olagligt f\u00e4ngslade i Baku p\u00e5 fabricerade anklagelser. Gruppen varnar f\u00f6r att fortsatt passivitet bara kommer att uppmuntra ytterligare f\u00f6rtryck och brott mot de m\u00e4nskliga r\u00e4ttigheterna. I ett officiellt uttalande betonade Svensk-armeniska v\u00e4nskapsgruppen vikten av att omedelbart och<\/p>\n","protected":false},"author":2,"featured_media":5210,"comment_status":"open","ping_status":"open","sticky":false,"template":"","format":"standard","meta":{"footnotes":""},"categories":[3],"tags":[],"class_list":{"0":"post-5209","1":"post","2":"type-post","3":"status-publish","4":"format-standard","5":"has-post-thumbnail","7":"category-nyhetsdygnet"},"_links":{"self":[{"href":"https:\/\/fokuset.com\/index.php\/wp-json\/wp\/v2\/posts\/5209","targetHints":{"allow":["GET"]}}],"collection":[{"href":"https:\/\/fokuset.com\/index.php\/wp-json\/wp\/v2\/posts"}],"about":[{"href":"https:\/\/fokuset.com\/index.php\/wp-json\/wp\/v2\/types\/post"}],"author":[{"embeddable":true,"href":"https:\/\/fokuset.com\/index.php\/wp-json\/wp\/v2\/users\/2"}],"replies":[{"embeddable":true,"href":"https:\/\/fokuset.com\/index.php\/wp-json\/wp\/v2\/comments?post=5209"}],"version-history":[{"count":1,"href":"https:\/\/fokuset.com\/index.php\/wp-json\/wp\/v2\/posts\/5209\/revisions"}],"predecessor-version":[{"id":5211,"href":"https:\/\/fokuset.com\/index.php\/wp-json\/wp\/v2\/posts\/5209\/revisions\/5211"}],"wp:featuredmedia":[{"embeddable":true,"href":"https:\/\/fokuset.com\/index.php\/wp-json\/wp\/v2\/media\/5210"}],"wp:attachment":[{"href":"https:\/\/fokuset.com\/index.php\/wp-json\/wp\/v2\/media?parent=5209"}],"wp:term":[{"taxonomy":"category","embeddable":true,"href":"https:\/\/fokuset.com\/index.php\/wp-json\/wp\/v2\/categories?post=5209"},{"taxonomy":"post_tag","embeddable":true,"href":"https:\/\/fokuset.com\/index.php\/wp-json\/wp\/v2\/tags?post=5209"}],"curies":[{"name":"wp","href":"https:\/\/api.w.org\/{rel}","templated":true}]}}