{"id":5200,"date":"2025-03-05T07:20:52","date_gmt":"2025-03-05T07:20:52","guid":{"rendered":"https:\/\/fokuset.com\/?p=5200"},"modified":"2025-03-05T07:20:54","modified_gmt":"2025-03-05T07:20:54","slug":"thai-swedish-chamber-of-commerce-haller-arsstamma-2025-i-bangkok","status":"publish","type":"post","link":"https:\/\/fokuset.com\/index.php\/2025\/03\/05\/thai-swedish-chamber-of-commerce-haller-arsstamma-2025-i-bangkok\/","title":{"rendered":"Thai-Swedish Chamber of Commerce h\u00e5ller \u00e5rsst\u00e4mma 2025 i Bangkok"},"content":{"rendered":"\n<p>Thai-Swedish Chamber of Commerce (SweCham) har officiellt tillk\u00e4nnagivit sin \u00c5rsst\u00e4mma (AGM) 2025, som kommer att \u00e4ga rum torsdagen den 20 mars 2025 p\u00e5 Chatrium Grand Bangkok. Evenemanget, som p\u00e5g\u00e5r mellan kl. 17:00 och 21:00, ger medlemmar och g\u00e4ster m\u00f6jlighet att n\u00e4tverka, utbyta id\u00e9er och st\u00e4rka aff\u00e4rsrelationer inom det thail\u00e4ndsk-svenska n\u00e4ringslivet.<\/p>\n\n\n\n<p>\u00c5rsst\u00e4mman \u00e4r en av \u00e5rets viktigaste h\u00e4ndelser f\u00f6r SweCham och dess medlemmar. F\u00f6rutom den formella delen av m\u00f6tet, d\u00e4r viktiga beslut fattas och planer f\u00f6r det kommande \u00e5ret presenteras, erbjuder evenemanget en plattform f\u00f6r f\u00f6retagare, entrepren\u00f6rer och aff\u00e4rsledare att samverka och knyta v\u00e4rdefulla kontakter.<\/p>\n\n\n\n<h3 class=\"wp-block-heading\" id=\"starkt-stod-fran-partners-och-samarbetsorganisationer\"><strong>Starkt st\u00f6d fr\u00e5n partners och samarbetsorganisationer<\/strong><\/h3>\n\n\n\n<p>SweChams \u00e5rsst\u00e4mma 2025 st\u00f6ds av flera framst\u00e5ende organisationer som delar chamberns m\u00e5l att st\u00e4rka relationerna mellan Sverige och Thailand. Bland dessa finns <strong>Sweden Alumni Network Thailand (SANT)<\/strong>, <strong>SWEA Bangkok (Swedish Women\u2019s Educational Association)<\/strong> och <strong>Thai-Nordic Association (TNA)<\/strong>. Dessa organisationer spelar en avg\u00f6rande roll i att skapa en gemenskap d\u00e4r svenska och thail\u00e4ndska intressen m\u00f6ts och utvecklas.<\/p>\n\n\n\n<p>Efter det formella m\u00f6tet bjuds deltagarna p\u00e5 en <strong>trer\u00e4tters v\u00e4sterl\u00e4ndsk middag<\/strong>, d\u00e4r de f\u00e5r chansen att forts\u00e4tta diskussionerna i en mer avslappnad milj\u00f6. Middagen ger ocks\u00e5 en m\u00f6jlighet att reflektera \u00f6ver aff\u00e4rstrender och framtida m\u00f6jligheter.<\/p>\n\n\n\n<h3 class=\"wp-block-heading\" id=\"framstaende-huvudtalare-delar-insikter-om-ekonomi-och-affarsutveckling\"><strong>Framst\u00e5ende huvudtalare delar insikter om ekonomi och aff\u00e4rsutveckling<\/strong><\/h3>\n\n\n\n<p>En av h\u00f6jdpunkterna under \u00e5rets st\u00e4mma \u00e4r talet av <strong>Khun Kim Alan Edwards<\/strong>, Program Leader (Prosperity) f\u00f6r Thailand och Myanmar vid <strong>V\u00e4rldsbanken<\/strong>. Med l\u00e5ng erfarenhet av ekonomisk utveckling och aff\u00e4rsutveckling i Sydostasien, kommer han att dela med sig av sina insikter om regionens framtida aff\u00e4rsklimat.<\/p>\n\n\n\n<p>L\u00e4s ocks\u00e5: <a href=\"https:\/\/fokuset.com\/index.php\/2025\/02\/14\/strangare-sakerhetsatgarder-i-svenska-skolor-efter-masskjutning-i-orebro\/\">Str\u00e4ngare s\u00e4kerhets\u00e5tg\u00e4rder i svenska skolor efter masskjutning i \u00d6rebro<\/a><\/p>\n\n\n\n<p>Hans f\u00f6redrag f\u00f6rv\u00e4ntas ge SweChams medlemmar en djupare f\u00f6rst\u00e5else f\u00f6r de ekonomiska m\u00f6jligheterna i Thailand och Myanmar, inklusive investeringstrender och h\u00e5llbar aff\u00e4rsutveckling.<\/p>\n\n\n\n<h3 class=\"wp-block-heading\" id=\"varfor-delta-i-swechams-arsstamma\"><strong>Varf\u00f6r delta i SweChams \u00e5rsst\u00e4mma?<\/strong><\/h3>\n\n\n\n<p>SweCham uppmanar alla medlemmar och intresserade g\u00e4ster att delta i denna \u00e5rliga sammankomst. Genom att n\u00e4rvara f\u00e5r deltagarna:<\/p>\n\n\n\n<p>\u2714 <strong>Exklusiv insikt<\/strong> i SweChams planer och framtida strategier.<br>\u2714 <strong>M\u00f6jlighet att n\u00e4tverka<\/strong> med ledande personer inom n\u00e4ringslivet.<br>\u2714 <strong>Delta i en inspirerande f\u00f6rel\u00e4sning<\/strong> av en expert fr\u00e5n V\u00e4rldsbanken.<br>\u2714 <strong>Avnjuta en f\u00f6rstklassig middag<\/strong> i en trevlig atmosf\u00e4r.<\/p>\n\n\n\n<h3 class=\"wp-block-heading\" id=\"registrering-och-deadline\"><strong>Registrering och deadline<\/strong><\/h3>\n\n\n\n<p>Anm\u00e4lan till SweChams \u00e5rsst\u00e4mma \u00e4r nu \u00f6ppen. Intresserade deltagare uppmanas att registrera sig s\u00e5 snart som m\u00f6jligt f\u00f6r att s\u00e4kra sin plats. <strong>Sista anm\u00e4lningsdag \u00e4r m\u00e5ndagen den 17 mars 2025.<\/strong><\/p>\n\n\n\n<p>F\u00f6r mer information och registrering, bes\u00f6k SweChams officiella webbplats.<\/p>\n\n\n\n<p>Denna artikel \u00e4r ursprungligen<a href=\"https:\/\/scandasia.com\/swecham-invites-members-to-annual-general-meeting-2025\/\" rel=\"nofollow noopener\" target=\"_blank\"> publicerad p\u00e5<\/a> scandasia.com<\/p>\n","protected":false},"excerpt":{"rendered":"<p>Thai-Swedish Chamber of Commerce (SweCham) har officiellt tillk\u00e4nnagivit sin \u00c5rsst\u00e4mma (AGM) 2025, som kommer att \u00e4ga rum torsdagen den 20 mars 2025 p\u00e5 Chatrium Grand Bangkok. Evenemanget, som p\u00e5g\u00e5r mellan kl. 17:00 och 21:00, ger medlemmar och g\u00e4ster m\u00f6jlighet att n\u00e4tverka, utbyta id\u00e9er och st\u00e4rka aff\u00e4rsrelationer inom det thail\u00e4ndsk-svenska n\u00e4ringslivet. \u00c5rsst\u00e4mman \u00e4r en av \u00e5rets<\/p>\n","protected":false},"author":2,"featured_media":5201,"comment_status":"open","ping_status":"open","sticky":false,"template":"","format":"standard","meta":{"footnotes":""},"categories":[18],"tags":[],"class_list":{"0":"post-5200","1":"post","2":"type-post","3":"status-publish","4":"format-standard","5":"has-post-thumbnail","7":"category-samhalle"},"_links":{"self":[{"href":"https:\/\/fokuset.com\/index.php\/wp-json\/wp\/v2\/posts\/5200","targetHints":{"allow":["GET"]}}],"collection":[{"href":"https:\/\/fokuset.com\/index.php\/wp-json\/wp\/v2\/posts"}],"about":[{"href":"https:\/\/fokuset.com\/index.php\/wp-json\/wp\/v2\/types\/post"}],"author":[{"embeddable":true,"href":"https:\/\/fokuset.com\/index.php\/wp-json\/wp\/v2\/users\/2"}],"replies":[{"embeddable":true,"href":"https:\/\/fokuset.com\/index.php\/wp-json\/wp\/v2\/comments?post=5200"}],"version-history":[{"count":1,"href":"https:\/\/fokuset.com\/index.php\/wp-json\/wp\/v2\/posts\/5200\/revisions"}],"predecessor-version":[{"id":5202,"href":"https:\/\/fokuset.com\/index.php\/wp-json\/wp\/v2\/posts\/5200\/revisions\/5202"}],"wp:featuredmedia":[{"embeddable":true,"href":"https:\/\/fokuset.com\/index.php\/wp-json\/wp\/v2\/media\/5201"}],"wp:attachment":[{"href":"https:\/\/fokuset.com\/index.php\/wp-json\/wp\/v2\/media?parent=5200"}],"wp:term":[{"taxonomy":"category","embeddable":true,"href":"https:\/\/fokuset.com\/index.php\/wp-json\/wp\/v2\/categories?post=5200"},{"taxonomy":"post_tag","embeddable":true,"href":"https:\/\/fokuset.com\/index.php\/wp-json\/wp\/v2\/tags?post=5200"}],"curies":[{"name":"wp","href":"https:\/\/api.w.org\/{rel}","templated":true}]}}