{"id":5133,"date":"2023-10-03T17:41:53","date_gmt":"2023-10-03T17:41:53","guid":{"rendered":"https:\/\/fokuset.com\/?p=5133"},"modified":"2023-10-03T17:42:16","modified_gmt":"2023-10-03T17:42:16","slug":"panik-for-vaggloss-sveper-over-paris-nar-angreppen-skjuter-i-hojden-fore-os-2024","status":"publish","type":"post","link":"https:\/\/fokuset.com\/index.php\/2023\/10\/03\/panik-for-vaggloss-sveper-over-paris-nar-angreppen-skjuter-i-hojden-fore-os-2024\/","title":{"rendered":"Panik f\u00f6r v\u00e4ggl\u00f6ss sveper \u00f6ver Paris n\u00e4r angreppen skjuter i h\u00f6jden f\u00f6re OS 2024"},"content":{"rendered":"\n<p><strong>En pl\u00e5ga av v\u00e4ggl\u00f6ss har drabbat Paris och andra franska st\u00e4der, framkallat en v\u00e5g av insektofobi och v\u00e4cker fr\u00e5gor om h\u00e4lsa och s\u00e4kerhet under n\u00e4sta \u00e5rs olympiska spel.<\/strong><\/p>\n\n\n\n<p>Det \u00e4r i stora drag s\u00e5 fenomenet har beskrivits i franska \u2013 och nu internationella \u2013 nyhetsmedier.<\/p>\n\n\n\n<p>Delvis \u00e4r det sant.&nbsp;Men i en annan del \u00e4r det inte det.<\/p>\n\n\n\n<p>Vad som \u00e4r fallet \u00e4r att antalet observationer av v\u00e4ggl\u00f6ss har \u00f6kat de senaste veckorna \u2013 och att den upp\u00e5tg\u00e5ende trenden g\u00e5r tillbaka flera \u00e5r.<\/p>\n\n\n\n<p>&#8220;Varje sensommar ser vi en stor \u00f6kning av v\u00e4ggl\u00f6ss&#8221;, s\u00e4ger Jean-Michel Berenger, entomolog vid Marseilles huvudsjukhus och Frankrikes ledande expert p\u00e5&nbsp;<em>les punaises<\/em>&nbsp;.<\/p>\n\n\n\n<p>&#8220;Det beror p\u00e5 att folk har r\u00f6rt p\u00e5 sig under juli och augusti och de tar med dem tillbaka i bagaget.<\/p>\n\n\n\n<p>&#8220;Och varje \u00e5r \u00e4r s\u00e4songs\u00f6kningen st\u00f6rre \u00e4n den f\u00f6rra.&#8221;<\/p>\n\n\n\n<p>I Paris har nya k\u00e4llor till \u00e5ngest lagts till till den l\u00e5ngvariga r\u00e4dslan f\u00f6r angrepp som de boende i l\u00e4genheten (varav en av tio har upplevt v\u00e4ggl\u00f6ss under de senaste fem \u00e5ren, enligt officiella siffror) k\u00e4nner.<\/p>\n\n\n\n<p>Rapporter om att&nbsp;<em>bestraffningar<\/em>&nbsp;nyligen har setts p\u00e5 biografer har inte bevisats, men tas p\u00e5 allvar.&nbsp;Likas\u00e5 h\u00e4vdar att m\u00e4nniskor har blivit bitna p\u00e5 t\u00e5g.<\/p>\n\n\n\n<p>Och nu uppmanar b\u00e5de Paris stadshus och president Emmanuel Macrons regering till handling.&nbsp;Det \u00e4r ett m\u00e5tt p\u00e5 hur seri\u00f6st de tar fr\u00e5gan \u2013 och p\u00e5 hur de beh\u00f6ver skydda bilden av Paris inf\u00f6r 2024 \u00e5rs matcher \u2013 att de inte avf\u00e4rdar v\u00e4ggl\u00f6sspaniken som en uppfinning p\u00e5 sociala medier.<\/p>\n\n\n\n<p>F\u00f6r det \u00e4r ocks\u00e5 en del av historien.<\/p>\n\n\n\n<p>Skr\u00e4mselhistorier blinkar \u00f6ver internet s\u00e5 snabbt att de f\u00f6rvandlar det som en g\u00e5ng var f\u00f6r tidningar en p\u00e5litlig kastanj med l\u00e5ngsam dag till en nationell n\u00f6dsituation.<\/p>\n\n\n\n<p>Biograf\u00e4gare &#8211; som redan \u00e4r oroliga f\u00f6r minskande n\u00e4rvaro &#8211; blir allvarligt skr\u00e4mda n\u00e4r videor cirkulerar som visar oidentifierade kvalster p\u00e5 en stol.&nbsp;Folk p\u00e5 tunnelbanor har b\u00f6rjat kolla sin kl\u00e4dsel.&nbsp;Vissa f\u00f6redrar att st\u00e5.<\/p>\n\n\n\n<p>&#8220;Det finns ett nytt inslag i \u00e5r &#8211; och det \u00e4r den allm\u00e4nna psykos som har f\u00e5tt f\u00e4ste&#8221;, s\u00e4ger Berenger.<\/p>\n\n\n\n<p>&#8220;Det \u00e4r bra p\u00e5 ett s\u00e4tt eftersom det tj\u00e4nar till att g\u00f6ra m\u00e4nniskor medvetna om problemet, och ju tidigare du agerar mot v\u00e4ggl\u00f6ss desto b\u00e4ttre.<\/p>\n\n\n\n<p>&#8220;Men mycket av problemet \u00e4r \u00f6verdrivet.&#8221;<\/p>\n\n\n\n<p>Faktum \u00e4r att v\u00e4ggl\u00f6ssen&nbsp;<em>g\u00f6r<\/em>&nbsp;comeback och har gjort det i kanske 20 eller 30 \u00e5r.&nbsp;Men det \u00e4r inte bara i Frankrike utan \u00f6verallt.<\/p>\n\n\n\n<p>Det finns flera faktorer, av vilka globaliseringen &#8211; containerhandel, turism och immigration &#8211; \u00e4r den viktigaste.&nbsp;Klimatf\u00f6r\u00e4ndringar kan uteslutas.&nbsp;V\u00e4ggl\u00f6ssen &#8211;&nbsp;<em>cimex lectularius<\/em>&nbsp;f\u00f6r att ge sitt latinska namn &#8211; \u00e4r en domesticerad varelse.&nbsp;Det g\u00e5r dit m\u00e4nniskor g\u00e5r.&nbsp;V\u00e4dret kommer inte in i det.<\/p>\n\n\n\n<p>Efter andra v\u00e4rldskriget reducerades v\u00e4ggl\u00f6ss &#8211; liksom m\u00e5nga andra odjur &#8211; massivt i antal av den utbredda anv\u00e4ndningen av DDT.&nbsp;Men genom \u00e5ren har DDT och m\u00e5nga andra kemikalier f\u00f6rbjudits p\u00e5 grund av deras effekt p\u00e5 m\u00e4nniskor.<\/p>\n\n\n\n<p>Och under tiden har v\u00e4ggl\u00f6sspopulationen f\u00f6r\u00e4ndrats genom eliminering av de varelser som var genetiskt mottagliga f\u00f6r kemisk utrotning i f\u00f6rsta hand.&nbsp;De som \u00f6verlevde DDT-blitzen \u00e4r f\u00f6rf\u00e4derna till dagens ras, som d\u00e4rf\u00f6r \u00e4r mycket mer motst\u00e5ndskraftiga.<\/p>\n\n\n\n<p>En tredje faktor kan vara minskningen av kackerlackor, till stor del tack vare renare hem.&nbsp;Kackerlackor \u00e4r ett rovdjur av v\u00e4ggl\u00f6ss.&nbsp;Var inte r\u00e4dd: ingen f\u00f6resl\u00e5r att man ska \u00e5terinfektera hem med kackerlackor f\u00f6r att hantera&nbsp;<em>les punaises<\/em>&nbsp;!<\/p>\n\n\n\n<p>Enligt Berenger riskerar m\u00e4nniskor i den utvecklade v\u00e4rlden att f\u00e5 panik \u00f6ver v\u00e4ggl\u00f6ss eftersom vi har f\u00f6rlorat det kollektiva minnet av dem.&nbsp;I andra delar av v\u00e4rlden \u00e4r de fortfarande vanliga \u2013 och m\u00e4nniskor h\u00e5ller hotet i proportion.<\/p>\n\n\n\n<p>Sanningen \u00e4r att v\u00e4ggl\u00f6ss verkligen \u00e4r ett hot &#8211; men faran \u00e4r mer psykologisk \u00e4n fysisk.&nbsp;<em>Cimex lectularis<\/em>&nbsp;kan vara uppr\u00f6rande, men s\u00e5 vitt man vet kan den inte \u00f6verf\u00f6ra sjukdomar.&nbsp;Dess bett \u00e4r avskyv\u00e4rda, men de varar inte s\u00e4rskilt l\u00e4nge.<\/p>\n\n\n\n<p>Den f\u00e4ller sina exoskelett med j\u00e4mna mellanrum;\u00a0det l\u00e4mnar avf\u00f6ring i form av svarta prickar (sm\u00e4lt blod);\u00a0den vickar av f\u00f6rtjusning vid doften av en m\u00e4nniska;\u00a0och det kan h\u00e5lla i ett \u00e5r utan mat.\u00a0Alla fasor att t\u00e4nka p\u00e5.<\/p>\n\n\n\n<p>Men den verkliga skadan \u00e4r den angripnas psykiska h\u00e4lsa.<\/p>\n\n\n\n<p>F\u00f6r ett \u00e5r sedan hittade min 29-\u00e5rige son v\u00e4ggl\u00f6ss i sin l\u00e4genhet i 20:e arrondissementet.&nbsp;Han kastade ut sin s\u00e4ng;&nbsp;tv\u00e4ttade alla hans kl\u00e4der;&nbsp;skurat platsen uppifr\u00e5n och ner.&nbsp;Men han kunde \u00e4nd\u00e5 inte sova.&nbsp;Han b\u00f6rjade f\u00f6rest\u00e4lla sig saker som kr\u00f6p \u00f6ver hans hud.&nbsp;Det blev en besatthet.<\/p>\n\n\n\n<p>F\u00f6rst efter en dyrbar \u00e5ngbehandling av sin l\u00e4genhet av ett respekterat anti-pestf\u00f6retag kunde han andas igen.&nbsp;Vissa skadedjursbek\u00e4mpare anv\u00e4nder snifferhundar f\u00f6r att sp\u00e5ra dem.<\/p>\n\n\n\n<p>&#8220;Att ha v\u00e4ggl\u00f6ss \u00e4r ingen skrattfr\u00e5ga&#8221;, s\u00e4ger Berenger.&nbsp;&#8220;Men det finns m\u00e5nga l\u00e5ngs\u00f6kta historier d\u00e4r ute, om hur l\u00e4tt de kan spridas fr\u00e5n A till B.<\/p>\n\n\n\n<p>&#8220;Enligt min mening \u00e4r s\u00e4ttet att ta itu med v\u00e4ggl\u00f6ss inte att rikta in sig p\u00e5 alla &#8211; utan att satsa p\u00e5 superspridare.&#8221;<\/p>\n\n\n\n<p>Det h\u00e4r \u00e4r m\u00e4nniskorna, f\u00f6rklarar han, som \u00e4ven om f\u00e5 till antalet g\u00f6r det mesta av skadan.&nbsp;De \u00e4r ofta marginaliserade, fattiga, psykiskt sjuka och har liten tillg\u00e5ng till sociala tj\u00e4nster.<\/p>\n\n\n\n<p>N\u00e4r han blir kallad till en superspridarl\u00e4genhet hittar han och hans team verkligt uppr\u00f6rande glas\u00f6gon &#8211; hundratals v\u00e4ggl\u00f6ss kryper \u00f6ver varandra, i kl\u00e4der, i golvbr\u00e4dorna, bakom bilder.&nbsp;\u00c4gg finns ocks\u00e5 \u00f6verallt.<\/p>\n\n\n\n<p>&#8220;Varje g\u00e5ng en av dessa m\u00e4nniskor l\u00e4mnar sitt hem sprider de v\u00e4ggl\u00f6ss. Det \u00e4r de som beh\u00f6ver hj\u00e4lp.&#8221;<\/p>\n","protected":false},"excerpt":{"rendered":"<p>En pl\u00e5ga av v\u00e4ggl\u00f6ss har drabbat Paris och andra franska st\u00e4der, framkallat en v\u00e5g av insektofobi och v\u00e4cker fr\u00e5gor om h\u00e4lsa och s\u00e4kerhet under n\u00e4sta \u00e5rs olympiska spel. Det \u00e4r i stora drag s\u00e5 fenomenet har beskrivits i franska \u2013 och nu internationella \u2013 nyhetsmedier. Delvis \u00e4r det sant.&nbsp;Men i en annan del \u00e4r det<\/p>\n","protected":false},"author":2,"featured_media":5135,"comment_status":"open","ping_status":"open","sticky":false,"template":"","format":"standard","meta":{"footnotes":""},"categories":[4],"tags":[172,296],"class_list":{"0":"post-5133","1":"post","2":"type-post","3":"status-publish","4":"format-standard","5":"has-post-thumbnail","7":"category-varlds-nyheter","8":"tag-frankrike","9":"tag-paris"},"_links":{"self":[{"href":"https:\/\/fokuset.com\/index.php\/wp-json\/wp\/v2\/posts\/5133","targetHints":{"allow":["GET"]}}],"collection":[{"href":"https:\/\/fokuset.com\/index.php\/wp-json\/wp\/v2\/posts"}],"about":[{"href":"https:\/\/fokuset.com\/index.php\/wp-json\/wp\/v2\/types\/post"}],"author":[{"embeddable":true,"href":"https:\/\/fokuset.com\/index.php\/wp-json\/wp\/v2\/users\/2"}],"replies":[{"embeddable":true,"href":"https:\/\/fokuset.com\/index.php\/wp-json\/wp\/v2\/comments?post=5133"}],"version-history":[{"count":1,"href":"https:\/\/fokuset.com\/index.php\/wp-json\/wp\/v2\/posts\/5133\/revisions"}],"predecessor-version":[{"id":5136,"href":"https:\/\/fokuset.com\/index.php\/wp-json\/wp\/v2\/posts\/5133\/revisions\/5136"}],"wp:featuredmedia":[{"embeddable":true,"href":"https:\/\/fokuset.com\/index.php\/wp-json\/wp\/v2\/media\/5135"}],"wp:attachment":[{"href":"https:\/\/fokuset.com\/index.php\/wp-json\/wp\/v2\/media?parent=5133"}],"wp:term":[{"taxonomy":"category","embeddable":true,"href":"https:\/\/fokuset.com\/index.php\/wp-json\/wp\/v2\/categories?post=5133"},{"taxonomy":"post_tag","embeddable":true,"href":"https:\/\/fokuset.com\/index.php\/wp-json\/wp\/v2\/tags?post=5133"}],"curies":[{"name":"wp","href":"https:\/\/api.w.org\/{rel}","templated":true}]}}