{"id":5106,"date":"2023-09-24T10:27:28","date_gmt":"2023-09-24T10:27:28","guid":{"rendered":"https:\/\/fokuset.com\/?p=5106"},"modified":"2023-09-24T10:27:30","modified_gmt":"2023-09-24T10:27:30","slug":"franske-rapparen-mhd-far-12-ars-fangelse-for-mord","status":"publish","type":"post","link":"https:\/\/fokuset.com\/index.php\/2023\/09\/24\/franske-rapparen-mhd-far-12-ars-fangelse-for-mord\/","title":{"rendered":"Franske rapparen MHD f\u00e5r 12 \u00e5rs f\u00e4ngelse f\u00f6r mord"},"content":{"rendered":"\n<p><strong>Den franska rapparen MHD har d\u00f6mts till 12 \u00e5rs f\u00e4ngelse f\u00f6r mordet p\u00e5 en ung man i Paris 2018.<\/strong><\/p>\n\n\n\n<p>En domstol i huvudstaden fann den 29-\u00e5rige MHD, riktiga namnet Mohamed Sylla, skyldig till inblandning i det g\u00e4ngrelaterade mordet p\u00e5 Loic K, 23.<\/p>\n\n\n\n<p>Offret blev omkullk\u00f6rt av MHD:s Mercedes, sedan misshandlades och knivh\u00f6ggs till d\u00f6ds av en folkmassa p\u00e5 cirka 12 personer.<\/p>\n\n\n\n<p>MHD, som \u00e4r k\u00e4nd f\u00f6r att blanda trap och v\u00e4stafrikansk musik f\u00f6r att f\u00e5 &#8220;Afro trap&#8221;, erk\u00e4nde sig inte skyldig till anklagelserna.<\/p>\n\n\n\n<p>&#8220;Fr\u00e5n b\u00f6rjan har jag vidh\u00e5llit min oskuld i det h\u00e4r fallet och jag kommer att forts\u00e4tta att vidh\u00e5lla min oskuld&#8221;, sa han till den fullsatta domstolen i Paris, rapporterar nyhetsbyr\u00e5n AFP.<\/p>\n\n\n\n<p>Han nekade till att ha befunnit sig p\u00e5 platsen f\u00f6r mordet och menade att fallet mot honom grundades p\u00e5 rykten.<\/p>\n\n\n\n<p>En lokalbo filmade dock h\u00e4ndelsen sommaren 2018 fr\u00e5n sitt f\u00f6nster, och bilen identifierades snabbt som tillh\u00f6rande MHD.<\/p>\n\n\n\n<p>Andra vittnen identifierade honom med hans frisyr och en tr\u00f6ja, rapporterar AFP.<\/p>\n\n\n\n<p>Fem av MHD:s med\u00e5talade d\u00f6mdes ocks\u00e5 till f\u00e4ngelsestraff p\u00e5 mellan 10 och 18 \u00e5r.<\/p>\n\n\n\n<p>Ytterligare tre frik\u00e4ndes.<\/p>\n\n\n\n<p>Det var inte omedelbart k\u00e4nt om de som d\u00f6mdes till f\u00e4ngelse planerade att \u00f6verklaga.<\/p>\n\n\n\n<p>MHD, som har ett stort f\u00f6lje p\u00e5 sociala medier, arbetade som pizzabud i Paris innan han b\u00f6rjade arbeta med musik.<\/p>\n\n\n\n<p>F\u00f6r fem \u00e5r sedan pratade han med BBC:s What&#8217;s New?&nbsp;program om hur han kom p\u00e5 id\u00e9n om &#8220;Afro trap&#8221;.<\/p>\n","protected":false},"excerpt":{"rendered":"<p>Den franska rapparen MHD har d\u00f6mts till 12 \u00e5rs f\u00e4ngelse f\u00f6r mordet p\u00e5 en ung man i Paris 2018. En domstol i huvudstaden fann den 29-\u00e5rige MHD, riktiga namnet Mohamed Sylla, skyldig till inblandning i det g\u00e4ngrelaterade mordet p\u00e5 Loic K, 23. Offret blev omkullk\u00f6rt av MHD:s Mercedes, sedan misshandlades och knivh\u00f6ggs till d\u00f6ds av<\/p>\n","protected":false},"author":2,"featured_media":5107,"comment_status":"open","ping_status":"open","sticky":false,"template":"","format":"standard","meta":{"footnotes":""},"categories":[5],"tags":[172,290,162],"class_list":{"0":"post-5106","1":"post","2":"type-post","3":"status-publish","4":"format-standard","5":"has-post-thumbnail","7":"category-underhallning","8":"tag-frankrike","9":"tag-hiphop","10":"tag-musik"},"_links":{"self":[{"href":"https:\/\/fokuset.com\/index.php\/wp-json\/wp\/v2\/posts\/5106","targetHints":{"allow":["GET"]}}],"collection":[{"href":"https:\/\/fokuset.com\/index.php\/wp-json\/wp\/v2\/posts"}],"about":[{"href":"https:\/\/fokuset.com\/index.php\/wp-json\/wp\/v2\/types\/post"}],"author":[{"embeddable":true,"href":"https:\/\/fokuset.com\/index.php\/wp-json\/wp\/v2\/users\/2"}],"replies":[{"embeddable":true,"href":"https:\/\/fokuset.com\/index.php\/wp-json\/wp\/v2\/comments?post=5106"}],"version-history":[{"count":1,"href":"https:\/\/fokuset.com\/index.php\/wp-json\/wp\/v2\/posts\/5106\/revisions"}],"predecessor-version":[{"id":5108,"href":"https:\/\/fokuset.com\/index.php\/wp-json\/wp\/v2\/posts\/5106\/revisions\/5108"}],"wp:featuredmedia":[{"embeddable":true,"href":"https:\/\/fokuset.com\/index.php\/wp-json\/wp\/v2\/media\/5107"}],"wp:attachment":[{"href":"https:\/\/fokuset.com\/index.php\/wp-json\/wp\/v2\/media?parent=5106"}],"wp:term":[{"taxonomy":"category","embeddable":true,"href":"https:\/\/fokuset.com\/index.php\/wp-json\/wp\/v2\/categories?post=5106"},{"taxonomy":"post_tag","embeddable":true,"href":"https:\/\/fokuset.com\/index.php\/wp-json\/wp\/v2\/tags?post=5106"}],"curies":[{"name":"wp","href":"https:\/\/api.w.org\/{rel}","templated":true}]}}