{"id":5083,"date":"2023-09-19T17:02:42","date_gmt":"2023-09-19T17:02:42","guid":{"rendered":"https:\/\/fokuset.com\/?p=5083"},"modified":"2023-09-19T17:02:43","modified_gmt":"2023-09-19T17:02:43","slug":"regn-och-storm-vantar-sedan-kommer-sommaren-pa-besok","status":"publish","type":"post","link":"https:\/\/fokuset.com\/index.php\/2023\/09\/19\/regn-och-storm-vantar-sedan-kommer-sommaren-pa-besok\/","title":{"rendered":"Regn och storm v\u00e4ntar \u2013 sedan kommer sommaren p\u00e5 bes\u00f6k"},"content":{"rendered":"\n<p>Under tisdagseftermiddagen ger sig h\u00f6strusket tillk\u00e4nna \u2013 med b\u00e5de regn och stormbyar. Men den som har v\u00e4ntat p\u00e5 att f\u00e5 plocka undan sommarkl\u00e4derna f\u00e5r l\u00e4gga band p\u00e5 sig, i alla fall lite till.<\/p>\n\n\n\n<p>\u2013 Det kommer kunna bli en del regn fr\u00e5n och med eftermiddagen, fram tills att det drar bort i morgon, s\u00e4ger Alexandra Ohlsson, meteorolog p\u00e5 SMHI.<\/p>\n\n\n\n<p>Fram till onsdagsf\u00f6rmiddagen v\u00e4ntas omkring 20 millimeter regn falla \u00f6ver G\u00f6teborgsomr\u00e5det, och med det v\u00e4ntas vindar dra in \u00f6ver G\u00f6teborgs s\u00f6dra delar.<\/p>\n\n\n\n<p>\u2013 Det kan bli h\u00e5rda till mycket h\u00e5rda vindbyar lokalt, det kan vara s\u00e5 att det g\u00e5r precis s\u00f6der om G\u00f6teborg. Men man b\u00f6r r\u00e4kna med att man upplever det som bl\u00e5sigt i G\u00f6teborg, ett riktigt h\u00f6strusk, s\u00e4ger Alexandra Ohlsson.<\/p>\n\n\n\n<h2 class=\"wp-block-heading\" id=\"sommaren-pa-tillfalligt-besok\">Sommaren p\u00e5 tillf\u00e4lligt bes\u00f6k<\/h2>\n\n\n\n<p>\u00c4ven lokala stormbyar kan enligt SMHI leta sig upp mot kuststationerna l\u00e4ngs Hallandskusten.<\/p>\n\n\n\n<p>\u2013 De kraftiga stormbyarna avtar in mot onsdagen, det \u00e4r bara tillf\u00e4lligt bl\u00e5sigt under fr\u00e4mst tisdagskv\u00e4llen, s\u00e4ger hon.<\/p>\n\n\n\n<p>Fram\u00e5t eftermiddagen p\u00e5 onsdagen v\u00e4ntas regnet avta, men molnen dr\u00f6jer sig kvar resten av dagen.<\/p>\n\n\n\n<p>\u2013 Sedan kommer sommark\u00e4nslan \u00f6ver torsdagen med sol och varmare temperatur p\u00e5 runt 22 grader. Den som vill ha sommar f\u00e5r fokusera p\u00e5 torsdag, s\u00e4ger Alexandra Ohlsson.<\/p>\n","protected":false},"excerpt":{"rendered":"<p>Under tisdagseftermiddagen ger sig h\u00f6strusket tillk\u00e4nna \u2013 med b\u00e5de regn och stormbyar. Men den som har v\u00e4ntat p\u00e5 att f\u00e5 plocka undan sommarkl\u00e4derna f\u00e5r l\u00e4gga band p\u00e5 sig, i alla fall lite till. \u2013 Det kommer kunna bli en del regn fr\u00e5n och med eftermiddagen, fram tills att det drar bort i morgon, s\u00e4ger Alexandra<\/p>\n","protected":false},"author":2,"featured_media":5084,"comment_status":"open","ping_status":"open","sticky":false,"template":"","format":"standard","meta":{"footnotes":""},"categories":[3],"tags":[207],"class_list":{"0":"post-5083","1":"post","2":"type-post","3":"status-publish","4":"format-standard","5":"has-post-thumbnail","7":"category-nyhetsdygnet","8":"tag-vader"},"_links":{"self":[{"href":"https:\/\/fokuset.com\/index.php\/wp-json\/wp\/v2\/posts\/5083","targetHints":{"allow":["GET"]}}],"collection":[{"href":"https:\/\/fokuset.com\/index.php\/wp-json\/wp\/v2\/posts"}],"about":[{"href":"https:\/\/fokuset.com\/index.php\/wp-json\/wp\/v2\/types\/post"}],"author":[{"embeddable":true,"href":"https:\/\/fokuset.com\/index.php\/wp-json\/wp\/v2\/users\/2"}],"replies":[{"embeddable":true,"href":"https:\/\/fokuset.com\/index.php\/wp-json\/wp\/v2\/comments?post=5083"}],"version-history":[{"count":1,"href":"https:\/\/fokuset.com\/index.php\/wp-json\/wp\/v2\/posts\/5083\/revisions"}],"predecessor-version":[{"id":5085,"href":"https:\/\/fokuset.com\/index.php\/wp-json\/wp\/v2\/posts\/5083\/revisions\/5085"}],"wp:featuredmedia":[{"embeddable":true,"href":"https:\/\/fokuset.com\/index.php\/wp-json\/wp\/v2\/media\/5084"}],"wp:attachment":[{"href":"https:\/\/fokuset.com\/index.php\/wp-json\/wp\/v2\/media?parent=5083"}],"wp:term":[{"taxonomy":"category","embeddable":true,"href":"https:\/\/fokuset.com\/index.php\/wp-json\/wp\/v2\/categories?post=5083"},{"taxonomy":"post_tag","embeddable":true,"href":"https:\/\/fokuset.com\/index.php\/wp-json\/wp\/v2\/tags?post=5083"}],"curies":[{"name":"wp","href":"https:\/\/api.w.org\/{rel}","templated":true}]}}