{"id":5076,"date":"2023-09-12T10:56:43","date_gmt":"2023-09-12T10:56:43","guid":{"rendered":"https:\/\/fokuset.com\/?p=5076"},"modified":"2023-09-12T11:33:52","modified_gmt":"2023-09-12T11:33:52","slug":"kim-jong-un-framme-i-ryssland","status":"publish","type":"post","link":"https:\/\/fokuset.com\/index.php\/2023\/09\/12\/kim-jong-un-framme-i-ryssland\/","title":{"rendered":"Kim Jong-Un framme i Ryssland"},"content":{"rendered":"\n<p>Ett t\u00e5g med den nordkoreanske diktatorn Kim Jong-Un har tagit sig in i Ryssland, uppgav den ryska statliga nyhetsbyr\u00e5n Ria p\u00e5 tisdagen.<\/p>\n\n\n\n<p>T\u00e5get korsade gr\u00e4nsen fr\u00e5n Nordkorea till den ostliga ryska regionen Primorskij, enligt Ria.<\/p>\n\n\n\n<p>I Ryssland v\u00e4ntar ett m\u00f6te med president Vladimir Putin, vilket b\u00e5de Kreml och Nordkoreas statliga nyhetsbyr\u00e5 KCNA bekr\u00e4ftade i m\u00e5ndags.<\/p>\n\n\n\n<p>Kim Jong-Un klev p\u00e5 sitt bepansrade t\u00e5g och l\u00e4mnade Pyongyang i s\u00f6ndags, enligt KCNA, som l\u00e4mnade det osagt om t\u00e5get passerat den ryska gr\u00e4nsen. P\u00e5 t\u00e5get satt ocks\u00e5 milit\u00e4rtoppar, regeringsf\u00f6retr\u00e4dare och tj\u00e4nstem\u00e4n inom vapenproduktion och rymdteknik.<\/p>\n\n\n\n<h2 class=\"wp-block-heading\" id=\"mer-vapen\">Mer vapen<\/h2>\n\n\n\n<p>De b\u00e5da ledarna v\u00e4ntas diskutera m\u00f6jligheterna f\u00f6r Nordkorea att f\u00f6rse Ryssland med mer vapen f\u00f6r att anv\u00e4nda i kriget mot Ukraina, uppger k\u00e4llor till The New York Times.<\/p>\n\n\n\n<p>Enligt tidningens k\u00e4llor vill Putin att Kim Jong-Un skickar artillerigranater och pansarv\u00e4rnsrobotar till Ryssland, och att Nordkorea i utbyte f\u00e5r avancerad teknik f\u00f6r satelliter och atomub\u00e5tar. Kim Jong-Un uppges ocks\u00e5 vilja ha matst\u00f6d till sitt utarmade land.<\/p>\n\n\n\n<h2 class=\"wp-block-heading\" id=\"oklar-motesplats\">Oklar m\u00f6tesplats<\/h2>\n\n\n\n<p>Kremls talesperson Dmitrij Peskov sade i m\u00e5ndags att Putin och Kim kommer att leda sina delegationer i samtal och kan ocks\u00e5 komma att tr\u00e4ffas enskilt om det beh\u00f6vs.<\/p>\n\n\n\n<p>Vidare sade Peskov enligt ryska medier att ledarna b\u00f6r ignorera USA:s &#8220;varningar&#8221; om att det kommer bli konsekvenser om Nordkorea f\u00f6rser Moskva med vapen.<\/p>\n\n\n\n<p>&#8220;Det \u00e4r naturligt att vi som grannar \u00e4ven samarbetar i k\u00e4nsliga omr\u00e5den som inte b\u00f6r vara f\u00f6rem\u00e5l f\u00f6r offentliga avsl\u00f6janden och tillk\u00e4nnagivanden. Det \u00e4r helt normalt f\u00f6r grannstater,&#8221; sade Peskov.<\/p>\n\n\n\n<p>Han tillade att Putin kommer att vara v\u00e4rd f\u00f6r en officiell middag f\u00f6r Kim.<\/p>\n\n\n\n<p>Det \u00e4r oklart n\u00e4r och var i Ryssland de tv\u00e5 ledarna ska tr\u00e4ffas. En m\u00f6jlig plats f\u00f6r m\u00f6tet \u00e4r den ryska staden Vladivostok, cirka 130 kilometer fr\u00e5n gr\u00e4nsen till Nordkorea, dit Putin anl\u00e4nde i m\u00e5ndags f\u00f6r att delta i ett internationellt toppm\u00f6te som p\u00e5g\u00e5r fram till onsdagen.<\/p>\n","protected":false},"excerpt":{"rendered":"<p>Ett t\u00e5g med den nordkoreanske diktatorn Kim Jong-Un har tagit sig in i Ryssland, uppgav den ryska statliga nyhetsbyr\u00e5n Ria p\u00e5 tisdagen. T\u00e5get korsade gr\u00e4nsen fr\u00e5n Nordkorea till den ostliga ryska regionen Primorskij, enligt Ria. I Ryssland v\u00e4ntar ett m\u00f6te med president Vladimir Putin, vilket b\u00e5de Kreml och Nordkoreas statliga nyhetsbyr\u00e5 KCNA bekr\u00e4ftade i m\u00e5ndags.<\/p>\n","protected":false},"author":2,"featured_media":5077,"comment_status":"open","ping_status":"open","sticky":false,"template":"","format":"standard","meta":{"footnotes":""},"categories":[4],"tags":[279],"class_list":{"0":"post-5076","1":"post","2":"type-post","3":"status-publish","4":"format-standard","5":"has-post-thumbnail","7":"category-varlds-nyheter","8":"tag-kim-jong"},"_links":{"self":[{"href":"https:\/\/fokuset.com\/index.php\/wp-json\/wp\/v2\/posts\/5076","targetHints":{"allow":["GET"]}}],"collection":[{"href":"https:\/\/fokuset.com\/index.php\/wp-json\/wp\/v2\/posts"}],"about":[{"href":"https:\/\/fokuset.com\/index.php\/wp-json\/wp\/v2\/types\/post"}],"author":[{"embeddable":true,"href":"https:\/\/fokuset.com\/index.php\/wp-json\/wp\/v2\/users\/2"}],"replies":[{"embeddable":true,"href":"https:\/\/fokuset.com\/index.php\/wp-json\/wp\/v2\/comments?post=5076"}],"version-history":[{"count":1,"href":"https:\/\/fokuset.com\/index.php\/wp-json\/wp\/v2\/posts\/5076\/revisions"}],"predecessor-version":[{"id":5078,"href":"https:\/\/fokuset.com\/index.php\/wp-json\/wp\/v2\/posts\/5076\/revisions\/5078"}],"wp:featuredmedia":[{"embeddable":true,"href":"https:\/\/fokuset.com\/index.php\/wp-json\/wp\/v2\/media\/5077"}],"wp:attachment":[{"href":"https:\/\/fokuset.com\/index.php\/wp-json\/wp\/v2\/media?parent=5076"}],"wp:term":[{"taxonomy":"category","embeddable":true,"href":"https:\/\/fokuset.com\/index.php\/wp-json\/wp\/v2\/categories?post=5076"},{"taxonomy":"post_tag","embeddable":true,"href":"https:\/\/fokuset.com\/index.php\/wp-json\/wp\/v2\/tags?post=5076"}],"curies":[{"name":"wp","href":"https:\/\/api.w.org\/{rel}","templated":true}]}}