{"id":5067,"date":"2023-09-12T10:34:48","date_gmt":"2023-09-12T10:34:48","guid":{"rendered":"https:\/\/fokuset.com\/?p=5067"},"modified":"2023-09-12T10:34:50","modified_gmt":"2023-09-12T10:34:50","slug":"tre-bilar-i-krock-vag-helt-avstangd","status":"publish","type":"post","link":"https:\/\/fokuset.com\/index.php\/2023\/09\/12\/tre-bilar-i-krock-vag-helt-avstangd\/","title":{"rendered":"Tre bilar i krock \u2013 v\u00e4g helt avst\u00e4ngd"},"content":{"rendered":"\n<p>Strax efter \u00e5tta larmades r\u00e4ddningstj\u00e4nst, polis och ambulans till en trafikolycka p\u00e5 l\u00e4nsv\u00e4g 503 vid Lindome.<\/p>\n\n\n\n<p>\u2013 Det \u00e4r tre bilar som har kolliderat, s\u00e4ger Mats Gr\u00e4nsmark, larm- och ledningsoperat\u00f6r p\u00e5 r\u00e4ddningstj\u00e4nsten.<\/p>\n\n\n\n<h2 class=\"wp-block-heading\" id=\"en-bil-borjade-brinna\">En bil b\u00f6rjade brinna<\/h2>\n\n\n\n<p>R\u00e4ddningstj\u00e4nsten \u00e4r p\u00e5 plats tillsammans med flera ambulanser och polisen. \u00c4ven en ambulanshelikopter har landat p\u00e5 platsen.<\/p>\n\n\n\n<p>\u2013 Vi har st\u00e4ngt av v\u00e4gen helt. Den kommer nog vara avst\u00e4ngd en bra stund, s\u00e4ger Mats Gr\u00e4nsmark.<\/p>\n\n\n\n<p>Enligt polisen b\u00f6rjade en av bilarna brinna efter olyckan.<\/p>\n\n\n\n<p>Vid 10.10 uppgav larm- och ledningsoperat\u00f6r Johan Eklund att r\u00e4ddningstj\u00e4nsten l\u00e4mnat platsen och att de \u00e4r klara med h\u00e4ndelsen.<\/p>\n\n\n\n<p>\u2013 Vi har inga uppgifter \u00e4n p\u00e5 om v\u00e4gen fortfarande \u00e4r avst\u00e4ngd eller inte, s\u00e4ger Johan Eklund.<\/p>\n\n\n\n<h2 class=\"wp-block-heading\" id=\"flera-skadade\">Flera skadade<\/h2>\n\n\n\n<p>Enligt polisen har fyra personer f\u00f6rts till sjukhus, en med ambulanshelikopter och tre med ambulans. Det \u00e4r i nul\u00e4get oklart om fler personer har varit inblandade i olyckan.<\/p>\n\n\n\n<p>Sahlgrenska sjukhus har tagit emot tre personer, tv\u00e5 m\u00e4n i 30-\u00e5rs\u00e5ldern och en kvinna i 60-\u00e5rs\u00e5ldern.<\/p>\n\n\n\n<p>\u2013 En av m\u00e4nnen \u00e4r allvarligt skadad, de andra tv\u00e5 \u00e4r lindrigt skadade, s\u00e4ger Ingrid Fredriksson, presskommunikat\u00f6r p\u00e5 sjukhuset.<\/p>\n\n\n\n<p>Vid 10-tiden meddelade polisen att de var kvar p\u00e5 platsen, men att det inte l\u00e4ngre var helt stopp i trafiken p\u00e5 v\u00e4gen.<\/p>\n\n\n\n<p>\u2013 Det \u00e4r en del b\u00e4rgningsarbete och utredningsarbete kvar, s\u00e4ger Fredrik Svedemyr, polisens presstalesperson.<\/p>\n\n\n\n<h2 class=\"wp-block-heading\" id=\"personer-ska-ha-varit-fastklamda\">Personer ska ha varit fastkl\u00e4mda<\/h2>\n\n\n\n<p>Larm- och ledningsoperat\u00f6r Johan Eklund uppger att tv\u00e5 eller tre personer har varit fastkl\u00e4mda p\u00e5 platsen men att detta \u00e4r \u00e5tg\u00e4rdat nu.<\/p>\n\n\n\n<p>\u2013 Vi har \u00f6ppnat upp n\u00e5gra bilar f\u00f6r att f\u00e5 loss folk som var fastkl\u00e4mda, s\u00e4ger Johan Eklund.<\/p>\n\n\n\n<p><\/p>\n\n\n\n<p><\/p>\n\n\n\n<p><\/p>\n\n\n\n<p><\/p>\n\n\n\n<p><\/p>\n","protected":false},"excerpt":{"rendered":"<p>Strax efter \u00e5tta larmades r\u00e4ddningstj\u00e4nst, polis och ambulans till en trafikolycka p\u00e5 l\u00e4nsv\u00e4g 503 vid Lindome. \u2013 Det \u00e4r tre bilar som har kolliderat, s\u00e4ger Mats Gr\u00e4nsmark, larm- och ledningsoperat\u00f6r p\u00e5 r\u00e4ddningstj\u00e4nsten. En bil b\u00f6rjade brinna R\u00e4ddningstj\u00e4nsten \u00e4r p\u00e5 plats tillsammans med flera ambulanser och polisen. \u00c4ven en ambulanshelikopter har landat p\u00e5 platsen. \u2013 Vi<\/p>\n","protected":false},"author":2,"featured_media":5068,"comment_status":"open","ping_status":"open","sticky":false,"template":"","format":"standard","meta":{"footnotes":""},"categories":[3],"tags":[276],"class_list":{"0":"post-5067","1":"post","2":"type-post","3":"status-publish","4":"format-standard","5":"has-post-thumbnail","7":"category-nyhetsdygnet","8":"tag-storgoteborg"},"_links":{"self":[{"href":"https:\/\/fokuset.com\/index.php\/wp-json\/wp\/v2\/posts\/5067","targetHints":{"allow":["GET"]}}],"collection":[{"href":"https:\/\/fokuset.com\/index.php\/wp-json\/wp\/v2\/posts"}],"about":[{"href":"https:\/\/fokuset.com\/index.php\/wp-json\/wp\/v2\/types\/post"}],"author":[{"embeddable":true,"href":"https:\/\/fokuset.com\/index.php\/wp-json\/wp\/v2\/users\/2"}],"replies":[{"embeddable":true,"href":"https:\/\/fokuset.com\/index.php\/wp-json\/wp\/v2\/comments?post=5067"}],"version-history":[{"count":1,"href":"https:\/\/fokuset.com\/index.php\/wp-json\/wp\/v2\/posts\/5067\/revisions"}],"predecessor-version":[{"id":5069,"href":"https:\/\/fokuset.com\/index.php\/wp-json\/wp\/v2\/posts\/5067\/revisions\/5069"}],"wp:featuredmedia":[{"embeddable":true,"href":"https:\/\/fokuset.com\/index.php\/wp-json\/wp\/v2\/media\/5068"}],"wp:attachment":[{"href":"https:\/\/fokuset.com\/index.php\/wp-json\/wp\/v2\/media?parent=5067"}],"wp:term":[{"taxonomy":"category","embeddable":true,"href":"https:\/\/fokuset.com\/index.php\/wp-json\/wp\/v2\/categories?post=5067"},{"taxonomy":"post_tag","embeddable":true,"href":"https:\/\/fokuset.com\/index.php\/wp-json\/wp\/v2\/tags?post=5067"}],"curies":[{"name":"wp","href":"https:\/\/api.w.org\/{rel}","templated":true}]}}