{"id":5064,"date":"2023-09-12T10:28:40","date_gmt":"2023-09-12T10:28:40","guid":{"rendered":"https:\/\/fokuset.com\/?p=5064"},"modified":"2023-09-12T10:28:41","modified_gmt":"2023-09-12T10:28:41","slug":"alkoholrad-skarps-max-tre-ol-pa-en-kvall","status":"publish","type":"post","link":"https:\/\/fokuset.com\/index.php\/2023\/09\/12\/alkoholrad-skarps-max-tre-ol-pa-en-kvall\/","title":{"rendered":"Alkoholr\u00e5d sk\u00e4rps \u2013 max tre \u00f6l p\u00e5 en kv\u00e4ll"},"content":{"rendered":"\n<p>De nya rekommendationerna fr\u00e5n Socialstyrelsen \u00e4r att h\u00e4lso- och sjukv\u00e5rden b\u00f6r erbjuda st\u00f6d till dem som dricker tio standardglas eller mer per vecka, eller fyra standardglas eller mer per tillf\u00e4lle en g\u00e5ng i m\u00e5naden eller oftare. Ett standardglas motsvarar en liten stark\u00f6l (33 cl) eller ett glas vin.<\/p>\n\n\n\n<p>Det inneb\u00e4r att en individ enligt Socialstyrelsens nya rekommendationer maximalt b\u00f6r inta tv\u00e5 s\u00e5 kallade stora stark, inneh\u00e5llande 50 cl per glas, per tillf\u00e4lle.<\/p>\n\n\n\n<p>Dricker man mer \u00e4n s\u00e5 klassas det enligt Socialstyrelsen som riskbruk.<\/p>\n\n\n\n<p>F\u00f6r kvinnor inneb\u00e4r det ingen f\u00f6r\u00e4ndring j\u00e4mf\u00f6rt med de f\u00f6rra rekommendationerna. Men f\u00f6r m\u00e4n inneb\u00e4r det en minskning med fem standardglas per vecka och ett standardglas per tillf\u00e4lle.<\/p>\n\n\n\n<h2 class=\"wp-block-heading\" id=\"socialstyrelsen-fyra-glas-bedoms-som-intensivkonsumtion\">Socialstyrelsen: Fyra glas bed\u00f6ms som intensivkonsumtion<\/h2>\n\n\n\n<p>Per Ek \u00e4r enhetschef p\u00e5 Socialstyrelsen och bekr\u00e4ftar bilden av att det \u00e4r max tre glas per tillf\u00e4lle som g\u00e4ller. \u00d6verstigs den m\u00e4ngden bed\u00f6ms individen hamna i riskzon f\u00f6r \u00f6verkonsumtion.<\/p>\n\n\n\n<p>\u2013 Ja, precis s\u00e5 \u00e4r det. Max tre \u00f6l vid tillf\u00e4lle. Fyra glas bed\u00f6ms som intensivkonsumtion.<\/p>\n\n\n\n<p><strong>Vem \u00e4r det som ska g\u00f6ra de enskilda bed\u00f6mningarna kring detta?<\/strong><\/p>\n\n\n\n<p>\u2013 V\u00e5rden. De h\u00e4r rekommendationerna \u00e4r i f\u00f6rsta hand skrivna till sjukv\u00e5rden och inte till allm\u00e4nheten.<\/p>\n\n\n\n<p><strong>Hur m\u00e5nga svenskar \u00e4r det som ligger i riskzonen, skulle du s\u00e4ga?<\/strong><\/p>\n\n\n\n<p>\u2013 Ingen som helst aning. Jag vet inte ens om vi har tittat p\u00e5 det. Det \u00e4r en fr\u00e5ga f\u00f6r v\u00e5rden.<\/p>\n\n\n\n<p><strong>Vart ska man v\u00e4nda sig om man ligger i riskzonen, \u00e4r det i f\u00f6rsta hand v\u00e5rdcentralen?<\/strong><\/p>\n\n\n\n<p>\u2013 Det beror p\u00e5 vilka kontaktytor med v\u00e5rden man har.<\/p>\n\n\n\n<h2 class=\"wp-block-heading\" id=\"okad-cancerrisk\">\u00d6kad cancerrisk<\/h2>\n\n\n\n<p>Anledningen till att rekommendationerna nu sk\u00e4rps f\u00f6r m\u00e4nnen \u00e4r att forskning p\u00e5 omr\u00e5det visar att de l\u00f6per st\u00f6rre risk \u00e4n man tidigare trott att drabbas av alkoholrelaterade skador, enligt Thomas Lind\u00e9n, avdelningschef p\u00e5 Socialstyrelsen.<\/p>\n\n\n\n<p>\u2013 Den visar att, f\u00f6rutom risken f\u00f6r beroende och skador p\u00e5 hj\u00e4rna och lever, s\u00e5 finns det ocks\u00e5 en \u00f6kad risk f\u00f6r cancer som \u00e4r b\u00e4ttre kartlagd nu \u00e4n vad den har varit tidigare, s\u00e4ger han.<\/p>\n\n\n\n<p>Varf\u00f6r gr\u00e4nserna f\u00f6r riskbruk av alkohol var h\u00f6gre f\u00f6r m\u00e4n \u00e4n f\u00f6r kvinnor i de f\u00f6rra rekommendationerna berodde enligt Thomas Lind\u00e9n p\u00e5 att kvinnor f\u00e5r en h\u00f6gre alkoholkoncentration i blodet \u00e4n m\u00e4n vid samma konsumtion.<\/p>\n\n\n\n<p>\u2013 Men det vi nu har tagit in \u00e4r allts\u00e5 att m\u00e4n har en st\u00f6rre h\u00e4lsorisk vid samma konsumtion. De drabbas ocks\u00e5 i st\u00f6rre utstr\u00e4ckning av olycksfall i samband med alkoholkonsumtion, s\u00e4ger han.<\/p>\n","protected":false},"excerpt":{"rendered":"<p>De nya rekommendationerna fr\u00e5n Socialstyrelsen \u00e4r att h\u00e4lso- och sjukv\u00e5rden b\u00f6r erbjuda st\u00f6d till dem som dricker tio standardglas eller mer per vecka, eller fyra standardglas eller mer per tillf\u00e4lle en g\u00e5ng i m\u00e5naden eller oftare. Ett standardglas motsvarar en liten stark\u00f6l (33 cl) eller ett glas vin. Det inneb\u00e4r att en individ enligt Socialstyrelsens<\/p>\n","protected":false},"author":2,"featured_media":5065,"comment_status":"open","ping_status":"open","sticky":false,"template":"","format":"standard","meta":{"footnotes":""},"categories":[18],"tags":[274],"class_list":{"0":"post-5064","1":"post","2":"type-post","3":"status-publish","4":"format-standard","5":"has-post-thumbnail","7":"category-samhalle","8":"tag-alkoholrad"},"_links":{"self":[{"href":"https:\/\/fokuset.com\/index.php\/wp-json\/wp\/v2\/posts\/5064","targetHints":{"allow":["GET"]}}],"collection":[{"href":"https:\/\/fokuset.com\/index.php\/wp-json\/wp\/v2\/posts"}],"about":[{"href":"https:\/\/fokuset.com\/index.php\/wp-json\/wp\/v2\/types\/post"}],"author":[{"embeddable":true,"href":"https:\/\/fokuset.com\/index.php\/wp-json\/wp\/v2\/users\/2"}],"replies":[{"embeddable":true,"href":"https:\/\/fokuset.com\/index.php\/wp-json\/wp\/v2\/comments?post=5064"}],"version-history":[{"count":1,"href":"https:\/\/fokuset.com\/index.php\/wp-json\/wp\/v2\/posts\/5064\/revisions"}],"predecessor-version":[{"id":5066,"href":"https:\/\/fokuset.com\/index.php\/wp-json\/wp\/v2\/posts\/5064\/revisions\/5066"}],"wp:featuredmedia":[{"embeddable":true,"href":"https:\/\/fokuset.com\/index.php\/wp-json\/wp\/v2\/media\/5065"}],"wp:attachment":[{"href":"https:\/\/fokuset.com\/index.php\/wp-json\/wp\/v2\/media?parent=5064"}],"wp:term":[{"taxonomy":"category","embeddable":true,"href":"https:\/\/fokuset.com\/index.php\/wp-json\/wp\/v2\/categories?post=5064"},{"taxonomy":"post_tag","embeddable":true,"href":"https:\/\/fokuset.com\/index.php\/wp-json\/wp\/v2\/tags?post=5064"}],"curies":[{"name":"wp","href":"https:\/\/api.w.org\/{rel}","templated":true}]}}