{"id":5044,"date":"2023-07-17T14:53:17","date_gmt":"2023-07-17T14:53:17","guid":{"rendered":"https:\/\/fokuset.com\/?p=5044"},"modified":"2023-07-17T14:53:18","modified_gmt":"2023-07-17T14:53:18","slug":"kristersson-manar-till-is-i-magen-om-nato","status":"publish","type":"post","link":"https:\/\/fokuset.com\/index.php\/2023\/07\/17\/kristersson-manar-till-is-i-magen-om-nato\/","title":{"rendered":"Kristersson manar till &#8220;is i magen&#8221; om Nato"},"content":{"rendered":"\n<p>En vecka efter att Turkiets president Recep Tayyip Erdogan lovat ett slutligt klartecken f\u00f6r Sveriges Natointr\u00e4de &#8220;s\u00e5 fort som m\u00f6jligt&#8221; finns inga besked om n\u00e4r det ska ske.<\/p>\n\n\n\n<p>P\u00e5 sin avslutande presskonferens vid f\u00f6rra veckans Natom\u00f6te l\u00e4t president Erdogan f\u00f6rst\u00e5 att det kan dr\u00f6ja till oktober innan ratificeringen sker.<\/p>\n\n\n\n<h2 class=\"wp-block-heading\" id=\"sa-fort-som-mojligt\">&#8220;S\u00e5 fort som m\u00f6jligt&#8221;<\/h2>\n\n\n\n<p>P\u00e5 v\u00e4g in till m\u00e5ndagens EU-toppm\u00f6te med l\u00e4nderna i Latinamerika k\u00e4nner sig \u00e4nd\u00e5 inte Ulf Kristersson (M) nerv\u00f6s.<\/p>\n\n\n\n<p>\u2013 Jag l\u00e4mnade Natotoppm\u00f6te med en handskakning om att vi \u00e4r \u00f6verens om tagen och att det ska se s\u00e5 fort som m\u00f6jligt. Men sedan f\u00f6rst\u00e5r alla att &#8220;s\u00e5 fort som m\u00f6jligt&#8221; inte \u00e4r n\u00e5gon exakt tidsgr\u00e4ns, s\u00e4ger Kristersson till TT och SR Ekot i Bryssel.<\/p>\n\n\n\n<p>\u2013 Jag k\u00e4nner mig helt komfortabel om att vi \u00e4r \u00f6verens. Jag tror inte att det \u00e4r n\u00e5got problem p\u00e5 n\u00e5got vis men vi f\u00e5r ha lite is i magen nu s\u00e5 att begreppet &#8220;s\u00e5 fort som m\u00f6jligt&#8221; f\u00e5r hinna v\u00e4rka ut, s\u00e4ger statsministern.<\/p>\n\n\n\n<h2 class=\"wp-block-heading\" id=\"inga-nya-ataganden\">Inga nya \u00e5taganden<\/h2>\n\n\n\n<p>Den f\u00e4rdplan mot terrorism som Sverige lovat Turkiet att ta fram ser han inte som n\u00e5got som f\u00f6rst m\u00e5ste genomf\u00f6ras innan en ratificering i det turkiska parlamentet kan bli aktuell.<\/p>\n\n\n\n<p>\u2013 Det \u00e4r inga nya \u00e5taganden \u00f6ver huvud taget utan nu \u00e4r n\u00e4sta steg som ska utf\u00f6ras \u2013 medan Sverige fullf\u00f6ljer det vi h\u00e5ller p\u00e5 med \u2013 en turkisk ratificering, s\u00e4ger statsministern i Bryssel.<\/p>\n","protected":false},"excerpt":{"rendered":"<p>En vecka efter att Turkiets president Recep Tayyip Erdogan lovat ett slutligt klartecken f\u00f6r Sveriges Natointr\u00e4de &#8220;s\u00e5 fort som m\u00f6jligt&#8221; finns inga besked om n\u00e4r det ska ske. P\u00e5 sin avslutande presskonferens vid f\u00f6rra veckans Natom\u00f6te l\u00e4t president Erdogan f\u00f6rst\u00e5 att det kan dr\u00f6ja till oktober innan ratificeringen sker. &#8220;S\u00e5 fort som m\u00f6jligt&#8221; P\u00e5 v\u00e4g<\/p>\n","protected":false},"author":2,"featured_media":5045,"comment_status":"open","ping_status":"open","sticky":false,"template":"","format":"standard","meta":{"footnotes":""},"categories":[3],"tags":[92],"class_list":{"0":"post-5044","1":"post","2":"type-post","3":"status-publish","4":"format-standard","5":"has-post-thumbnail","7":"category-nyhetsdygnet","8":"tag-nato"},"_links":{"self":[{"href":"https:\/\/fokuset.com\/index.php\/wp-json\/wp\/v2\/posts\/5044","targetHints":{"allow":["GET"]}}],"collection":[{"href":"https:\/\/fokuset.com\/index.php\/wp-json\/wp\/v2\/posts"}],"about":[{"href":"https:\/\/fokuset.com\/index.php\/wp-json\/wp\/v2\/types\/post"}],"author":[{"embeddable":true,"href":"https:\/\/fokuset.com\/index.php\/wp-json\/wp\/v2\/users\/2"}],"replies":[{"embeddable":true,"href":"https:\/\/fokuset.com\/index.php\/wp-json\/wp\/v2\/comments?post=5044"}],"version-history":[{"count":1,"href":"https:\/\/fokuset.com\/index.php\/wp-json\/wp\/v2\/posts\/5044\/revisions"}],"predecessor-version":[{"id":5046,"href":"https:\/\/fokuset.com\/index.php\/wp-json\/wp\/v2\/posts\/5044\/revisions\/5046"}],"wp:featuredmedia":[{"embeddable":true,"href":"https:\/\/fokuset.com\/index.php\/wp-json\/wp\/v2\/media\/5045"}],"wp:attachment":[{"href":"https:\/\/fokuset.com\/index.php\/wp-json\/wp\/v2\/media?parent=5044"}],"wp:term":[{"taxonomy":"category","embeddable":true,"href":"https:\/\/fokuset.com\/index.php\/wp-json\/wp\/v2\/categories?post=5044"},{"taxonomy":"post_tag","embeddable":true,"href":"https:\/\/fokuset.com\/index.php\/wp-json\/wp\/v2\/tags?post=5044"}],"curies":[{"name":"wp","href":"https:\/\/api.w.org\/{rel}","templated":true}]}}