{"id":5041,"date":"2023-07-17T14:50:41","date_gmt":"2023-07-17T14:50:41","guid":{"rendered":"https:\/\/fokuset.com\/?p=5041"},"modified":"2023-07-17T14:53:35","modified_gmt":"2023-07-17T14:53:35","slug":"ifk-goteborgs-traning-avbrots-efter-blixtnedslag","status":"publish","type":"post","link":"https:\/\/fokuset.com\/index.php\/2023\/07\/17\/ifk-goteborgs-traning-avbrots-efter-blixtnedslag\/","title":{"rendered":"IFK G\u00f6teborgs tr\u00e4ning avbr\u00f6ts efter blixtnedslag"},"content":{"rendered":"\n<p>Ett \u00e5skov\u00e4der st\u00e4llde till det f\u00f6r Bl\u00e5vitt p\u00e5 m\u00e5ndagen. V\u00e4dergudarna tvingade till slut \u00e4nglarna att s\u00f6ka skydd inne p\u00e5 Kamratg\u00e5rden.<\/p>\n\n\n\n<p>\u2013 Vi s\u00e5g den sl\u00e5 ner och sen gick det bara tv\u00e5 sekunder innan vi h\u00f6rde den, s\u00e5 vi fick vi avbryta, s\u00e4ger IFK G\u00f6teborgs tr\u00e4nare Jens Askou.<\/p>\n\n\n\n<p>Bl\u00e5vitt hade bara 5-10 min kvar av tr\u00e4ningen n\u00e4r blixten slog ner och spelarna gick in och k\u00f6rde i gymmet ist\u00e4llet.<\/p>\n\n\n\n<p>\u2013 Vi ville g\u00e4rna tr\u00e4na mer, men det handlar om s\u00e4kerhet. Det h\u00e4nder inte s\u00e5 ofta, men det finns en del tragiska historier om folk som har d\u00f6tt eller skadats allvarligt p\u00e5 grund av \u00e5ska, s\u00e5 vi tar det s\u00e4kra f\u00f6re det os\u00e4kra.<\/p>\n\n\n\n<p>Imorgon spelar IFK G\u00f6teborg U21-match mot Gais.<\/p>\n\n\n\n<p>\u2013 Spelarna f\u00e5r springa av sig d\u00e5 ist\u00e4llet, s\u00e4ger Askou.<\/p>\n\n\n\n<p>Det har mullrat rej\u00e4lt \u00f6ver staden<em>&nbsp;<\/em>under m\u00e5ndagen och \u00e4ven Liseberg blev tvungna att st\u00e4nga ner flera popul\u00e4ra attraktioner.<\/p>\n","protected":false},"excerpt":{"rendered":"<p>Ett \u00e5skov\u00e4der st\u00e4llde till det f\u00f6r Bl\u00e5vitt p\u00e5 m\u00e5ndagen. V\u00e4dergudarna tvingade till slut \u00e4nglarna att s\u00f6ka skydd inne p\u00e5 Kamratg\u00e5rden. \u2013 Vi s\u00e5g den sl\u00e5 ner och sen gick det bara tv\u00e5 sekunder innan vi h\u00f6rde den, s\u00e5 vi fick vi avbryta, s\u00e4ger IFK G\u00f6teborgs tr\u00e4nare Jens Askou. Bl\u00e5vitt hade bara 5-10 min kvar av<\/p>\n","protected":false},"author":2,"featured_media":5042,"comment_status":"open","ping_status":"open","sticky":false,"template":"","format":"standard","meta":{"footnotes":""},"categories":[18],"tags":[271],"class_list":{"0":"post-5041","1":"post","2":"type-post","3":"status-publish","4":"format-standard","5":"has-post-thumbnail","7":"category-samhalle","8":"tag-ifk-goteborgs"},"_links":{"self":[{"href":"https:\/\/fokuset.com\/index.php\/wp-json\/wp\/v2\/posts\/5041","targetHints":{"allow":["GET"]}}],"collection":[{"href":"https:\/\/fokuset.com\/index.php\/wp-json\/wp\/v2\/posts"}],"about":[{"href":"https:\/\/fokuset.com\/index.php\/wp-json\/wp\/v2\/types\/post"}],"author":[{"embeddable":true,"href":"https:\/\/fokuset.com\/index.php\/wp-json\/wp\/v2\/users\/2"}],"replies":[{"embeddable":true,"href":"https:\/\/fokuset.com\/index.php\/wp-json\/wp\/v2\/comments?post=5041"}],"version-history":[{"count":1,"href":"https:\/\/fokuset.com\/index.php\/wp-json\/wp\/v2\/posts\/5041\/revisions"}],"predecessor-version":[{"id":5043,"href":"https:\/\/fokuset.com\/index.php\/wp-json\/wp\/v2\/posts\/5041\/revisions\/5043"}],"wp:featuredmedia":[{"embeddable":true,"href":"https:\/\/fokuset.com\/index.php\/wp-json\/wp\/v2\/media\/5042"}],"wp:attachment":[{"href":"https:\/\/fokuset.com\/index.php\/wp-json\/wp\/v2\/media?parent=5041"}],"wp:term":[{"taxonomy":"category","embeddable":true,"href":"https:\/\/fokuset.com\/index.php\/wp-json\/wp\/v2\/categories?post=5041"},{"taxonomy":"post_tag","embeddable":true,"href":"https:\/\/fokuset.com\/index.php\/wp-json\/wp\/v2\/tags?post=5041"}],"curies":[{"name":"wp","href":"https:\/\/api.w.org\/{rel}","templated":true}]}}