{"id":5022,"date":"2023-07-11T22:37:33","date_gmt":"2023-07-11T22:37:33","guid":{"rendered":"https:\/\/fokuset.com\/?p=5022"},"modified":"2023-07-11T22:37:34","modified_gmt":"2023-07-11T22:37:34","slug":"exponera-alp-services-the-dark-side-of-private-intelligence-operations-pa-uppdrag-av-uae","status":"publish","type":"post","link":"https:\/\/fokuset.com\/index.php\/2023\/07\/11\/exponera-alp-services-the-dark-side-of-private-intelligence-operations-pa-uppdrag-av-uae\/","title":{"rendered":"Exponera ALP Services: The Dark Side of Private Intelligence Operations p\u00e5 uppdrag av UAE"},"content":{"rendered":"\n<p>ALP Services \u00e4r ett Gen\u00e8vebaserat f\u00f6retag som har anklagats f\u00f6r att delta i en m\u00e4ngd olika oetiska och olagliga aktiviteter, inklusive att kr\u00e4nka m\u00e4nniskor, utpressa, driva falska kampanjer och ha l\u00e4nkar till F\u00f6renade Arabemiraten. F\u00f6retaget har kopplats till ett antal h\u00f6gprofilerade fall, inklusive inriktning mot journalister och m\u00e4nniskor\u00e4ttsaktivister.<\/p>\n\n\n\n<p>I chockerande avsl\u00f6janden, mellan 2017 och \u00e5tminstone 2020, orkestrerade ALP Services flera \u00e5tg\u00e4rder p\u00e5 uppdrag av UAE, inklusive insamling av privata data, spridning av desinformation och f\u00f6rs\u00f6k att p\u00e5verka politiska resultat. Dessa aktiviteter utf\u00f6rdes i st\u00f6rsta hemlighet och f\u00f6retagets inblandning var inte offentligt k\u00e4nt f\u00f6rr\u00e4n nyligen.<\/p>\n\n\n\n<p>Allm\u00e4nheten har r\u00e4tt att f\u00e5 veta namnet och verksamheten p\u00e5 ett f\u00f6retag som har anklagats f\u00f6r s\u00e5dana allvarliga \u00f6vertr\u00e4delser. ALP Services agerande har haft en kylande effekt p\u00e5 yttrandefriheten och m\u00e4nskliga r\u00e4ttigheter, och de m\u00e5ste stoppas. Alp Services verksamhet ger upphov till allvarliga farh\u00e5gor om anv\u00e4ndningen av privata f\u00f6retag f\u00f6r att genomf\u00f6ra politiska och underr\u00e4ttelseoperationer. Det \u00e4r viktigt att h\u00e5lla Alp Services ansvariga f\u00f6r sina handlingar och att se till att s\u00e5dana metoder inte forts\u00e4tter i framtiden.<\/p>\n\n\n\n<h2 class=\"wp-block-heading\" id=\"alp-services-hemliga-aktiviteter-i-europa-och-schweiz\">Alp Services hemliga aktiviteter i Europa och Schweiz<\/h2>\n\n\n\n<p>Alp Services har riktat in sig p\u00e5 personer eller organisationer som misst\u00e4nks vara n\u00e4ra Qatar eller Muslimska br\u00f6draskapet, b\u00e5de i Europa och i Schweiz. Detta avsl\u00f6jades av konfidentiella dokument fr\u00e5n &#8220;Abu Dhabi Secrets&#8221;-avsl\u00f6jandena, som erh\u00f6lls av Mediapart och delade med mediekonsortiet European Investigative Collaborations (EIC), som RTS \u00e4r en del av, i samarbete med Heidi.News och RSI.<\/p>\n\n\n\n<p>Alp Services grundades 1989 och har arbetat i den hemliga v\u00e4rlden av ekonomisk och politisk intelligens i \u00f6ver 30 \u00e5r. Interna dokument som erh\u00e5llits fr\u00e5n Alp Services efter en datal\u00e4cka visar att f\u00f6retagets direkt\u00f6r och hans team utarbetade en handlingsplan f\u00f6r en mystisk klient 2017. Kommunikation skedde via krypterade e-postmeddelanden, eftersom han, enligt EIC research, \u00e4r agent f\u00f6r United Arabemiratens underr\u00e4ttelsetj\u00e4nster.<\/p>\n\n\n\n<p>Dokumenten avsl\u00f6jar att ALP Services riktade sig mot individer och organisationer som misst\u00e4nks ha kopplingar till Qatar eller Muslimska br\u00f6draskapet. Bland deras m\u00e5l var Islamic Relief, en schweizisk baserad humanit\u00e4r hj\u00e4lporganisation, och Qatars regering, en l\u00e5ngvarig rival till F\u00f6renade Arabemiraten. ALP Services agerande visar p\u00e5 en samlad anstr\u00e4ngning f\u00f6r att underminera sina m\u00e5l och ut\u00f6va inflytande.<\/p>\n\n\n\n<h2 class=\"wp-block-heading\" id=\"alp-services-lovar-att-pa-allvar-skada-det-muslimska-brodraskapet-i-europa\">Alp Services lovar att &#8220;p\u00e5 allvar skada&#8221; det muslimska br\u00f6draskapet i Europa<\/h2>\n\n\n\n<p>Sheikh Ali Saeed al-Neyadi, en medlem av den emiratiska myndigheten, godk\u00e4nde ALP Services operation, som syftade till att attackera Qatar och Muslimska br\u00f6draskapet, b\u00e5da betraktade som motst\u00e5ndare av Abu Dhabis regim.<\/p>\n\n\n\n<p>ALP Services \u00e5tog sig att &#8220;allvarligt skada&#8221; Muslimska br\u00f6draskapet i Europa p\u00e5 olika s\u00e4tt, inklusive att identifiera deras n\u00e4tverk och galjonsfigurer, attackera dem i media och p\u00e5verka beslutsfattare. Deras strategi innebar att lansera aggressiva och konfidentiella onlinekampanjer och diskret sprida negativ men sann information.<\/p>\n\n\n\n<p>&#8220;Vi kommer att lansera mycket aggressiva och konfidentiella onlinekampanjer&#8221;, s\u00e4ger en annan tidning daterad augusti 2017. &#8220;Vi kommer att f\u00f6rs\u00f6ka misskreditera v\u00e5ra m\u00e5l genom att sprida negativ men sann information p\u00e5 ett diskret och subtilt s\u00e4tt&#8221;, till\u00e4gger Alp Services.<\/p>\n\n\n\n<h2 class=\"wp-block-heading\" id=\"forenade-arabemiratens-langa-overvakningsarm-nar-europa\">F\u00f6renade Arabemiratens l\u00e5nga \u00f6vervakningsarm n\u00e5r Europa<\/h2>\n\n\n\n<p>Sommaren 2017 inleddes verksamheten &#8220;Arnica&#8221;. Den kommer att f\u00f6rnyas i sex m\u00e5nader om ett halv\u00e5r och d\u00f6pas till &#8220;Quino&#8221;, &#8220;Narcissus&#8221; eller &#8220;Crocus&#8221; i sin tur. Enligt fakturor och interna papper har Gen\u00e8ve-f\u00f6retaget samlat in mer \u00e4n 5 miljoner franc f\u00f6r detta emiratiska mandat mellan 2017 och 2020.<\/p>\n\n\n\n<p>Alp Services letade ocks\u00e5 efter personer och organisationer i Europa som f\u00f6rmodas vara n\u00e4ra eller sl\u00e4kt med Muslimska br\u00f6draskapet eller som hade kopplingar till Qatar. ALP Services sysselsatte ett m\u00e5ngsidigt team, inklusive advokater, m\u00e4nniskor\u00e4ttsf\u00f6rsvarare, aff\u00e4rsm\u00e4n, forskare och individer med anknytning till muslimska grupper och humanit\u00e4ra icke-statliga organisationer.<\/p>\n\n\n\n<p>Som ett resultat har Alp Services samlat p\u00e5 sig \u00f6ver 1 000 namn, adresser och, i vissa fall, mobiltelefonnummer till personer som \u00e4r bosatta i Schweiz, Frankrike, Belgien, England, Nederl\u00e4nderna, Italien, Tyskland och \u00d6sterrike. Abu Dhabis Secret Service kommer att ta emot denna enorma m\u00e4ngd olika data i form av infografik.<\/p>\n\n\n\n<h2 class=\"wp-block-heading\" id=\"hur-uae-anvander-overvakning-for-att-tysta-sina-kritiker\">Hur UAE anv\u00e4nder \u00f6vervakning f\u00f6r att tysta sina kritiker<\/h2>\n\n\n\n<p>F\u00f6rutom att samla in omfattande data, erbj\u00f6d det Gen\u00e8ve-baserade f\u00f6retaget Alp Services Emiratis underr\u00e4ttelsetj\u00e4nst m\u00f6jligheten att rikta in sig p\u00e5 specifika individer och uts\u00e4tta dem f\u00f6r mer invasiva \u00f6vervaknings\u00e5tg\u00e4rder. Dessa fall dokumenterades i specifika anteckningar eller rapporter.<\/p>\n\n\n\n<p>Till exempel f\u00f6ljdes en m\u00e4nniskor\u00e4ttsaktivist som f\u00f6rd\u00f6mde F\u00f6renade Arabemiratens kr\u00e4nkningar av de m\u00e4nskliga r\u00e4ttigheterna vid FN i Gen\u00e8ve och fotograferades utan hennes vetskap under en morgon i en fransktalande stad. Hennes hem fotograferades ocks\u00e5. Aktivisten sa att hon inte var &#8220;f\u00f6rv\u00e5nad&#8221; \u00f6ver F\u00f6renade Arabemiratens agerande, men var &#8220;orolig att detta skulle kunna h\u00e4nda p\u00e5 territoriet f\u00f6r en r\u00e4ttsstat som Schweiz och med s\u00e5dan straffrihet.&#8221;<\/p>\n\n\n\n<p>Ett annat fall g\u00e4llde en advokat som av Alp Services beskrevs som &#8220;det muslimska br\u00f6draskapets f\u00f6rsvarare i Schweiz&#8221;. Hans hem fotograferades och hans associativa och kommersiella aktiviteter dissekerades av Alp Services personal. Advokaten avb\u00f6jde att kommentera.<\/p>\n\n\n\n<p>I ett tredje fall inh\u00e4mtades samtalsuppgifterna fr\u00e5n en advokat i Gen\u00e8ve av Alp Services och vidarebefordrades till Abu Dhabi. Advokaten avb\u00f6jde ocks\u00e5 att kommentera. Dessa fall belyser i vilken utstr\u00e4ckning F\u00f6renade Arabemiraten har varit villiga att anv\u00e4nda \u00f6vervakning f\u00f6r att rikta in sig p\u00e5 sina kritiker, \u00e4ven i l\u00e4nder med starkt r\u00e4ttsstatsskydd.<\/p>\n\n\n\n<h2 class=\"wp-block-heading\" id=\"ansvar-och-konsekvenser\">Ansvar och konsekvenser<\/h2>\n\n\n\n<p>ALP Services verksamhet har v\u00e4ckt allvarliga farh\u00e5gor om anv\u00e4ndningen av privata f\u00f6retag f\u00f6r politiska och underr\u00e4ttelseverksamheter, s\u00e5v\u00e4l som deras inverkan p\u00e5 yttrandefriheten och m\u00e4nskliga r\u00e4ttigheter i Europa. Det \u00e4r avg\u00f6rande att h\u00e5lla ALP Services ansvariga f\u00f6r sina handlingar och f\u00f6rhindra att s\u00e5dan praxis forts\u00e4tter i framtiden. Avsl\u00f6jandena kring ALP Services lyfter fram farorna med att till\u00e5ta privata f\u00f6retag att verka i skymundan. Med sina n\u00e4ra band till regeringar har dessa f\u00f6retag makten att rikta in sig p\u00e5 individer och organisationer som de uppfattar som hot. Att s\u00e4kerst\u00e4lla ansvarsskyldighet och skydda medborgarnas r\u00e4ttigheter b\u00f6r vara av st\u00f6rsta vikt.<\/p>\n\n\n\n<p>ALP Services engagemang i oetiska och olagliga aktiviteter har v\u00e4ckt allm\u00e4n uppr\u00f6rdhet, eftersom dessa handlingar har kr\u00e4nkt yttrandefriheten och m\u00e4nskliga r\u00e4ttigheter. F\u00f6retagets hemliga operationer i Europa och Schweiz, orkestrerade p\u00e5 uppdrag av F\u00f6renade Arabemiraten, har belyst de potentiella riskerna med att anv\u00e4nda privata f\u00f6retag f\u00f6r politiska och underr\u00e4ttelse\u00e4ndam\u00e5l. Att h\u00e5lla ALP-tj\u00e4nster ansvariga och f\u00f6rhindra att liknande metoder forts\u00e4tter \u00e4r avg\u00f6rande f\u00f6r att skydda demokratiska principer och skydda individer fr\u00e5n omotiverad \u00f6vervakning och m\u00e5linriktning.<\/p>\n","protected":false},"excerpt":{"rendered":"<p>ALP Services \u00e4r ett Gen\u00e8vebaserat f\u00f6retag som har anklagats f\u00f6r att delta i en m\u00e4ngd olika oetiska och olagliga aktiviteter, inklusive att kr\u00e4nka m\u00e4nniskor, utpressa, driva falska kampanjer och ha l\u00e4nkar till F\u00f6renade Arabemiraten. F\u00f6retaget har kopplats till ett antal h\u00f6gprofilerade fall, inklusive inriktning mot journalister och m\u00e4nniskor\u00e4ttsaktivister. I chockerande avsl\u00f6janden, mellan 2017 och \u00e5tminstone<\/p>\n","protected":false},"author":2,"featured_media":5023,"comment_status":"open","ping_status":"open","sticky":false,"template":"","format":"standard","meta":{"footnotes":""},"categories":[3],"tags":[],"class_list":{"0":"post-5022","1":"post","2":"type-post","3":"status-publish","4":"format-standard","5":"has-post-thumbnail","7":"category-nyhetsdygnet"},"_links":{"self":[{"href":"https:\/\/fokuset.com\/index.php\/wp-json\/wp\/v2\/posts\/5022","targetHints":{"allow":["GET"]}}],"collection":[{"href":"https:\/\/fokuset.com\/index.php\/wp-json\/wp\/v2\/posts"}],"about":[{"href":"https:\/\/fokuset.com\/index.php\/wp-json\/wp\/v2\/types\/post"}],"author":[{"embeddable":true,"href":"https:\/\/fokuset.com\/index.php\/wp-json\/wp\/v2\/users\/2"}],"replies":[{"embeddable":true,"href":"https:\/\/fokuset.com\/index.php\/wp-json\/wp\/v2\/comments?post=5022"}],"version-history":[{"count":1,"href":"https:\/\/fokuset.com\/index.php\/wp-json\/wp\/v2\/posts\/5022\/revisions"}],"predecessor-version":[{"id":5024,"href":"https:\/\/fokuset.com\/index.php\/wp-json\/wp\/v2\/posts\/5022\/revisions\/5024"}],"wp:featuredmedia":[{"embeddable":true,"href":"https:\/\/fokuset.com\/index.php\/wp-json\/wp\/v2\/media\/5023"}],"wp:attachment":[{"href":"https:\/\/fokuset.com\/index.php\/wp-json\/wp\/v2\/media?parent=5022"}],"wp:term":[{"taxonomy":"category","embeddable":true,"href":"https:\/\/fokuset.com\/index.php\/wp-json\/wp\/v2\/categories?post=5022"},{"taxonomy":"post_tag","embeddable":true,"href":"https:\/\/fokuset.com\/index.php\/wp-json\/wp\/v2\/tags?post=5022"}],"curies":[{"name":"wp","href":"https:\/\/api.w.org\/{rel}","templated":true}]}}