{"id":5002,"date":"2023-06-18T15:44:24","date_gmt":"2023-06-18T15:44:24","guid":{"rendered":"https:\/\/fokuset.com\/?p=5002"},"modified":"2023-06-18T15:44:24","modified_gmt":"2023-06-18T15:44:24","slug":"installda-konstmassor-skylls-pa-brexit","status":"publish","type":"post","link":"https:\/\/fokuset.com\/index.php\/2023\/06\/18\/installda-konstmassor-skylls-pa-brexit\/","title":{"rendered":"Inst\u00e4llda konstm\u00e4ssor skylls p\u00e5 brexit"},"content":{"rendered":"\n<p>Tv\u00e5 stora konstm\u00e4ssor skulle ha h\u00e5llits i Storbritannien i sommar, men tidigare i \u00e5r meddelades att b\u00e5de Masterpiece och Olympia st\u00e4lls in. Nu varnar arrang\u00f6rerna f\u00f6r att brexit har skapat stora hinder f\u00f6r landets konstmarknad.<\/p>\n\n\n\n<p>Arrang\u00f6rerna av Masterpiece uppger att antalet EU-baserade gallerier som ans\u00f6kt om att st\u00e4lla ut i \u00e5r har sjunkit med 86 procent j\u00e4mf\u00f6rt med 2018, enligt&nbsp;<a href=\"https:\/\/news.sky.com\/story\/two-major-art-festivals-have-been-cancelled-with-brexit-partly-to-blame-12904633\" rel=\"nofollow noopener\" target=\"_blank\">Sky News<\/a>. \u00c4ven fraktf\u00f6retaget f\u00f6r konst, Gander and Whites, ser en skillnad.<\/p>\n\n\n\n<p>\u2013 Konstverk fr\u00e5n EU till Storbritannien beh\u00f6ver nu godk\u00e4nnande av tullen och betalning av moms. Det \u00e4r mer komplexa tullf\u00f6rfaranden som vi nu m\u00e5ste f\u00f6lja och verksamheten har definitivt p\u00e5verkats, s\u00e4ger verksamhetschef Victor Khureya.<\/p>\n\n\n\n<p>Mellan 2013 och 2022 sj\u00f6nk den brittiska konstmarknaden med 7 procent medan den amerikanska steg med 46 procent, enligt siffror fr\u00e5n en rapport av Art Basel and UBS, som Sky News skriver om. Samtidigt menar f\u00f6retr\u00e4dare f\u00f6r auktionshuset Roseberys i London att marknaden ocks\u00e5 har p\u00e5verkats av pandemin, kriget i Ukraina och en ekonomisk kris.<\/p>\n","protected":false},"excerpt":{"rendered":"<p>Tv\u00e5 stora konstm\u00e4ssor skulle ha h\u00e5llits i Storbritannien i sommar, men tidigare i \u00e5r meddelades att b\u00e5de Masterpiece och Olympia st\u00e4lls in. Nu varnar arrang\u00f6rerna f\u00f6r att brexit har skapat stora hinder f\u00f6r landets konstmarknad. Arrang\u00f6rerna av Masterpiece uppger att antalet EU-baserade gallerier som ans\u00f6kt om att st\u00e4lla ut i \u00e5r har sjunkit med 86<\/p>\n","protected":false},"author":2,"featured_media":5003,"comment_status":"open","ping_status":"open","sticky":false,"template":"","format":"standard","meta":{"footnotes":""},"categories":[5],"tags":[267,266,268],"class_list":{"0":"post-5002","1":"post","2":"type-post","3":"status-publish","4":"format-standard","5":"has-post-thumbnail","7":"category-underhallning","8":"tag-brexit","9":"tag-konst","10":"tag-konstmassor"},"_links":{"self":[{"href":"https:\/\/fokuset.com\/index.php\/wp-json\/wp\/v2\/posts\/5002","targetHints":{"allow":["GET"]}}],"collection":[{"href":"https:\/\/fokuset.com\/index.php\/wp-json\/wp\/v2\/posts"}],"about":[{"href":"https:\/\/fokuset.com\/index.php\/wp-json\/wp\/v2\/types\/post"}],"author":[{"embeddable":true,"href":"https:\/\/fokuset.com\/index.php\/wp-json\/wp\/v2\/users\/2"}],"replies":[{"embeddable":true,"href":"https:\/\/fokuset.com\/index.php\/wp-json\/wp\/v2\/comments?post=5002"}],"version-history":[{"count":1,"href":"https:\/\/fokuset.com\/index.php\/wp-json\/wp\/v2\/posts\/5002\/revisions"}],"predecessor-version":[{"id":5004,"href":"https:\/\/fokuset.com\/index.php\/wp-json\/wp\/v2\/posts\/5002\/revisions\/5004"}],"wp:featuredmedia":[{"embeddable":true,"href":"https:\/\/fokuset.com\/index.php\/wp-json\/wp\/v2\/media\/5003"}],"wp:attachment":[{"href":"https:\/\/fokuset.com\/index.php\/wp-json\/wp\/v2\/media?parent=5002"}],"wp:term":[{"taxonomy":"category","embeddable":true,"href":"https:\/\/fokuset.com\/index.php\/wp-json\/wp\/v2\/categories?post=5002"},{"taxonomy":"post_tag","embeddable":true,"href":"https:\/\/fokuset.com\/index.php\/wp-json\/wp\/v2\/tags?post=5002"}],"curies":[{"name":"wp","href":"https:\/\/api.w.org\/{rel}","templated":true}]}}