{"id":4999,"date":"2023-06-18T15:41:23","date_gmt":"2023-06-18T15:41:23","guid":{"rendered":"https:\/\/fokuset.com\/?p=4999"},"modified":"2023-06-18T15:41:24","modified_gmt":"2023-06-18T15:41:24","slug":"charlotte-kallas-ilska-efter-att-klimataktivisterna-stormat-dansgolvet","status":"publish","type":"post","link":"https:\/\/fokuset.com\/index.php\/2023\/06\/18\/charlotte-kallas-ilska-efter-att-klimataktivisterna-stormat-dansgolvet\/","title":{"rendered":"Charlotte Kallas ilska efter att klimataktivisterna stormat dansgolvet"},"content":{"rendered":"\n<p>Det har nu g\u00e5tt tre veckor sedan finalen i TV4:s succ\u00e9program \u201dLet\u2019s dance\u201d avgjordes.<\/p>\n\n\n\n<p>En av dem som var i final var den tidigare skidstj\u00e4rnan Charlotte Kalla, dessutom som den f\u00f6rsta gravida deltagaren i programmet. Mitt under hennes och danspartnern Tobias Karlssons finaldans, i direkts\u00e4ndning, sprang tv\u00e5 klimataktivister fr\u00e5n r\u00f6relsen \u201d\u00c5terst\u00e4ll v\u00e5tmarker\u201d upp p\u00e5 dansgolvet.<\/p>\n\n\n\n<p>De h\u00f6ll upp en banderoll och kastade ut f\u00e4rgpulver innan en av aktivisterna knockades av en kamera.<\/p>\n\n\n\n<h2 class=\"wp-block-heading\" id=\"kalla-berattar-om-reaktionen\">Kalla ber\u00e4ttar om reaktionen<\/h2>\n\n\n\n<p>N\u00e5gra veckor efter incidenten ber\u00e4ttar Charlotte Kalla om sin f\u00f6rsta reaktion.<\/p>\n\n\n\n<p>\u2013 Jag fattade liksom inte vad som h\u00e4nde, jag s\u00e5g pl\u00f6tsligt bara en massa folk som d\u00f6k upp, s\u00e4ger Kalla till Expressen.<\/p>\n\n\n\n<p>\u2013 Jag t\u00e4nkte bara \u201dMen idioter? Vad g\u00f6r de? Fattar de inte att det \u00e4r direkts\u00e4ndning?\u201d Jag trodde att det var n\u00e5gon som \u00e4r missunnsam f\u00f6r att jag \u00e4r i final.<\/p>\n\n\n\n<p>Hon ber\u00e4ttar att hon blev arg men att hon snabbt best\u00e4mde sig f\u00f6r att de inte skulle f\u00e5 f\u00f6rst\u00f6ra hennes final. Hon och Tobias Karlsson genomf\u00f6rde sin dans trots tumultet och enligt Kalla blev dansen till och med b\u00e4ttre av det hela.<\/p>\n\n\n\n<h2 class=\"wp-block-heading\" id=\"kunde-gatt-illa\">Kunde g\u00e5tt illa<\/h2>\n\n\n\n<p>Det var f\u00f6rst n\u00e4r Kalla n\u00e5gra timmar senare s\u00e5g programmet i repris som hon f\u00f6rstod hur n\u00e4ra klimataktivisterna var henne och att det hade kunnat sluta illa med tanke p\u00e5 att hon var h\u00f6ggravid.<\/p>\n\n\n\n<p>\u2013 Och shit, t\u00e4nk om de hade sprungit i mig och jag hade fallit handl\u00f6st i golvet, s\u00e4ger Charlotte Kalla till Expressen.<\/p>\n\n\n\n<p>\u2013 Hur de kunde uts\u00e4tta mig f\u00f6r det h\u00e4r? Det blev ju snorhalt p\u00e5 golvet av det d\u00e4r pulvret ocks\u00e5.<\/p>\n","protected":false},"excerpt":{"rendered":"<p>Det har nu g\u00e5tt tre veckor sedan finalen i TV4:s succ\u00e9program \u201dLet\u2019s dance\u201d avgjordes. En av dem som var i final var den tidigare skidstj\u00e4rnan Charlotte Kalla, dessutom som den f\u00f6rsta gravida deltagaren i programmet. Mitt under hennes och danspartnern Tobias Karlssons finaldans, i direkts\u00e4ndning, sprang tv\u00e5 klimataktivister fr\u00e5n r\u00f6relsen \u201d\u00c5terst\u00e4ll v\u00e5tmarker\u201d upp p\u00e5 dansgolvet.<\/p>\n","protected":false},"author":2,"featured_media":5000,"comment_status":"open","ping_status":"open","sticky":false,"template":"","format":"standard","meta":{"footnotes":""},"categories":[1],"tags":[265],"class_list":{"0":"post-4999","1":"post","2":"type-post","3":"status-publish","4":"format-standard","5":"has-post-thumbnail","7":"category-sport","8":"tag-charlotte-kallas"},"_links":{"self":[{"href":"https:\/\/fokuset.com\/index.php\/wp-json\/wp\/v2\/posts\/4999","targetHints":{"allow":["GET"]}}],"collection":[{"href":"https:\/\/fokuset.com\/index.php\/wp-json\/wp\/v2\/posts"}],"about":[{"href":"https:\/\/fokuset.com\/index.php\/wp-json\/wp\/v2\/types\/post"}],"author":[{"embeddable":true,"href":"https:\/\/fokuset.com\/index.php\/wp-json\/wp\/v2\/users\/2"}],"replies":[{"embeddable":true,"href":"https:\/\/fokuset.com\/index.php\/wp-json\/wp\/v2\/comments?post=4999"}],"version-history":[{"count":1,"href":"https:\/\/fokuset.com\/index.php\/wp-json\/wp\/v2\/posts\/4999\/revisions"}],"predecessor-version":[{"id":5001,"href":"https:\/\/fokuset.com\/index.php\/wp-json\/wp\/v2\/posts\/4999\/revisions\/5001"}],"wp:featuredmedia":[{"embeddable":true,"href":"https:\/\/fokuset.com\/index.php\/wp-json\/wp\/v2\/media\/5000"}],"wp:attachment":[{"href":"https:\/\/fokuset.com\/index.php\/wp-json\/wp\/v2\/media?parent=4999"}],"wp:term":[{"taxonomy":"category","embeddable":true,"href":"https:\/\/fokuset.com\/index.php\/wp-json\/wp\/v2\/categories?post=4999"},{"taxonomy":"post_tag","embeddable":true,"href":"https:\/\/fokuset.com\/index.php\/wp-json\/wp\/v2\/tags?post=4999"}],"curies":[{"name":"wp","href":"https:\/\/api.w.org\/{rel}","templated":true}]}}