{"id":4993,"date":"2023-06-18T15:33:28","date_gmt":"2023-06-18T15:33:28","guid":{"rendered":"https:\/\/fokuset.com\/?p=4993"},"modified":"2023-06-18T15:33:28","modified_gmt":"2023-06-18T15:33:28","slug":"jarngeneralen-leder-ukrainas-motoffensiv","status":"publish","type":"post","link":"https:\/\/fokuset.com\/index.php\/2023\/06\/18\/jarngeneralen-leder-ukrainas-motoffensiv\/","title":{"rendered":"\u201dJ\u00e4rngeneralen\u201d leder Ukrainas motoffensiv"},"content":{"rendered":"\n<p>Sommaren 2021 tog Valerij Zaluzjnyj \u00f6ver som bef\u00e4lhavare f\u00f6r landets v\u00e4pnade styrkor. Utn\u00e4mningen kom som en \u00f6verraskning f\u00f6r m\u00e5nga, eftersom den innebar ett rej\u00e4lt kliv upp p\u00e5 karri\u00e4rstegen f\u00f6r den i dag 49-\u00e5rige ukrainaren. De som k\u00e4nner generalen v\u00e4l s\u00e4ger att president Zelenskyj personligen drev igenom tills\u00e4ttningen, rapporterar\u00a0<a href=\"https:\/\/www.bbc.com\/news\/world-europe-65901723\" rel=\"nofollow noopener\" target=\"_blank\">BBC<\/a>.<\/p>\n\n\n\n<p>Valerij Zaluzjnyj firade sin hustrus f\u00f6delsedag n\u00e4r telefonen ringde och han fick besked om sitt nya jobb. Hans reaktion var:<\/p>\n\n\n\n<p>\u2013&nbsp;Vad menar du?<\/p>\n\n\n\n<p>I en intervju med&nbsp;<a href=\"https:\/\/time.com\/6216213\/ukraine-military-valeriy-zaluzhny\/\" rel=\"nofollow noopener\" target=\"_blank\">Time<\/a>&nbsp;f\u00f6rra \u00e5ret ber\u00e4ttade generalen att det k\u00e4ndes som ett slag \u2013 \u201dinte bara nedanf\u00f6r b\u00e4ltet utan en rak knockout\u201d.<\/p>\n\n\n\n<p>\u2013&nbsp;Jag har ofta blickat tillbaka och fr\u00e5gat mig sj\u00e4lv: Hur hamnade jag i det h\u00e4r?<\/p>\n\n\n\n<p><strong>Drygt ett halv\u00e5r senare<\/strong>&nbsp;ledde Valerij Zaluzjnyj Ukrainas f\u00f6rsvar mot Rysslands fullskaliga invasion. Hans tidigare medarbetare Ljudmila Dolhonovska ber\u00e4ttar att generalen knappt sov under de f\u00f6rsta dagarna.<\/p>\n\n\n\n<p>\u2013\u00a0Han pratade mycket i telefon med sina generaler, men samtalen var alltid fokuserade och lugna, s\u00e4ger hon enligt BBC.<\/p>\n\n\n\n<p>USA:s h\u00f6gste milit\u00e4ra bef\u00e4lhavare, general Mark Milley, menar att Zaluzjnyj klev fram som den \u201dmilit\u00e4ra hj\u00e4rna\u201d som Ukraina s\u00e5 v\u00e4l beh\u00f6vde.<\/p>\n\n\n\n<p>\u201dHans ledarskap gjorde det m\u00f6jligt f\u00f6r de ukrainska v\u00e4pnade styrkorna att snabbt anpassa sig med initiativ p\u00e5 slagf\u00e4ltet mot ryssarna\u201d, skrev toppgeneralen till Time i maj f\u00f6rra \u00e5ret.<\/p>\n\n\n\n<p><strong>Valerij Zaluzjnyj \u00e4r pratiskt taget<\/strong>&nbsp;f\u00f6dd in i milit\u00e4ren. 1973 s\u00e5g han dagens ljus p\u00e5 en milit\u00e4rgarnison i Ukraina, som d\u00e5 var en del av Sovjetunionen. Han dr\u00f6mde om att bli komiker \u2013 i st\u00e4llet gick han i samma fotsp\u00e5r som sin familj. I mitten av 90-talet utbildade han sig p\u00e5 en milit\u00e4rskola i Odessa.<\/p>\n\n\n\n<p>Efter Rysslands ockupation av Krim 2014 blev han bef\u00e4lhavare i \u00f6stra Ukraina n\u00e4r konflikten med de ryskst\u00f6dda separatisterna blossade upp.<\/p>\n\n\n\n<p>Valerij Zaluzjnyj har gjort sig k\u00e4nd som en ambiti\u00f6s och modern ledare. Samtidigt anses han vara n\u00e5got av en spelevink som g\u00e4rna spelar pajas inf\u00f6r sina soldater i st\u00e4llet f\u00f6r att tillr\u00e4ttavisa dem. Han \u00e4r anspr\u00e5ksl\u00f6s och b\u00e4r helst t-tr\u00f6ja och shorts n\u00e4r han inte \u00e4r i tj\u00e4nst. V\u00e4nner och gamla klasskamrater kallar honom f\u00f6r \u201dv\u00e5r Valera\u201d.<\/p>\n\n\n\n<p>Milit\u00e4ra k\u00e4llor menar att Valerij Zaluzjnyj ger bef\u00e4lhavarna p\u00e5 marken stor frihet att fatta egna operativa beslut. I sitt examensarbete analyserade han USA:s milit\u00e4ra uppbyggnad och noterade att de ukrainska styrkorna belastades av den toppstyrda sovjetiska modellen. Under sitt ledarskap har han f\u00f6rs\u00f6kt f\u00f6r\u00e4ndra de ukrainska styrkorna i Natoriktning.<\/p>\n\n\n\n<p>Samtidigt har Zaluzjnyj respekterat och beundrat den ryska milit\u00e4ren. P\u00e5 sitt kontor \u00e5terfinns den ryske generalen Valerij Gerasimovs samlade verk \u2013 samme general som leder Rysslands invasionsstyrka i Ukraina.<\/p>\n\n\n\n<p>\u2013\u00a0Jag \u00e4r uppvuxen med rysk milit\u00e4rdoktrin och tror fortfarande att krigsvetenskapen finns i Ryssland. Jag l\u00e4rde mig av Gerasimov. Jag l\u00e4ste allt han n\u00e5gonsin skrivit. Han \u00e4r den smartaste av m\u00e4n, och mina f\u00f6rv\u00e4ntningar p\u00e5 honom var enorma, s\u00e4ger han till Time.<strong>N\u00e4r Ukraina lyckades \u00e5terta<\/strong>\u00a0stora delar av sitt territorium f\u00f6rra \u00e5ret blev Zaluzjnyj nationalhj\u00e4lte. Popularitetssiffrorna sk\u00f6t i h\u00f6jden och lade sig p\u00e5 ungef\u00e4r samma niv\u00e5 som Zelenskyjs.<\/p>\n\n\n\n<p>Presidenten och generalen har b\u00e5da blivit ansiktet ut\u00e5t f\u00f6r den ukrainska krigsinsatsen. Valerij Zaluzjnyj \u00e4r st\u00e4ndigt n\u00e4rvarande i sociala medier, d\u00e4r en flitigt delad bild visar honom p\u00e5 kn\u00e4 framf\u00f6r en kista med en stupad soldat. P\u00e5 en annan bild deltar han i en av sina soldaters br\u00f6llop. Han kallas f\u00f6r \u201dj\u00e4rngeneralen\u201d och har gett upphov till uttryck som \u201dN\u00e4r Zaluzjnyj g\u00e5r in i ett sl\u00e4ckt rum t\u00e4nder han inte ljuset, han sl\u00e4cker m\u00f6rkret\u201d.<\/p>\n\n\n\n<p><strong>\u00d6verstel\u00f6jtnant Joakim Paasikivi,<\/strong>&nbsp;som \u00e4ven \u00e4r l\u00e4rare p\u00e5 F\u00f6rsvarsh\u00f6gskolan, f\u00e5r intrycket av att Valerij Zaluzjnyj \u00e4r en uppskattad chef.<\/p>\n\n\n\n<p>\u2013&nbsp;Han har ocks\u00e5 visat goda egenskaper som inte bara verkar vara pr. Han bes\u00f6ker skadade och \u00e4r med p\u00e5 br\u00f6llop. Han verkar vara en chef som bryr sig \u2013&nbsp;det \u00e4r en v\u00e4ldig kontrast mot vad vi har sett p\u00e5 den ryska sidan, s\u00e4ger han till DN.<\/p>\n\n\n\n<p><strong>Hur viktig \u00e4r Zaluzjnyj f\u00f6r den ukrainska motoffensiven?<\/strong><\/p>\n\n\n\n<p>\u2013 Egentligen \u00e4r han inte s\u00e5 viktig som person. Han \u00e4r den sammanh\u00e5llande l\u00e4nken mellan den politiska ledningen och f\u00f6rsvarsmakten, sedan finns det andra operativa chefer. Det \u00e4r inte fr\u00e5ga om en enmansshow.<\/p>\n","protected":false},"excerpt":{"rendered":"<p>Sommaren 2021 tog Valerij Zaluzjnyj \u00f6ver som bef\u00e4lhavare f\u00f6r landets v\u00e4pnade styrkor. Utn\u00e4mningen kom som en \u00f6verraskning f\u00f6r m\u00e5nga, eftersom den innebar ett rej\u00e4lt kliv upp p\u00e5 karri\u00e4rstegen f\u00f6r den i dag 49-\u00e5rige ukrainaren. De som k\u00e4nner generalen v\u00e4l s\u00e4ger att president Zelenskyj personligen drev igenom tills\u00e4ttningen, rapporterar\u00a0BBC. Valerij Zaluzjnyj firade sin hustrus f\u00f6delsedag n\u00e4r<\/p>\n","protected":false},"author":2,"featured_media":4994,"comment_status":"open","ping_status":"open","sticky":false,"template":"","format":"standard","meta":{"footnotes":""},"categories":[4],"tags":[263,22],"class_list":{"0":"post-4993","1":"post","2":"type-post","3":"status-publish","4":"format-standard","5":"has-post-thumbnail","7":"category-varlds-nyheter","8":"tag-jarngeneralen","9":"tag-ukraina"},"_links":{"self":[{"href":"https:\/\/fokuset.com\/index.php\/wp-json\/wp\/v2\/posts\/4993","targetHints":{"allow":["GET"]}}],"collection":[{"href":"https:\/\/fokuset.com\/index.php\/wp-json\/wp\/v2\/posts"}],"about":[{"href":"https:\/\/fokuset.com\/index.php\/wp-json\/wp\/v2\/types\/post"}],"author":[{"embeddable":true,"href":"https:\/\/fokuset.com\/index.php\/wp-json\/wp\/v2\/users\/2"}],"replies":[{"embeddable":true,"href":"https:\/\/fokuset.com\/index.php\/wp-json\/wp\/v2\/comments?post=4993"}],"version-history":[{"count":1,"href":"https:\/\/fokuset.com\/index.php\/wp-json\/wp\/v2\/posts\/4993\/revisions"}],"predecessor-version":[{"id":4995,"href":"https:\/\/fokuset.com\/index.php\/wp-json\/wp\/v2\/posts\/4993\/revisions\/4995"}],"wp:featuredmedia":[{"embeddable":true,"href":"https:\/\/fokuset.com\/index.php\/wp-json\/wp\/v2\/media\/4994"}],"wp:attachment":[{"href":"https:\/\/fokuset.com\/index.php\/wp-json\/wp\/v2\/media?parent=4993"}],"wp:term":[{"taxonomy":"category","embeddable":true,"href":"https:\/\/fokuset.com\/index.php\/wp-json\/wp\/v2\/categories?post=4993"},{"taxonomy":"post_tag","embeddable":true,"href":"https:\/\/fokuset.com\/index.php\/wp-json\/wp\/v2\/tags?post=4993"}],"curies":[{"name":"wp","href":"https:\/\/api.w.org\/{rel}","templated":true}]}}