{"id":4965,"date":"2023-06-10T09:01:54","date_gmt":"2023-06-10T09:01:54","guid":{"rendered":"https:\/\/fokuset.com\/?p=4965"},"modified":"2023-06-10T09:01:55","modified_gmt":"2023-06-10T09:01:55","slug":"polisen-infor-prideparaden-vi-kanner-oss-trygga","status":"publish","type":"post","link":"https:\/\/fokuset.com\/index.php\/2023\/06\/10\/polisen-infor-prideparaden-vi-kanner-oss-trygga\/","title":{"rendered":"Polisen inf\u00f6r Prideparaden: Vi k\u00e4nner oss trygga"},"content":{"rendered":"\n<p>P\u00e5 m\u00e5ndagen den 5 juni drog festivalen West Pride i G\u00f6teborg i g\u00e5ng. P\u00e5 torsdagen var invigningen av Pride Park och p\u00e5 l\u00f6rdagen har det blivit dags f\u00f6r den \u00e5rliga Prideparaden.<\/p>\n\n\n\n<p>Polisinsatschefen Leif Wetterskog har jobbat som insatschef i tio till tolv \u00e5r och har arbetat under West Pride vid flera tillf\u00e4llen. Han \u00e4r den som leder insatsen p\u00e5 plats, och han ber\u00e4ttar att polisen har en t\u00e4t dialog med arrang\u00f6ren om s\u00e4kerheten.<\/p>\n\n\n\n<p>\u2013 Det \u00e4r m\u00e5nga m\u00e4nniskor som ska m\u00f6tas p\u00e5 en liten yta och det g\u00f6r att vi f\u00e5r ta h\u00f6jd, dels f\u00f6r den omv\u00e4rldsanalys vi har, dels f\u00f6r hur arrang\u00f6ren upplever det och k\u00e4nner under hela veckan, s\u00e4ger Wetterskog och forts\u00e4tter:<\/p>\n\n\n\n<p>\u2013 Vi ser ocks\u00e5 \u00f6ver om arrang\u00f6ren sj\u00e4lva kan hantera vissa situationer. Det handlar om att vi har tillit till varandra.<\/p>\n\n\n\n<h2 class=\"wp-block-heading\" id=\"polisen-ar-forberedda\">Polisen \u00e4r f\u00f6rberedda<\/h2>\n\n\n\n<p>Om det skulle uppst\u00e5 n\u00e5gon ordningsst\u00f6rande h\u00e4ndelse under dagarna har polisen en f\u00e4rdig strategi som de kan ta till. Polisen i City och Storg\u00f6teborg \u00e4r vana vid att jobba med allm\u00e4nna sammankomster och offentliga tillst\u00e4llningar.<\/p>\n\n\n\n<p>\u2013 Vi har resurser som vi k\u00e4nner oss trygga med, och som har en f\u00f6rm\u00e5ga att kunna v\u00e4xa. Man kan aldrig p\u00e5verka morgondagen, men just nu k\u00e4nner vi som har f\u00e5tt f\u00f6rtroendet av ledningen oss trygga, s\u00e4ger han och forts\u00e4tter:<\/p>\n\n\n\n<p>\u2013 Vi har varit med om v\u00e4ldigt mycket under m\u00e5nga \u00e5r, s\u00e5 vi ska nog klara av det h\u00e4r ocks\u00e5.<\/p>\n\n\n\n<h2 class=\"wp-block-heading\" id=\"ingen-konkret-hotbild\">Ingen konkret hotbild<\/h2>\n\n\n\n<p><strong>Finns det n\u00e5gon hotbild i dagsl\u00e4get?<\/strong><\/p>\n\n\n\n<p>\u2013 Det finns ingen konkret hotbild kommande dagar, utifr\u00e5n den l\u00e4gesbild som vi har i dag. Det \u00e4r en tuff situation f\u00f6r vissa m\u00e4nniskor och det handlar om att se till deras upplevelser. Vi jobbar f\u00f6r allas lika v\u00e4rde och f\u00f6r alla som r\u00f6r sig i samh\u00e4llet, s\u00e4ger han.<\/p>\n\n\n\n<p>Leif Wetterskog till\u00e4gger att det \u00e4r viktigt att alla personer ska f\u00e5 en s\u00e5 bra upplevelse som m\u00f6jligt och att man upplever svensk polis som trygga.<\/p>\n\n\n\n<p>\u2013 Lycka till med West Pride, lycka till G\u00f6teborg och lycka till med alla andra h\u00e4rliga evenemang som vi har h\u00e4r. Varmt v\u00e4lkomna, s\u00e4ger Leif Wetterskog.<\/p>\n\n\n\n<p><a href=\"https:\/\/www.gp.se\/nyheter\/g%C3%B6teborg\/polisen-inf%C3%B6r-prideparaden-vi-k%C3%A4nner-oss-trygga-1.101885697\" rel=\"nofollow noopener\" target=\"_blank\">K\u00e4lla<\/a><\/p>\n\n\n\n<p><\/p>\n","protected":false},"excerpt":{"rendered":"<p>P\u00e5 m\u00e5ndagen den 5 juni drog festivalen West Pride i G\u00f6teborg i g\u00e5ng. P\u00e5 torsdagen var invigningen av Pride Park och p\u00e5 l\u00f6rdagen har det blivit dags f\u00f6r den \u00e5rliga Prideparaden. Polisinsatschefen Leif Wetterskog har jobbat som insatschef i tio till tolv \u00e5r och har arbetat under West Pride vid flera tillf\u00e4llen. Han \u00e4r den<\/p>\n","protected":false},"author":2,"featured_media":4966,"comment_status":"open","ping_status":"open","sticky":false,"template":"","format":"standard","meta":{"footnotes":""},"categories":[3],"tags":[256],"class_list":{"0":"post-4965","1":"post","2":"type-post","3":"status-publish","4":"format-standard","5":"has-post-thumbnail","7":"category-nyhetsdygnet","8":"tag-goteborgpridefestivalen"},"_links":{"self":[{"href":"https:\/\/fokuset.com\/index.php\/wp-json\/wp\/v2\/posts\/4965","targetHints":{"allow":["GET"]}}],"collection":[{"href":"https:\/\/fokuset.com\/index.php\/wp-json\/wp\/v2\/posts"}],"about":[{"href":"https:\/\/fokuset.com\/index.php\/wp-json\/wp\/v2\/types\/post"}],"author":[{"embeddable":true,"href":"https:\/\/fokuset.com\/index.php\/wp-json\/wp\/v2\/users\/2"}],"replies":[{"embeddable":true,"href":"https:\/\/fokuset.com\/index.php\/wp-json\/wp\/v2\/comments?post=4965"}],"version-history":[{"count":1,"href":"https:\/\/fokuset.com\/index.php\/wp-json\/wp\/v2\/posts\/4965\/revisions"}],"predecessor-version":[{"id":4967,"href":"https:\/\/fokuset.com\/index.php\/wp-json\/wp\/v2\/posts\/4965\/revisions\/4967"}],"wp:featuredmedia":[{"embeddable":true,"href":"https:\/\/fokuset.com\/index.php\/wp-json\/wp\/v2\/media\/4966"}],"wp:attachment":[{"href":"https:\/\/fokuset.com\/index.php\/wp-json\/wp\/v2\/media?parent=4965"}],"wp:term":[{"taxonomy":"category","embeddable":true,"href":"https:\/\/fokuset.com\/index.php\/wp-json\/wp\/v2\/categories?post=4965"},{"taxonomy":"post_tag","embeddable":true,"href":"https:\/\/fokuset.com\/index.php\/wp-json\/wp\/v2\/tags?post=4965"}],"curies":[{"name":"wp","href":"https:\/\/api.w.org\/{rel}","templated":true}]}}