{"id":4962,"date":"2023-06-10T08:49:14","date_gmt":"2023-06-10T08:49:14","guid":{"rendered":"https:\/\/fokuset.com\/?p=4962"},"modified":"2023-06-10T08:49:15","modified_gmt":"2023-06-10T08:49:15","slug":"forsvunna-barn-i-amazonas-hittade-vid-liv","status":"publish","type":"post","link":"https:\/\/fokuset.com\/index.php\/2023\/06\/10\/forsvunna-barn-i-amazonas-hittade-vid-liv\/","title":{"rendered":"F\u00f6rsvunna barn i Amazonas hittade vid liv"},"content":{"rendered":"\n<p>\u201dLycka f\u00f6r hela landet! De fyra barn som gick vilse i den colombianska djungeln f\u00f6r 40 dagar sedan har hittats vid liv\u201d, skriver president Gustavo Petro p\u00e5 Twitter tillsammans med en bild p\u00e5 r\u00e4ddningsarbetare och milit\u00e4rer som tar hand om barnen.<\/p>\n\n\n\n<p>Bilder visar att de fyra syskonen, 13, nio, fyra och ett \u00e5r gamla, \u00e4r mycket magra. Efter att ha \u00f6verlevt flygolyckan 1 maj har de varit vilse i Amazonas regnskog, med hot fr\u00e5n jaguarer, giftormar och andra rovdjur samt fr\u00e5n v\u00e4pnade grupper som smugglar knark i omr\u00e5det.<\/p>\n\n\n\n<p>\u2013 De \u00e4r svaga. Nu m\u00e5ste l\u00e4karna f\u00e5 unders\u00f6ka dem, sade Gustavo Petro vid en presstr\u00e4ff i Bogot\u00e1.<\/p>\n\n\n\n<p><strong>Barnen, som tillh\u00f6r<\/strong>&nbsp;ursprungsbefolkningen, hittades i Amazonas regnskog n\u00e4ra gr\u00e4nsen mellan provinserna Caqueta och Guaviare, omkring fem kilometer v\u00e4ster om d\u00e4r planet kraschade.<\/p>\n\n\n\n<p>Det \u00e4r vanligt med flygtransporter i omr\u00e5det, d\u00e4r v\u00e4garna \u00e4r f\u00e5. Det enmotoriga planet var p\u00e5 v\u00e4g fr\u00e5n Araracuararegionen till staden San Jos\u00e9 Del Guaviare. Piloten larmade om motorproblem, sedan f\u00f6rsvann planet fr\u00e5n flygradarn.<\/p>\n\n\n\n<p>De tre vuxna ombord \u2013\u00a0inklusive piloten och barnens mamma \u2013 omkom i kraschen. Barnen ska ha tagit sig ur planen och gick ut i regnskogen i ett f\u00f6rs\u00f6k att h\u00e4mta hj\u00e4lp, skriver Reuters.<strong>Hundratals soldater<\/strong>\u00a0och frivilliga har deltagit i s\u00f6kandet efter barnen, en stor del av de frivilliga \u00e4r del av ursprungsbefolkningen och har stor kunskap om regnskogen. \u00c4ven flygplan och helikoptrar har anv\u00e4nts. Under de g\u00e5ngna veckorna har sp\u00e5r hittats, som tyder p\u00e5 att barnen \u00e4r vid liv. Bland annat hittade r\u00e4ddningsarbetare med s\u00f6khundar resterna av frukt som barnen \u00e4tit och provisoriska vindskydd gjorda av v\u00e4xter och bl\u00f6jor.<\/p>\n\n\n\n<p>I f\u00f6rs\u00f6k att f\u00e5 kontakt med barnen har tiotusentals flygblad sl\u00e4ppts fr\u00e5n luften med \u00f6verlevnadstips och uppmaningar om att de ska stanna d\u00e4r de \u00e4r.<\/p>\n\n\n\n<p>Milit\u00e4ren har ocks\u00e5 sl\u00e4ppt ned mat och vatten till barnen och spelat upp ett inspelat meddelanden fr\u00e5n barnens mormor med uppmaning om att de inte ska r\u00f6ra sig runt i regnskogen.<\/p>\n\n\n\n<p>Gustavo Petro hyllade p\u00e5 fredagen \u201dden effektiva koordineringen mellan milit\u00e4ren och ursprungsbefolkningen\u201d och kallade s\u00f6kinsatsen f\u00f6r ett slags samarbete som resten av landet b\u00f6r ta efter.<\/p>\n\n\n\n<p>\u2013 I dag \u00e4r en magisk dag, sade president Petro n\u00e4r han anl\u00e4nde till Colombia fr\u00e5n Kuba d\u00e4r han precis har undertecknat en vapenvila med gerillagruppen ELN.<\/p>\n\n\n\n<p>\u2013 De var ensamma, de klarade det p\u00e5 egen hand. Ett exempel p\u00e5 \u00f6verlevnad som kommer att g\u00e5 till historien.<\/p>\n\n\n\n<p>Petro sade efter drygt tv\u00e5 veckor att barnen hade hittats vid liv. Ett uttalande som han sedan backade fr\u00e5n med f\u00f6rklaringen att han hade blivit felinformerad.<\/p>\n\n\n\n<p><a href=\"https:\/\/www.dn.se\/varlden\/forsvunna-barn-i-amazonas-hittade-vid-liv\/\" rel=\"nofollow noopener\" target=\"_blank\">K\u00e4lla<\/a><\/p>\n\n\n\n<p><\/p>\n","protected":false},"excerpt":{"rendered":"<p>\u201dLycka f\u00f6r hela landet! De fyra barn som gick vilse i den colombianska djungeln f\u00f6r 40 dagar sedan har hittats vid liv\u201d, skriver president Gustavo Petro p\u00e5 Twitter tillsammans med en bild p\u00e5 r\u00e4ddningsarbetare och milit\u00e4rer som tar hand om barnen. Bilder visar att de fyra syskonen, 13, nio, fyra och ett \u00e5r gamla, \u00e4r<\/p>\n","protected":false},"author":2,"featured_media":4963,"comment_status":"open","ping_status":"open","sticky":false,"template":"","format":"standard","meta":{"footnotes":""},"categories":[4],"tags":[255],"class_list":{"0":"post-4962","1":"post","2":"type-post","3":"status-publish","4":"format-standard","5":"has-post-thumbnail","7":"category-varlds-nyheter","8":"tag-amazonas-regionen"},"_links":{"self":[{"href":"https:\/\/fokuset.com\/index.php\/wp-json\/wp\/v2\/posts\/4962","targetHints":{"allow":["GET"]}}],"collection":[{"href":"https:\/\/fokuset.com\/index.php\/wp-json\/wp\/v2\/posts"}],"about":[{"href":"https:\/\/fokuset.com\/index.php\/wp-json\/wp\/v2\/types\/post"}],"author":[{"embeddable":true,"href":"https:\/\/fokuset.com\/index.php\/wp-json\/wp\/v2\/users\/2"}],"replies":[{"embeddable":true,"href":"https:\/\/fokuset.com\/index.php\/wp-json\/wp\/v2\/comments?post=4962"}],"version-history":[{"count":1,"href":"https:\/\/fokuset.com\/index.php\/wp-json\/wp\/v2\/posts\/4962\/revisions"}],"predecessor-version":[{"id":4964,"href":"https:\/\/fokuset.com\/index.php\/wp-json\/wp\/v2\/posts\/4962\/revisions\/4964"}],"wp:featuredmedia":[{"embeddable":true,"href":"https:\/\/fokuset.com\/index.php\/wp-json\/wp\/v2\/media\/4963"}],"wp:attachment":[{"href":"https:\/\/fokuset.com\/index.php\/wp-json\/wp\/v2\/media?parent=4962"}],"wp:term":[{"taxonomy":"category","embeddable":true,"href":"https:\/\/fokuset.com\/index.php\/wp-json\/wp\/v2\/categories?post=4962"},{"taxonomy":"post_tag","embeddable":true,"href":"https:\/\/fokuset.com\/index.php\/wp-json\/wp\/v2\/tags?post=4962"}],"curies":[{"name":"wp","href":"https:\/\/api.w.org\/{rel}","templated":true}]}}