{"id":4919,"date":"2023-06-02T11:33:32","date_gmt":"2023-06-02T11:33:32","guid":{"rendered":"https:\/\/fokuset.com\/?p=4919"},"modified":"2023-06-02T11:33:34","modified_gmt":"2023-06-02T11:33:34","slug":"hans-bil-tandes-pa-tros-ha-orsakat-skogsbrand","status":"publish","type":"post","link":"https:\/\/fokuset.com\/index.php\/2023\/06\/02\/hans-bil-tandes-pa-tros-ha-orsakat-skogsbrand\/","title":{"rendered":"Hans bil t\u00e4ndes p\u00e5 &#8211; tros ha orsakat skogsbrand"},"content":{"rendered":"\n<p>Branden n\u00e4ra Rejmyre utanf\u00f6r Finsp\u00e5ng \u00e4r under kontroll sedan 11-tiden. Larmet kom in vid 06-tiden p\u00e5 fredagsmorgonen. D\u00e5 var det bara ett litet omr\u00e5de som brann. Drygt tv\u00e5 timmar senare skrev polisen p\u00e5 sin hemsida att branden f\u00e5tt ny fart och spred sig okontrollerat i den torra skogen.<\/p>\n\n\n\n<p><strong>Myndigheten f\u00f6r samh\u00e4llsskydd och beredskap,<\/strong>&nbsp;MSB, skickade fyra helikoptrar till branden och r\u00e4ddningstj\u00e4nsten arbetade under morgonen med tio enheter. Vattenbombningen gjorde att branden kunde omringas.<\/p>\n\n\n\n<p>K\u00e4llan till skogsbranden tros vara en utbrunnen bil, enligt polisen.<\/p>\n\n\n\n<p>\u00c4garen till bilen, 18-\u00e5rige Jonathan Lindgren, blev kontaktad av polisen under fredagsmorgonen.<\/p>\n\n\n\n<p>\u2013\u00a0De fr\u00e5gade om jag visste var min bil var och jag svarade att den st\u00e5r ute p\u00e5 uppfarten. Men polisen sa att de inte trodde det, utan att den st\u00e5r utbrunnen vid Rejmyre. S\u00e5 jag gick ut och kollade och s\u00e5g att bilen var borta, s\u00e4ger han.<\/p>\n\n\n\n<p><strong>Jonathan Lindgren \u00e4r en<\/strong>&nbsp;stor bilfantast och \u00e4ger flera bilar. Den nu utbrunna bilen var en Volvo 745, med kaross av s\u00e5 kallad herrg\u00e5rdsmodell, fr\u00e5n 1988. Nyligen hade Jonathan Lindgren lackerat om den, och bytt till nya f\u00e4lgar.<\/p>\n\n\n\n<p>\u2013\u00a0Jag tror att jag har lagt 100\u00a0000 kronor p\u00e5 den d\u00e4r j\u00e4vla bilen.<\/p>\n\n\n\n<p>Under dagen har han varit p\u00e5 platsen d\u00e4r branden startade tillsammans med sina v\u00e4nner f\u00f6r att se om n\u00e5gonting g\u00e5r att r\u00e4dda av fordonet.<\/p>\n\n\n\n<p>\u2013&nbsp;Jag f\u00e5r v\u00e4l \u00e5ka och k\u00f6pa en ny bil helt enkelt, det \u00e4r inget att grina \u00f6ver. Man f\u00e5r ta saker som de \u00e4r, s\u00e4ger han.<\/p>\n\n\n\n<p>Polisen utreder h\u00e4ndelsen som tillgrepp av fortskaffningsmedel samt skadeg\u00f6relse genom brand.<\/p>\n\n\n\n<p>\u2013\u00a0Det handlar d\u00e5 om st\u00f6lden av och branden i bilen. Att skogen b\u00f6rjade brinna \u00e4r ju en f\u00f6ljd av det, men det kanske inte var upps\u00e5tligt att t\u00e4nda eld p\u00e5 hela skogen. Men det kan tillkomma brottsrubriceringar med h\u00e4nsyn till det, s\u00e4ger Marcus Anefur, presstalesperson p\u00e5 polisen i region \u00f6st.<\/p>\n\n\n\n<p><strong>Polisen ska \u00e4ven<\/strong>&nbsp;utreda om bilbranden kan ha varit ett s\u00e4tt att f\u00f6rst\u00f6ra bevis f\u00f6r andra brott.<\/p>\n\n\n\n<p><strong>Polisen ska \u00e4ven<\/strong>&nbsp;utreda om bilbranden kan ha varit ett s\u00e4tt att f\u00f6rst\u00f6ra bevis f\u00f6r andra brott.<\/p>\n\n\n\n<p>\u2013&nbsp;Vi f\u00f6rs\u00f6ker utreda brottet i sig men ocks\u00e5 se om det kommer in n\u00e5got talar f\u00f6r att bilen anv\u00e4nts till n\u00e5got annat brottsligt, s\u00e4ger Marcus Anefur.<\/p>\n\n\n\n<p>Det fortsatt mycket arbete kvar f\u00f6r r\u00e4ddningstj\u00e4nsten, i form av sl\u00e4ckningsarbete och eftersl\u00e4ckning av rotbr\u00e4nder och annat.<\/p>\n\n\n\n<p>Bed\u00f6mningen \u00e4r att ett par hektar har brunnit. R\u00e4ddningstj\u00e4nsten har varit uppe med helikopter f\u00f6r att f\u00e5 en \u00f6verblick, men kraftig r\u00f6kutveckling g\u00f6r det sv\u00e5rt att se hur stort omr\u00e5det \u00e4r.<\/p>\n\n\n\n<p><\/p>\n\n\n\n<p><a href=\"https:\/\/www.dn.se\/sverige\/skogsbrand-sprider-sig-utanfor-finnspang-msb-skickar-helikoptrar\/\" rel=\"nofollow noopener\" target=\"_blank\">K\u00e4lla<\/a><\/p>\n","protected":false},"excerpt":{"rendered":"<p>Branden n\u00e4ra Rejmyre utanf\u00f6r Finsp\u00e5ng \u00e4r under kontroll sedan 11-tiden. Larmet kom in vid 06-tiden p\u00e5 fredagsmorgonen. D\u00e5 var det bara ett litet omr\u00e5de som brann. Drygt tv\u00e5 timmar senare skrev polisen p\u00e5 sin hemsida att branden f\u00e5tt ny fart och spred sig okontrollerat i den torra skogen. Myndigheten f\u00f6r samh\u00e4llsskydd och beredskap,&nbsp;MSB, skickade fyra<\/p>\n","protected":false},"author":2,"featured_media":4920,"comment_status":"open","ping_status":"open","sticky":false,"template":"","format":"standard","meta":{"footnotes":""},"categories":[3],"tags":[244],"class_list":{"0":"post-4919","1":"post","2":"type-post","3":"status-publish","4":"format-standard","5":"has-post-thumbnail","7":"category-nyhetsdygnet","8":"tag-brandolycka"},"_links":{"self":[{"href":"https:\/\/fokuset.com\/index.php\/wp-json\/wp\/v2\/posts\/4919","targetHints":{"allow":["GET"]}}],"collection":[{"href":"https:\/\/fokuset.com\/index.php\/wp-json\/wp\/v2\/posts"}],"about":[{"href":"https:\/\/fokuset.com\/index.php\/wp-json\/wp\/v2\/types\/post"}],"author":[{"embeddable":true,"href":"https:\/\/fokuset.com\/index.php\/wp-json\/wp\/v2\/users\/2"}],"replies":[{"embeddable":true,"href":"https:\/\/fokuset.com\/index.php\/wp-json\/wp\/v2\/comments?post=4919"}],"version-history":[{"count":1,"href":"https:\/\/fokuset.com\/index.php\/wp-json\/wp\/v2\/posts\/4919\/revisions"}],"predecessor-version":[{"id":4921,"href":"https:\/\/fokuset.com\/index.php\/wp-json\/wp\/v2\/posts\/4919\/revisions\/4921"}],"wp:featuredmedia":[{"embeddable":true,"href":"https:\/\/fokuset.com\/index.php\/wp-json\/wp\/v2\/media\/4920"}],"wp:attachment":[{"href":"https:\/\/fokuset.com\/index.php\/wp-json\/wp\/v2\/media?parent=4919"}],"wp:term":[{"taxonomy":"category","embeddable":true,"href":"https:\/\/fokuset.com\/index.php\/wp-json\/wp\/v2\/categories?post=4919"},{"taxonomy":"post_tag","embeddable":true,"href":"https:\/\/fokuset.com\/index.php\/wp-json\/wp\/v2\/tags?post=4919"}],"curies":[{"name":"wp","href":"https:\/\/api.w.org\/{rel}","templated":true}]}}