{"id":4905,"date":"2023-05-27T09:51:05","date_gmt":"2023-05-27T09:51:05","guid":{"rendered":"https:\/\/fokuset.com\/?p=4905"},"modified":"2023-05-27T09:51:07","modified_gmt":"2023-05-27T09:51:07","slug":"forlangd-frist-for-skuldtaket-i-usa","status":"publish","type":"post","link":"https:\/\/fokuset.com\/index.php\/2023\/05\/27\/forlangd-frist-for-skuldtaket-i-usa\/","title":{"rendered":"F\u00f6rl\u00e4ngd frist f\u00f6r skuldtaket i USA"},"content":{"rendered":"\n<p>Finansminister Yellens besked med en f\u00f6rl\u00e4ngning fr\u00e5n det tidigare datumet 1 juni kom sedan hon och finansdepartementet granskat de senaste ekonomiska ber\u00e4kningarna om n\u00e4r USA sl\u00e5r i skuldtaket<\/p>\n\n\n\n<p>\u201dGrundat p\u00e5 den senast uppdaterade informationen s\u00e5 ber\u00e4knar vi att finansdepartementet inte har tillr\u00e4ckligt med resurser f\u00f6r att klara av regeringens skyldigheter om inte kongressen h\u00f6jer eller tillf\u00e4lligt tar bort skuldtaket den 5 juni\u201d, skriver finansministern i ett brev till republikanen Kevin McCarthy som \u00e4r talman i representanthuset.<\/p>\n\n\n\n<p>Yellen l\u00e4gger till en varning i brevet, d\u00e4r hon s\u00e4ger att \u201dsv\u00e5ra umb\u00e4randen v\u00e4ntar\u201d om kongressen f\u00f6rh\u00e5ller sig passiv till att komma fram till en l\u00f6sning.<\/p>\n\n\n\n<p>Finansministern tr\u00e4ffade p\u00e5 fredagen Internationella valutafondens (IMF) chef Kristalina Georgieva, som varnade Yellen f\u00f6r den kris v\u00e4rldsekonomin skulle st\u00e5 inf\u00f6r om inget avtal n\u00e5s.<\/p>\n\n\n\n<p><strong>Republikanerna i representanthuset<\/strong>&nbsp;har varit motst\u00e5ndare till utbyggnaden av myndigheten, som kostar motsvarande 860 miljarder kronor och \u00e4r en del av president Joe Bidens satsning p\u00e5 bland annat gr\u00f6na investeringar (kallad \u201dInflation reduction act\u201d).<\/p>\n\n\n\n<p>Representanthusets republikanske talman Kevin McCarthy ser ut att f\u00e5 igenom en minskning av det utl\u00e4gget, rapporterar CNBC med h\u00e4nvisning till k\u00e4llor.<\/p>\n\n\n\n<p>Oppositionen uppges \u00e4ven f\u00e5 igenom en bred kapning av satsningar p\u00e5 socialf\u00f6rs\u00e4kringssystemet och andra investeringar.<\/p>\n\n\n\n<p>\u2013 Vi m\u00e5ste spendera mindre \u00e4n vad vi gjorde i fjol. Det \u00e4r v\u00e5r utg\u00e5ngspunkt, s\u00e4ger McCarthy p\u00e5 fredagsmorgonen, lokal tid.<\/p>\n\n\n\n<p>I utbyte ska det demokratstyrda Vita huset f\u00e5 en h\u00f6jning av skuldtaket som str\u00e4cker sig \u00f6ver tv\u00e5 \u00e5r \u2013 och som d\u00e4rmed skjuter fram fr\u00e5gan till efter n\u00e4sta \u00e5rs presidentval.<\/p>\n\n\n\n<p><strong>B\u00e5da parterna kom<\/strong>&nbsp;i torsdags med positiva uttalanden om framsteg i f\u00f6rhandlingarna. Biden f\u00f6rs\u00f6kte vifta bort den v\u00e4rsta oron f\u00f6r att USA skulle beh\u00f6va st\u00e4lla in sina betalningar.<\/p>\n\n\n\n<p>Jag tror att vi kommer n\u00e5 en \u00f6verenskommelse som l\u00e5ter oss g\u00e5 vidare och som skyddar alla h\u00e5rt arbetande amerikaner, sade han p\u00e5 en presskonferens.<\/p>\n\n\n\n<p><\/p>\n\n\n\n<p><a href=\"https:\/\/www.dn.se\/ekonomi\/forlangd-frist-for-skuldtaket-i-usa\/\" rel=\"nofollow noopener\" target=\"_blank\">K\u00e4lla<\/a><\/p>\n","protected":false},"excerpt":{"rendered":"<p>Finansminister Yellens besked med en f\u00f6rl\u00e4ngning fr\u00e5n det tidigare datumet 1 juni kom sedan hon och finansdepartementet granskat de senaste ekonomiska ber\u00e4kningarna om n\u00e4r USA sl\u00e5r i skuldtaket \u201dGrundat p\u00e5 den senast uppdaterade informationen s\u00e5 ber\u00e4knar vi att finansdepartementet inte har tillr\u00e4ckligt med resurser f\u00f6r att klara av regeringens skyldigheter om inte kongressen h\u00f6jer eller<\/p>\n","protected":false},"author":2,"featured_media":4906,"comment_status":"open","ping_status":"open","sticky":false,"template":"","format":"standard","meta":{"footnotes":""},"categories":[2],"tags":[239],"class_list":{"0":"post-4905","1":"post","2":"type-post","3":"status-publish","4":"format-standard","5":"has-post-thumbnail","7":"category-example-3","8":"tag-skuldtaket-i-usa"},"_links":{"self":[{"href":"https:\/\/fokuset.com\/index.php\/wp-json\/wp\/v2\/posts\/4905","targetHints":{"allow":["GET"]}}],"collection":[{"href":"https:\/\/fokuset.com\/index.php\/wp-json\/wp\/v2\/posts"}],"about":[{"href":"https:\/\/fokuset.com\/index.php\/wp-json\/wp\/v2\/types\/post"}],"author":[{"embeddable":true,"href":"https:\/\/fokuset.com\/index.php\/wp-json\/wp\/v2\/users\/2"}],"replies":[{"embeddable":true,"href":"https:\/\/fokuset.com\/index.php\/wp-json\/wp\/v2\/comments?post=4905"}],"version-history":[{"count":1,"href":"https:\/\/fokuset.com\/index.php\/wp-json\/wp\/v2\/posts\/4905\/revisions"}],"predecessor-version":[{"id":4907,"href":"https:\/\/fokuset.com\/index.php\/wp-json\/wp\/v2\/posts\/4905\/revisions\/4907"}],"wp:featuredmedia":[{"embeddable":true,"href":"https:\/\/fokuset.com\/index.php\/wp-json\/wp\/v2\/media\/4906"}],"wp:attachment":[{"href":"https:\/\/fokuset.com\/index.php\/wp-json\/wp\/v2\/media?parent=4905"}],"wp:term":[{"taxonomy":"category","embeddable":true,"href":"https:\/\/fokuset.com\/index.php\/wp-json\/wp\/v2\/categories?post=4905"},{"taxonomy":"post_tag","embeddable":true,"href":"https:\/\/fokuset.com\/index.php\/wp-json\/wp\/v2\/tags?post=4905"}],"curies":[{"name":"wp","href":"https:\/\/api.w.org\/{rel}","templated":true}]}}