{"id":4886,"date":"2023-05-26T15:51:30","date_gmt":"2023-05-26T15:51:30","guid":{"rendered":"https:\/\/fokuset.com\/?p=4886"},"modified":"2023-05-26T15:51:30","modified_gmt":"2023-05-26T15:51:30","slug":"amerikanska-lagstiftare-pressar-fn-for-att-tacka-nej-till-sultan-al-jaber-som-forandring-i-cop28-klimatforhandlingar","status":"publish","type":"post","link":"https:\/\/fokuset.com\/index.php\/2023\/05\/26\/amerikanska-lagstiftare-pressar-fn-for-att-tacka-nej-till-sultan-al-jaber-som-forandring-i-cop28-klimatforhandlingar\/","title":{"rendered":"Amerikanska lagstiftare pressar FN f\u00f6r att tacka nej till Sultan Al Jaber som f\u00f6r\u00e4ndring i COP28 klimatf\u00f6rhandlingar"},"content":{"rendered":"\n<p>I ett brev riktat till presidentens s\u00e4rskilda klimats\u00e4ndebud John Kerry, har en grupp av 27 lagstiftare fr\u00e5n det amerikanska huset och senaten uttryckt oro \u00f6ver utn\u00e4mningen av sultan Ahmed Al Jaber, vd f\u00f6r ett nationellt oljebolag, till ledare f\u00f6r COP28-diskussionerna . Lagstiftarna h\u00e4vdar att Al Jabers roll utg\u00f6r en betydande risk f\u00f6r de klimatframsteg som uppn\u00e5tts under tidigare FN:s klimatkonferenser. De uppmanar nu Biden-administrationen att vidta \u00e5tg\u00e4rder och beg\u00e4ra att F\u00f6renade Arabemiraten (UAE) ers\u00e4tter den valda oljeindustrichefen f\u00f6r de kommande FN:s klimatf\u00f6rhandlingar, eller \u00e5tminstone s\u00e4kerst\u00e4lla ett \u00e5tagande till ett ambiti\u00f6st COP28-toppm\u00f6te.<\/p>\n\n\n\n<p>Utn\u00e4mningen av en chef fr\u00e5n oljeindustrin till att leda COP28 ses som ett allvarligt problem, eftersom det medf\u00f6r inneboende risker som kan undergr\u00e4va f\u00f6rhandlingsprocessen och den \u00f6vergripande framg\u00e5ngen f\u00f6r konferensen. Lagstiftarna betonar behovet av att garantera allvaret och produktiviteten i COP28 som ett avg\u00f6rande klimattoppm\u00f6te. De f\u00f6respr\u00e5kar starkt att USA ut\u00f6var p\u00e5tryckningar p\u00e5 F\u00f6renade Arabemiraten f\u00f6r att ta itu med denna fr\u00e5ga omg\u00e5ende. Det rekommenderade handlingss\u00e4ttet \u00e4r att F\u00f6renade Arabemiraten utser en alternativ ledare f\u00f6r COP28 eller skaffar f\u00f6rs\u00e4kringar om att den utsedda personen aktivt kommer att fr\u00e4mja en ambiti\u00f6s COP28 i linje med m\u00e5let att begr\u00e4nsa den globala uppv\u00e4rmningen till 1,5 grader Celsius.<\/p>\n\n\n\n<p>Genom att j\u00e4mf\u00f6ra utn\u00e4mningen av en f\u00f6respr\u00e5kare f\u00f6r fossila br\u00e4nslen f\u00f6r att \u00f6vervaka kritiska klimatf\u00f6rhandlingar med att placera VD:n f\u00f6r ett stort tobakskonglomerat till ansvarig f\u00f6r den globala tobakspolitiken, uttrycker lagstiftarna sin djupa oro. Han \u00e4r ocks\u00e5 verkst\u00e4llande direkt\u00f6r f\u00f6r en av v\u00e4rldens st\u00f6rsta olja och gas f\u00f6retag, ett f\u00f6retag som nyligen har tillk\u00e4nnagett planer p\u00e5 att l\u00e4gga till 7,6 miljarder fat olja till sin produktion under de kommande \u00e5ren, vilket motsvarar den femte st\u00f6rsta \u00f6kningen i v\u00e4rlden, riskerar att undergr\u00e4va f\u00f6rhandlingarna. Beslutet att utse en person som representerar ett av v\u00e4rldens st\u00f6rsta olje- och gasbolag, med planer p\u00e5 att avsev\u00e4rt \u00f6ka oljeproduktionen, \u00e4ventyrar inte bara de grundl\u00e4ggande m\u00e5len f\u00f6r konferensen utan undergr\u00e4ver ocks\u00e5 k\u00e4rnan i hela str\u00e4van.<\/p>\n\n\n\n<p>Lagstiftarna betonar att att ha en oljebolagschef vid rodret allvarligt \u00e4ventyrar samtalen och kr\u00e4ver konkreta regler f\u00f6r att skydda klimatpolitiken fr\u00e5n f\u00f6rorenande inblandning. De lyfter fram det akuta behovet av att vidta \u00e5tg\u00e4rder som begr\u00e4nsar inflytandet fr\u00e5n fossilindustrin och dess lobbyister i FN:s (FN) beslutsprocess.<\/p>\n\n\n\n<p>Eftersom COP28-diskussionerna ska b\u00f6rja den 30 november i Dubai, v\u00e4cker utn\u00e4mningen av en oljeindustrichef som ledare f\u00f6r dessa viktiga klimatsamtal betydande tvivel om f\u00f6rm\u00e5gan att uppn\u00e5 meningsfulla framsteg. Lagstiftarna betonar att det \u00e4r br\u00e5dskande att v\u00e4rna om konferensens trov\u00e4rdighet och effektivitet f\u00f6r att s\u00e4kerst\u00e4lla en h\u00e5llbar framtid f\u00f6r v\u00e5r planet.<\/p>\n","protected":false},"excerpt":{"rendered":"<p>I ett brev riktat till presidentens s\u00e4rskilda klimats\u00e4ndebud John Kerry, har en grupp av 27 lagstiftare fr\u00e5n det amerikanska huset och senaten uttryckt oro \u00f6ver utn\u00e4mningen av sultan Ahmed Al Jaber, vd f\u00f6r ett nationellt oljebolag, till ledare f\u00f6r COP28-diskussionerna . Lagstiftarna h\u00e4vdar att Al Jabers roll utg\u00f6r en betydande risk f\u00f6r de klimatframsteg som<\/p>\n","protected":false},"author":2,"featured_media":4887,"comment_status":"open","ping_status":"open","sticky":false,"template":"","format":"standard","meta":{"footnotes":""},"categories":[3],"tags":[],"class_list":{"0":"post-4886","1":"post","2":"type-post","3":"status-publish","4":"format-standard","5":"has-post-thumbnail","7":"category-nyhetsdygnet"},"_links":{"self":[{"href":"https:\/\/fokuset.com\/index.php\/wp-json\/wp\/v2\/posts\/4886","targetHints":{"allow":["GET"]}}],"collection":[{"href":"https:\/\/fokuset.com\/index.php\/wp-json\/wp\/v2\/posts"}],"about":[{"href":"https:\/\/fokuset.com\/index.php\/wp-json\/wp\/v2\/types\/post"}],"author":[{"embeddable":true,"href":"https:\/\/fokuset.com\/index.php\/wp-json\/wp\/v2\/users\/2"}],"replies":[{"embeddable":true,"href":"https:\/\/fokuset.com\/index.php\/wp-json\/wp\/v2\/comments?post=4886"}],"version-history":[{"count":1,"href":"https:\/\/fokuset.com\/index.php\/wp-json\/wp\/v2\/posts\/4886\/revisions"}],"predecessor-version":[{"id":4888,"href":"https:\/\/fokuset.com\/index.php\/wp-json\/wp\/v2\/posts\/4886\/revisions\/4888"}],"wp:featuredmedia":[{"embeddable":true,"href":"https:\/\/fokuset.com\/index.php\/wp-json\/wp\/v2\/media\/4887"}],"wp:attachment":[{"href":"https:\/\/fokuset.com\/index.php\/wp-json\/wp\/v2\/media?parent=4886"}],"wp:term":[{"taxonomy":"category","embeddable":true,"href":"https:\/\/fokuset.com\/index.php\/wp-json\/wp\/v2\/categories?post=4886"},{"taxonomy":"post_tag","embeddable":true,"href":"https:\/\/fokuset.com\/index.php\/wp-json\/wp\/v2\/tags?post=4886"}],"curies":[{"name":"wp","href":"https:\/\/api.w.org\/{rel}","templated":true}]}}