{"id":4867,"date":"2023-05-06T16:43:30","date_gmt":"2023-05-06T16:43:30","guid":{"rendered":"https:\/\/fokuset.com\/?p=4867"},"modified":"2023-05-06T16:43:32","modified_gmt":"2023-05-06T16:43:32","slug":"kung-charles-brot-traditioner-i-kroningsprogrammet","status":"publish","type":"post","link":"https:\/\/fokuset.com\/index.php\/2023\/05\/06\/kung-charles-brot-traditioner-i-kroningsprogrammet\/","title":{"rendered":"Kung Charles br\u00f6t traditioner i kr\u00f6ningsprogrammet"},"content":{"rendered":"\n<p>\u00c4ven om det kan vara sv\u00e5rt att tro f\u00f6r den som f\u00f6ljde det drygt fyra timmar l\u00e5nga programmet s\u00e5 var det en bantad kr\u00f6ningsceremoni som h\u00f6lls p\u00e5 l\u00f6rdagen.<\/p>\n\n\n\n<p>Omkring 2 300 brittiska och internationella kungligheter och andra dignit\u00e4rer deltog \u2013 bara en fj\u00e4rdedel s\u00e5 m\u00e5nga som bj\u00f6ds in n\u00e4r drottning Elizabeth II kr\u00f6ntes 1953. Ceremonin d\u00e4r b\u00e5de kung Charles och drottning Camilla kr\u00f6ntes tog tv\u00e5 timmar, en timme kortare \u00e4n f\u00f6r 70 \u00e5r sedan.<\/p>\n\n\n\n<p><strong>Kung Charles hade ocks\u00e5 beslutat<\/strong>&nbsp;att processionen skulle g\u00e5 en mer rak v\u00e4g tillbaka till Buckingham Palace, i st\u00e4llet f\u00f6r att via omv\u00e4gar ta emot folkets jubel.<\/p>\n\n\n\n<p>Som prins gjorde sig Charles k\u00e4nd f\u00f6r sitt engagemang i klimatet och det speglades i kr\u00f6ningsceremonin. Under kr\u00f6ningen ikl\u00e4ddes kungen en drygt 100 gammal kappa och en 200 \u00e5r gammal mantel, men traditionen att nytillverka g\u00f6rdel och handske hoppade han \u00f6ver. I st\u00e4llet \u00e5teranv\u00e4ndes hans morfaders plagg fr\u00e5n 1937.<\/p>\n\n\n\n<p>Inte heller drottning Camillas krona var ny, vilket annars \u00e4r tradition. Hennes krona tillverkades till drottning Marys kr\u00f6ning \u00e5r 1911.<\/p>\n\n\n\n<p><strong>Kronan var utsmyckad med<\/strong>&nbsp;diamanter ur drottning Elizabeth II:s smyckessamling, som en hyllning till sv\u00e4rmodern. D\u00e4remot bar Camilla inte Koh-i-noor, en diamant som det \u00e4r brukligt att drottninggem\u00e5l har och som senast satt i Charles mormor drottnings Elizabeths krona.<\/p>\n\n\n\n<p>Att Storbritannien har Koh-i-noor har kritiserats f\u00f6r att vara ett uttryck f\u00f6r kolonialism. Diamanten kommer ursprungligen fr\u00e5n Indien och landet har kr\u00e4vt att f\u00e5 tillbaka den. S\u00e5dana krav har ocks\u00e5 kommit fr\u00e5n flera l\u00e4nder vars kungligheter tidigare har \u00e4gt Koh-i-noor.<\/p>\n\n\n\n<p>N\u00e4r kung Charles skulle sm\u00f6rjas med helig olja doldes hela ritualen av tre stora sk\u00e4rmar. Sm\u00f6rjelsen med olja som v\u00e4lsignats i Jerusalem anses vara en helig stund mellan monarken och Gud och d\u00f6ljs d\u00e4rf\u00f6r f\u00f6r allm\u00e4nheten. D\u00e4remot fick drottning Camilla sm\u00f6rjelsen offentligt \u2013 ett avsteg fr\u00e5n den religi\u00f6sa traditionen.<\/p>\n\n\n\n<p><a href=\"https:\/\/www.dn.se\/varlden\/kung-charles-brot-traditioner-i-kroningsprogrammet\/\" rel=\"nofollow noopener\" target=\"_blank\">K\u00e4lla<\/a><\/p>\n","protected":false},"excerpt":{"rendered":"<p>\u00c4ven om det kan vara sv\u00e5rt att tro f\u00f6r den som f\u00f6ljde det drygt fyra timmar l\u00e5nga programmet s\u00e5 var det en bantad kr\u00f6ningsceremoni som h\u00f6lls p\u00e5 l\u00f6rdagen. Omkring 2 300 brittiska och internationella kungligheter och andra dignit\u00e4rer deltog \u2013 bara en fj\u00e4rdedel s\u00e5 m\u00e5nga som bj\u00f6ds in n\u00e4r drottning Elizabeth II kr\u00f6ntes 1953. Ceremonin<\/p>\n","protected":false},"author":2,"featured_media":4868,"comment_status":"open","ping_status":"open","sticky":false,"template":"","format":"standard","meta":{"footnotes":""},"categories":[4],"tags":[230,24],"class_list":{"0":"post-4867","1":"post","2":"type-post","3":"status-publish","4":"format-standard","5":"has-post-thumbnail","7":"category-varlds-nyheter","8":"tag-kung-charles","9":"tag-storbritannien"},"_links":{"self":[{"href":"https:\/\/fokuset.com\/index.php\/wp-json\/wp\/v2\/posts\/4867","targetHints":{"allow":["GET"]}}],"collection":[{"href":"https:\/\/fokuset.com\/index.php\/wp-json\/wp\/v2\/posts"}],"about":[{"href":"https:\/\/fokuset.com\/index.php\/wp-json\/wp\/v2\/types\/post"}],"author":[{"embeddable":true,"href":"https:\/\/fokuset.com\/index.php\/wp-json\/wp\/v2\/users\/2"}],"replies":[{"embeddable":true,"href":"https:\/\/fokuset.com\/index.php\/wp-json\/wp\/v2\/comments?post=4867"}],"version-history":[{"count":1,"href":"https:\/\/fokuset.com\/index.php\/wp-json\/wp\/v2\/posts\/4867\/revisions"}],"predecessor-version":[{"id":4869,"href":"https:\/\/fokuset.com\/index.php\/wp-json\/wp\/v2\/posts\/4867\/revisions\/4869"}],"wp:featuredmedia":[{"embeddable":true,"href":"https:\/\/fokuset.com\/index.php\/wp-json\/wp\/v2\/media\/4868"}],"wp:attachment":[{"href":"https:\/\/fokuset.com\/index.php\/wp-json\/wp\/v2\/media?parent=4867"}],"wp:term":[{"taxonomy":"category","embeddable":true,"href":"https:\/\/fokuset.com\/index.php\/wp-json\/wp\/v2\/categories?post=4867"},{"taxonomy":"post_tag","embeddable":true,"href":"https:\/\/fokuset.com\/index.php\/wp-json\/wp\/v2\/tags?post=4867"}],"curies":[{"name":"wp","href":"https:\/\/api.w.org\/{rel}","templated":true}]}}