{"id":4861,"date":"2023-05-06T16:33:52","date_gmt":"2023-05-06T16:33:52","guid":{"rendered":"https:\/\/fokuset.com\/?p=4861"},"modified":"2023-05-06T16:33:53","modified_gmt":"2023-05-06T16:33:53","slug":"stockholms-slakthallar-ska-forvandlas-till-nojescentrum","status":"publish","type":"post","link":"https:\/\/fokuset.com\/index.php\/2023\/05\/06\/stockholms-slakthallar-ska-forvandlas-till-nojescentrum\/","title":{"rendered":"Stockholms slakthallar ska f\u00f6rvandlas till n\u00f6jescentrum"},"content":{"rendered":"\n<p>Slakthusomr\u00e5det ligger precis s\u00f6der om Globen. Nya verksamheter flyttar in och omr\u00e5det ska pr\u00e4glas av mat, kultur och upplevelser i en drygt hundra\u00e5rig kulturhistorisk milj\u00f6.<\/p>\n\n\n\n<p>Om tre \u00e5r v\u00e4ntas de f\u00f6rsta l\u00e4genheterna vara inflyttningsklara, hela omr\u00e5det ska st\u00e5 klart 2033, enligt planen.<\/p>\n\n\n\n<p>\u2013 Vi r\u00e4knar med omkring 3\u00a0500 l\u00e4genheter, men det beror p\u00e5 om byggherrarna satsar p\u00e5 st\u00f6rre eller sm\u00e5 l\u00e4genheter, s\u00e4ger Fredrik Wallin, som arbetar p\u00e5 Stockholms stads exploateringskontor.<\/p>\n\n\n\n<p><strong>Det blir ocks\u00e5 14<\/strong>&nbsp;<strong>000<\/strong>&nbsp;kontorsarbetsplatser, skolor, f\u00f6rskolor och en stor konstn\u00e4rlig h\u00f6gskola. En grop n\u00e4ra entr\u00e9n till Slakthusomr\u00e5det ska fyllas av en ny gymnasieskola.<\/p>\n\n\n\n<p>\u2013 Just nu h\u00e5ller vi p\u00e5 att bygga ut gator och l\u00e4gga ner ledningar, vi m\u00e5ste byta ut hela ledningssystemet. Det \u00e4r full fart, vi har kommit ganska l\u00e5ngt, s\u00e4ger Fredrik Wallin.<\/p>\n\n\n\n<p>Slakthusomr\u00e5det har, menar Fredrik Wallin, varit en isolerad enklav. Nu ska staden bygga en g\u00e5ng- och cykelbro \u00f6ver Nyn\u00e4sv\u00e4gen mot Bl\u00e5sut, t\u00e4cka \u00f6ver tunnelbanesp\u00e5ren mot Hags\u00e4tra \u2013 och har planer p\u00e5 att \u00f6verd\u00e4cka trafikkarusellen vid Gullmarsplan, knyta ihop stadsdelarna.<\/p>\n\n\n\n<p>Hittills \u00e4r 17 av 20 planerade rivningar genomf\u00f6rda. Men byggnaderna fr\u00e5n \u00e5ren runt 1910, i jugendstil och gr\u00e5tt tegel, bevaras. Liksom en byggnad fr\u00e5n varje decennium.<\/p>\n\n\n\n<p>\u2013 De ska vara tidstypiska, det \u00e4r viktigt att ha kvar historien, s\u00e4ger Fredrik Wallin.<\/p>\n\n\n\n<p><strong>Den bl\u00e5m\u00e4rkta<\/strong>&nbsp;<strong>industri-<\/strong>&nbsp;och kontorsfastigheten Charkuteristen 5 som ritades av den ber\u00f6mde arkitekten Ralph Erskine blir kvar, liksom lastkajer med utskjutande tak, ocks\u00e5 en del av omr\u00e5dets historia.<\/p>\n\n\n\n<p>Den nya tunnelbanestationen f\u00e5r tv\u00e5 uppg\u00e5ngar, tv\u00e4rgatorna blir gr\u00e4nder utan biltrafik, ett parkeringshus byggs i kanten av omr\u00e5det.<\/p>\n\n\n\n<p>\u2013 Slakthusomr\u00e5det ska vara p\u00e5 de g\u00e5endes och cyklandes villkor, s\u00e4ger Fredrik Wallin.<\/p>\n\n\n\n<p>Politikerna har pekat ut Slakthusomr\u00e5det som en stadsdel som ska ha ett n\u00f6jesliv, d\u00e4r det ska f\u00e5 l\u00e5ta. men m\u00e5nga n\u00f6jesst\u00e4llen har f\u00e5tt sl\u00e5 igen i Stockholm genom \u00e5ren p\u00e5 grund av grannars klagom\u00e5l p\u00e5 st\u00f6rande ljud.<\/p>\n\n\n\n<p><strong>Hur hanterar ni det?<\/strong><\/p>\n\n\n\n<p>\u2013 Vi har inget trollsp\u00f6, men vi har f\u00f6ruts\u00e4ttningar att planera och arbeta med tysta sidor i l\u00e4genheterna s\u00e5 att den som klagar inte kan vinna. Men klagom\u00e5l g\u00e5r inte att undvika, s\u00e4ger Fredrik Wallin.<\/p>\n\n\n\n<p>I de gamla slakthallarna samsas restauranger, barer, konserter och evenemang. Victor Sanchez driver Hosoi lyssningsbar, som redan har varit \u00f6ppen i n\u00e5gra veckor.<\/p>\n\n\n\n<p>Lyssningsrummet ser ut som ett stort vardagsrum, med mjuka soffor, ett hemmaljudsystem och en bar i ena \u00e4nden.<\/p>\n\n\n\n<p>\u2013 Det \u00e4r social lyssning, vi bjuder in skivsamlare fr\u00e5n hela v\u00e4rlden, s\u00e4ger Victor Sanchez.<\/p>\n\n\n\n<p>Hosoi har \u00f6ppet till 01. Tv\u00e4rs \u00f6ver gatan ligger en nattklubb p\u00e5 ett tak med vindpinade, frusna krukpalmer, de har \u00f6ppet till 03.<\/p>\n\n\n\n<p><strong>Er lokal ligger inte s\u00e5 l\u00e5ngt fr\u00e5n det som ska bli nya bost\u00e4der. \u00c4r du orolig f\u00f6r att ni ska tvingas st\u00e4nga om folk klagar?<\/strong><\/p>\n\n\n\n<p>\u2013 Vi spelar inte h\u00f6gt och pratar man f\u00f6r h\u00f6gt h\u00e4r \u00e5ker man ut. Det \u00e4r om\u00f6jligt att g\u00f6ra kultur tyst. Men det ska bli v\u00e4ldigt sp\u00e4nnande att se hur det g\u00e5r, s\u00e4ger Victor Sanchez<\/p>\n\n\n\n<p><a href=\"https:\/\/www.dn.se\/sverige\/stockholms-slakthallar-ska-forvandlas-till-nojescentrum\/\" rel=\"nofollow noopener\" target=\"_blank\">K\u00e4lla<\/a><\/p>\n","protected":false},"excerpt":{"rendered":"<p>Slakthusomr\u00e5det ligger precis s\u00f6der om Globen. Nya verksamheter flyttar in och omr\u00e5det ska pr\u00e4glas av mat, kultur och upplevelser i en drygt hundra\u00e5rig kulturhistorisk milj\u00f6. Om tre \u00e5r v\u00e4ntas de f\u00f6rsta l\u00e4genheterna vara inflyttningsklara, hela omr\u00e5det ska st\u00e5 klart 2033, enligt planen. \u2013 Vi r\u00e4knar med omkring 3\u00a0500 l\u00e4genheter, men det beror p\u00e5 om byggherrarna<\/p>\n","protected":false},"author":2,"featured_media":4862,"comment_status":"open","ping_status":"open","sticky":false,"template":"","format":"standard","meta":{"footnotes":""},"categories":[3],"tags":[228,46],"class_list":{"0":"post-4861","1":"post","2":"type-post","3":"status-publish","4":"format-standard","5":"has-post-thumbnail","7":"category-nyhetsdygnet","8":"tag-slakthallar","9":"tag-stockholm"},"_links":{"self":[{"href":"https:\/\/fokuset.com\/index.php\/wp-json\/wp\/v2\/posts\/4861","targetHints":{"allow":["GET"]}}],"collection":[{"href":"https:\/\/fokuset.com\/index.php\/wp-json\/wp\/v2\/posts"}],"about":[{"href":"https:\/\/fokuset.com\/index.php\/wp-json\/wp\/v2\/types\/post"}],"author":[{"embeddable":true,"href":"https:\/\/fokuset.com\/index.php\/wp-json\/wp\/v2\/users\/2"}],"replies":[{"embeddable":true,"href":"https:\/\/fokuset.com\/index.php\/wp-json\/wp\/v2\/comments?post=4861"}],"version-history":[{"count":1,"href":"https:\/\/fokuset.com\/index.php\/wp-json\/wp\/v2\/posts\/4861\/revisions"}],"predecessor-version":[{"id":4863,"href":"https:\/\/fokuset.com\/index.php\/wp-json\/wp\/v2\/posts\/4861\/revisions\/4863"}],"wp:featuredmedia":[{"embeddable":true,"href":"https:\/\/fokuset.com\/index.php\/wp-json\/wp\/v2\/media\/4862"}],"wp:attachment":[{"href":"https:\/\/fokuset.com\/index.php\/wp-json\/wp\/v2\/media?parent=4861"}],"wp:term":[{"taxonomy":"category","embeddable":true,"href":"https:\/\/fokuset.com\/index.php\/wp-json\/wp\/v2\/categories?post=4861"},{"taxonomy":"post_tag","embeddable":true,"href":"https:\/\/fokuset.com\/index.php\/wp-json\/wp\/v2\/tags?post=4861"}],"curies":[{"name":"wp","href":"https:\/\/api.w.org\/{rel}","templated":true}]}}