{"id":4856,"date":"2023-04-26T17:55:54","date_gmt":"2023-04-26T17:55:54","guid":{"rendered":"https:\/\/fokuset.com\/?p=4856"},"modified":"2023-04-26T17:55:55","modified_gmt":"2023-04-26T17:55:55","slug":"adam-admira-thunderpussy-risberg-infor-finalen-i-drag-race-sverige","status":"publish","type":"post","link":"https:\/\/fokuset.com\/index.php\/2023\/04\/26\/adam-admira-thunderpussy-risberg-infor-finalen-i-drag-race-sverige\/","title":{"rendered":"Adam \u201dAdmira Thunderpussy\u201d Risberg inf\u00f6r finalen i \u201dDrag race Sverige\u201d"},"content":{"rendered":"\n<p>Adam Risberg \u00e4r i G\u00f6teborg f\u00f6r att upptr\u00e4da p\u00e5 Club Queer p\u00e5 Park Lane, n\u00e5got han gjort m\u00e5nga g\u00e5nger f\u00f6rr. Men den h\u00e4r g\u00e5ngen v\u00e4ntar han sig mer tryck. Responsen efter \u201dDrag race Sverige\u201d har varit enorm.<\/p>\n\n\n\n<p>\u2013 Jag \u00e4r lite stressad \u00f6ver det, det kan bli lite too much, att folk blir lite maniska och drar och sliter. Men det ska ocks\u00e5 bli skitkul, s\u00e4ger han n\u00e4r vi ses p\u00e5 hans hotellrum p\u00e5 Avenyn.<\/p>\n\n\n\n<p>Han beskriver upplevelsen av programmet b\u00e5de som det roligaste och \u201ddet mest fysiskt och mentalt utmanande\u201d han varit med om, med l\u00e5nga dagar och st\u00e4ndiga krav p\u00e5 att leverera. P\u00e5 s\u00f6ndag avg\u00f6rs allt n\u00e4r hans persona Admira Thunderpussy st\u00e5r i den f\u00f6rsta finalen n\u00e5gonsin av svenska \u201dDrag race\u201d som visats p\u00e5 SVT under v\u00e5ren. Motst\u00e5ndet: Brasilianska energiknippet Fontana och den coola, punkrockiga Vanity Vain. Admira Thunderpussy beskriver han i sin tur som \u201dvass, glamor\u00f6s, of\u00f6rl\u00e5tlig och bara j\u00e4vligt fabulous\u201d.<\/p>\n\n\n\n<p>\u2013 Det \u00e4r ett j\u00e4ttebra motst\u00e5nd, vi har verkligen v\u00e5ra egna kvaliteter. Vi \u00e4r liksom powerpuffpinglorna p\u00e5 steroider.<\/p>\n\n\n\n<h2 class=\"wp-block-heading\" id=\"borjade-som-17-aring\">B\u00f6rjade som 17-\u00e5ring<\/h2>\n\n\n\n<p>F\u00f6rv\u00e4ntningarna var h\u00f6ga fr\u00e5n start p\u00e5 stj\u00e4rnan Admira Thunderpussy. F\u00f6r trots att Adam Risberg bara \u00e4r 29 \u00e5r kom han in lite som en veteran i programmet. Han b\u00f6rjade med drag redan som 17-\u00e5ring och fick sj\u00e4lvaste Christer Lindarw att komma till hans examensarbete p\u00e5 gymnasiet. Arbetet var en stor show i S\u00f6dra Latins aula, med dansare och egensydda kl\u00e4der.<\/p>\n\n\n\n<p>\u2013 Efter mitt avslutningsnummer kom Christer upp p\u00e5 scenen och kramade mig. Jag trodde det var min mormor f\u00f6rst! De har ju samma frisyr och luktar likadant.<\/p>\n\n\n\n<p>\u2013 Veckan efter b\u00f6rjade jag jobba p\u00e5 nattklubbar. S\u00e5 det var en v\u00e4ldig push in i gay- och dragv\u00e4rlden, vilket var kul men ocks\u00e5 v\u00e4ldigt utmanande. Det blev en stor press fr\u00e5n start, att f\u00e5 betalt f\u00f6r att upptr\u00e4da n\u00e4r jag fortfarande var v\u00e4ldigt ny.<\/p>\n\n\n\n<h2 class=\"wp-block-heading\" id=\"oppnade-upp-om-missbruk\">\u00d6ppnade upp om missbruk<\/h2>\n\n\n\n<p>Det var bland annat pressen p\u00e5 att prestera som gjorde att Adam till slut hamnade i ett missbruk, n\u00e5got som han \u00f6ppnade upp sig om i det senaste avsnittet av \u201dDrag race\u201d.<\/p>\n\n\n\n<p>\u2013 Drogerna blev min tillflyktsort d\u00e4r jag blev h\u00e4mningsbefriad och k\u00e4nde mig bekr\u00e4ftad och on top of the world. Det tog \u00f6ver mitt liv och successivt sp\u00e5rade det ur.<\/p>\n\n\n\n<p>Till slut var det en psykos som fick honom att s\u00f6ka hj\u00e4lp, vilket han fick hos bland annat RFSL. I dag m\u00e5r han bra och vill ber\u00e4tta sin historia f\u00f6r att skala bort stigmat.<\/p>\n\n\n\n<p>\u2013 F\u00f6r det \u00e4r f\u00f6rv\u00e5nansv\u00e4rt vanligt att man lever ett slags dubbelliv med ett m\u00f6rker, inte bara i dragv\u00e4rlden utan hela hbtqai+-v\u00e4rlden. Man har ofta en bakgrund med mobbning eller utanf\u00f6rskap eller besvikelse fr\u00e5n sin familj och det kan mynna ut i destruktiva beteenden.<\/p>\n\n\n\n<h2 class=\"wp-block-heading\" id=\"fatt-satanistmeddelanden\">\u201dF\u00e5tt satanistmeddelanden\u201d<\/h2>\n\n\n\n<p>Efter att han delade med sig av sin historia har kommentarerna str\u00f6mmat in fr\u00e5n m\u00e4nniskor som k\u00e4nner igen sig.<\/p>\n\n\n\n<p>\u2013 Framf\u00f6r allt \u00e4r det unga personer som k\u00e4nner sig utanf\u00f6r, det \u00e4r inte n\u00f6dv\u00e4ndigtvis personer som \u00e4r gay eller bi utan det \u00e4r alla m\u00f6jliga som identifierar sig med det h\u00e4r att fira sig sj\u00e4lv och bli sin egen fantasibild. Det tilltalar v\u00e4ldigt m\u00e5nga fler m\u00e4nniskor \u00e4n vad jag trodde.<\/p>\n\n\n\n<p>Den senaste tiden har dragscenen m\u00f6tts av mycket hat. Flera av Drag story hours sagostunder har f\u00e5tt st\u00e4llas in efter hot och senast i veckan rasade Sverigedemokraterna \u00f6ver att tv\u00e5 dragdrottningar ska guida barn till teater p\u00e5 Dramaten. \u00c4ven deltagarna \u201dDrag race Sverige\u201d har m\u00f6tts av hatkommentarer i sociala medier.<\/p>\n\n\n\n<p>\u2013 Jag v\u00e4ljer att inte dyka in i dem. Jag har f\u00e5tt n\u00e5gra satanistmeddelanden att de ska f\u00f6ra ut dj\u00e4vulen ur mig och s\u00e5nt men det \u00e4r bara underh\u00e5llande. Helt \u00e4rligt talat. Det \u00e4r ingenting som jag kan ta till mig, s\u00e4ger Adam Risberg.<\/p>\n\n\n\n<p><a href=\"https:\/\/www.gp.se\/kultur\/kultur\/adam-admira-thunderpussy-risberg-inf%C3%B6r-finalen-i-drag-race-sverige-1.97638641\" rel=\"nofollow noopener\" target=\"_blank\">K\u00e4lla<\/a><\/p>\n","protected":false},"excerpt":{"rendered":"<p>Adam Risberg \u00e4r i G\u00f6teborg f\u00f6r att upptr\u00e4da p\u00e5 Club Queer p\u00e5 Park Lane, n\u00e5got han gjort m\u00e5nga g\u00e5nger f\u00f6rr. Men den h\u00e4r g\u00e5ngen v\u00e4ntar han sig mer tryck. Responsen efter \u201dDrag race Sverige\u201d har varit enorm. \u2013 Jag \u00e4r lite stressad \u00f6ver det, det kan bli lite too much, att folk blir lite maniska<\/p>\n","protected":false},"author":2,"featured_media":4857,"comment_status":"open","ping_status":"open","sticky":false,"template":"","format":"standard","meta":{"footnotes":""},"categories":[5],"tags":[227],"class_list":{"0":"post-4856","1":"post","2":"type-post","3":"status-publish","4":"format-standard","5":"has-post-thumbnail","7":"category-underhallning","8":"tag-drag-race-sverige"},"_links":{"self":[{"href":"https:\/\/fokuset.com\/index.php\/wp-json\/wp\/v2\/posts\/4856","targetHints":{"allow":["GET"]}}],"collection":[{"href":"https:\/\/fokuset.com\/index.php\/wp-json\/wp\/v2\/posts"}],"about":[{"href":"https:\/\/fokuset.com\/index.php\/wp-json\/wp\/v2\/types\/post"}],"author":[{"embeddable":true,"href":"https:\/\/fokuset.com\/index.php\/wp-json\/wp\/v2\/users\/2"}],"replies":[{"embeddable":true,"href":"https:\/\/fokuset.com\/index.php\/wp-json\/wp\/v2\/comments?post=4856"}],"version-history":[{"count":1,"href":"https:\/\/fokuset.com\/index.php\/wp-json\/wp\/v2\/posts\/4856\/revisions"}],"predecessor-version":[{"id":4858,"href":"https:\/\/fokuset.com\/index.php\/wp-json\/wp\/v2\/posts\/4856\/revisions\/4858"}],"wp:featuredmedia":[{"embeddable":true,"href":"https:\/\/fokuset.com\/index.php\/wp-json\/wp\/v2\/media\/4857"}],"wp:attachment":[{"href":"https:\/\/fokuset.com\/index.php\/wp-json\/wp\/v2\/media?parent=4856"}],"wp:term":[{"taxonomy":"category","embeddable":true,"href":"https:\/\/fokuset.com\/index.php\/wp-json\/wp\/v2\/categories?post=4856"},{"taxonomy":"post_tag","embeddable":true,"href":"https:\/\/fokuset.com\/index.php\/wp-json\/wp\/v2\/tags?post=4856"}],"curies":[{"name":"wp","href":"https:\/\/api.w.org\/{rel}","templated":true}]}}