{"id":4847,"date":"2023-04-26T17:38:11","date_gmt":"2023-04-26T17:38:11","guid":{"rendered":"https:\/\/fokuset.com\/?p=4847"},"modified":"2023-04-26T17:38:13","modified_gmt":"2023-04-26T17:38:13","slug":"skyddsstopp-havs-pendeltag-kan-koras-utan-tagvardar","status":"publish","type":"post","link":"https:\/\/fokuset.com\/index.php\/2023\/04\/26\/skyddsstopp-havs-pendeltag-kan-koras-utan-tagvardar\/","title":{"rendered":"Skyddsstopp h\u00e4vs \u2013 pendelt\u00e5g kan k\u00f6ras utan t\u00e5gv\u00e4rdar"},"content":{"rendered":"\n<p>Enligt Arbetsmilj\u00f6verket har \u00e4ven arbetsgivaren i nul\u00e4get vidtagit tillr\u00e4ckliga \u00e5tg\u00e4rder f\u00f6r att ensamarbete ska kunna ske p\u00e5 ett s\u00e4kert s\u00e4tt f\u00f6r personalen.<\/p>\n\n\n\n<p>Det inneb\u00e4r att arbetet att k\u00f6ra pendelt\u00e5gen utan t\u00e5gv\u00e4rdar kan \u00e5terupptas igen, enligt myndigheten. Det \u00e4r MTR som har v\u00e4nt sig till Arbetsmilj\u00f6verket f\u00f6r att f\u00e5 stoppet pr\u00f6vat.<\/p>\n\n\n\n<p>Vi \u00e4r glada \u00f6ver att Arbetsmilj\u00f6verket delar v\u00e5r bed\u00f6mning om att skyddsstoppet inte var befogat och vi k\u00e4nner oss trygga med den l\u00f6sning som vi har arbetat med under n\u00e4stan tv\u00e5 \u00e5rs tid, s\u00e4ger Erik S\u00f6derberg, som \u00e4r presschef p\u00e5 MTR.<\/p>\n\n\n\n<p>Nu kommer MTR att \u00e5terg\u00e5 till den ursprungliga planen som har g\u00e4llt sedan f\u00f6rsta mars, allts\u00e5 att h\u00e4lften av pendelt\u00e5gen ska g\u00e5 utan t\u00e5gv\u00e4rd.<\/p>\n\n\n\n<p>Skyddsstoppet, som har lagts av facket ST Pendeln, har g\u00e4llt sedan i m\u00e5ndags. Det \u00e4r ungef\u00e4r h\u00e4lften av pendelt\u00e5gen som ber\u00f6rs av stoppet. Sedan dess har MTR bemannat ungef\u00e4r h\u00e4lften av t\u00e5gen med t\u00e5gv\u00e4rdar eller motsvarande personal.<\/p>\n\n\n\n<p>Extrapersonalen som har g\u00e5tt p\u00e5 nu kommer att arbeta klart sitt pass. S\u00e5 det kommer att g\u00e4lla fr\u00e5n och med att passet \u00e4r slut f\u00f6r extrapersonalen, s\u00e5 i princip fr\u00e5n och med i morgon, s\u00e4ger Erik S\u00f6derberg.<\/p>\n\n\n\n<p>Facket motiverar skyddsstoppet med att antalet incidenter \u00f6kat sedan operat\u00f6ren MTR inf\u00f6rde ensambemanning p\u00e5 vartannat pendelt\u00e5g. ST kr\u00e4ver att alla t\u00e5g f\u00f6rutom lokf\u00f6rare ska ha en t\u00e5gv\u00e4rd ombord.<\/p>\n\n\n\n<p>Jag \u00e4r chockad, s\u00e4ger Roger Delin, ordf\u00f6rande f\u00f6r ST:s klubb p\u00e5 MTR Pendelt\u00e5gen om att skyddsstoppet nu har h\u00e4vts. Jag har st\u00f6rsta respekt f\u00f6r Arbetsmilj\u00f6verket, men jag anser att de har gjort en felaktig bed\u00f6mning h\u00e4r. N\u00e4r v\u00e5r personal fortfarande s\u00e4ger att de \u00e4r otrygga och m\u00e5r d\u00e5ligt av att k\u00f6ra ensamma f\u00e5r vi kontakta av med mer fakta.<\/p>\n\n\n\n<p>Roger Delin s\u00e4ger att styrelsen ska samlas imorgon f\u00f6r att g\u00f6ra en \u00e5tg\u00e4rdsplan fram\u00f6ver.<\/p>\n\n\n\n<p>Vi ger oss inte, s\u00e4ger han.<\/p>\n\n\n\n<p><a href=\"https:\/\/www.dn.se\/sverige\/skyddsstopp-havs-tag-kan-koras-utan-tagvardar\/\" rel=\"nofollow noopener\" target=\"_blank\">K\u00e4lla<\/a><\/p>\n","protected":false},"excerpt":{"rendered":"<p>Enligt Arbetsmilj\u00f6verket har \u00e4ven arbetsgivaren i nul\u00e4get vidtagit tillr\u00e4ckliga \u00e5tg\u00e4rder f\u00f6r att ensamarbete ska kunna ske p\u00e5 ett s\u00e4kert s\u00e4tt f\u00f6r personalen. Det inneb\u00e4r att arbetet att k\u00f6ra pendelt\u00e5gen utan t\u00e5gv\u00e4rdar kan \u00e5terupptas igen, enligt myndigheten. Det \u00e4r MTR som har v\u00e4nt sig till Arbetsmilj\u00f6verket f\u00f6r att f\u00e5 stoppet pr\u00f6vat. Vi \u00e4r glada \u00f6ver att<\/p>\n","protected":false},"author":2,"featured_media":4848,"comment_status":"open","ping_status":"open","sticky":false,"template":"","format":"standard","meta":{"footnotes":""},"categories":[3],"tags":[224],"class_list":{"0":"post-4847","1":"post","2":"type-post","3":"status-publish","4":"format-standard","5":"has-post-thumbnail","7":"category-nyhetsdygnet","8":"tag-pendeltag"},"_links":{"self":[{"href":"https:\/\/fokuset.com\/index.php\/wp-json\/wp\/v2\/posts\/4847","targetHints":{"allow":["GET"]}}],"collection":[{"href":"https:\/\/fokuset.com\/index.php\/wp-json\/wp\/v2\/posts"}],"about":[{"href":"https:\/\/fokuset.com\/index.php\/wp-json\/wp\/v2\/types\/post"}],"author":[{"embeddable":true,"href":"https:\/\/fokuset.com\/index.php\/wp-json\/wp\/v2\/users\/2"}],"replies":[{"embeddable":true,"href":"https:\/\/fokuset.com\/index.php\/wp-json\/wp\/v2\/comments?post=4847"}],"version-history":[{"count":1,"href":"https:\/\/fokuset.com\/index.php\/wp-json\/wp\/v2\/posts\/4847\/revisions"}],"predecessor-version":[{"id":4849,"href":"https:\/\/fokuset.com\/index.php\/wp-json\/wp\/v2\/posts\/4847\/revisions\/4849"}],"wp:featuredmedia":[{"embeddable":true,"href":"https:\/\/fokuset.com\/index.php\/wp-json\/wp\/v2\/media\/4848"}],"wp:attachment":[{"href":"https:\/\/fokuset.com\/index.php\/wp-json\/wp\/v2\/media?parent=4847"}],"wp:term":[{"taxonomy":"category","embeddable":true,"href":"https:\/\/fokuset.com\/index.php\/wp-json\/wp\/v2\/categories?post=4847"},{"taxonomy":"post_tag","embeddable":true,"href":"https:\/\/fokuset.com\/index.php\/wp-json\/wp\/v2\/tags?post=4847"}],"curies":[{"name":"wp","href":"https:\/\/api.w.org\/{rel}","templated":true}]}}