{"id":4835,"date":"2023-04-15T11:28:19","date_gmt":"2023-04-15T11:28:19","guid":{"rendered":"https:\/\/fokuset.com\/?p=4835"},"modified":"2023-04-15T11:28:21","modified_gmt":"2023-04-15T11:28:21","slug":"japans-premiarminister-fumio-kishida-evakuerades-efter-att-vad-som-verkar-vara-en-rokbomb-kastats","status":"publish","type":"post","link":"https:\/\/fokuset.com\/index.php\/2023\/04\/15\/japans-premiarminister-fumio-kishida-evakuerades-efter-att-vad-som-verkar-vara-en-rokbomb-kastats\/","title":{"rendered":"Japans premi\u00e4rminister Fumio Kishida evakuerades efter att vad som verkar vara en r\u00f6kbomb kastats"},"content":{"rendered":"\n<p>Japans premi\u00e4rminister Fumio Kishida har evakuerats oskadd fr\u00e5n en offentlig tillst\u00e4llning efter att vad som s\u00e5g ut att vara en r\u00f6kbomb kastades mot honom.<\/p>\n\n\n\n<p>En man greps p\u00e5 platsen i Wakayama, d\u00e4r Kishida skulle h\u00e5lla ett tal, rapporterade lokala medier.<\/p>\n\n\n\n<p>Ett vittne sa att de s\u00e5g en person kasta n\u00e5got, f\u00f6ljt av r\u00f6k, medan ett annat sa att de h\u00f6rde en rej\u00e4l sm\u00e4ll. Inga personskador rapporterades.<\/p>\n\n\n\n<p>Videon visade poliser som staplade p\u00e5 en person som tros vara en misst\u00e4nkt.<\/p>\n\n\n\n<p>Han greps misst\u00e4nkt f\u00f6r hinder i verksamheten och identifierades senare av myndigheterna som 24-\u00e5riga Ryuji Kimura. Hans motivation \u00e4r fortfarande oklar.<\/p>\n\n\n\n<p>Japans offentliga TV-bolag, NHK, citerade Kishida som sa att det var en &#8220;h\u00f6g sm\u00e4ll&#8221; vid platsen. &#8220;Polisen unders\u00f6ker detaljer, men jag skulle vilja be om urs\u00e4kt f\u00f6r att jag har oroat m\u00e5nga m\u00e4nniskor och orsakat dem problem.&#8221;<\/p>\n\n\n\n<p>NHK s\u00e4nde bilder d\u00e4r massor av m\u00e4nniskor verkar fly fr\u00e5n platsen.<\/p>\n\n\n\n<p>Filmen visar ocks\u00e5 m\u00e4nniskor sv\u00e4rmar runt en man, h\u00e5ller ner honom och sedan b\u00e4r bort honom.<\/p>\n\n\n\n<p>Herr Kishida hade precis b\u00f6rjat h\u00e5lla ett tal efter att ha turnerat i fiskehamnen i Wakayama f\u00f6r ett kampanjevenemang n\u00e4r f\u00f6rem\u00e5let kastades och han tog skydd.<\/p>\n\n\n\n<p>Efter incidenten talade Mr Kishida till en folkmassa p\u00e5 en annan plats och sa att incidenten inte borde st\u00f6ra valprocessen.<\/p>\n\n\n\n<p>En kvinna p\u00e5 platsen sa till NHK: &#8220;Jag var chockad. Mitt hj\u00e4rta sl\u00e5r fortfarande snabbt.&#8221;<\/p>\n\n\n\n<p>En person som sa att de s\u00e5g ett f\u00f6rem\u00e5l flyga genom luften sa att det gav dem en &#8220;d\u00e5lig k\u00e4nsla, s\u00e5 vi sprang iv\u00e4g otroligt snabbt&#8221;.<\/p>\n\n\n\n<p>&#8220;Sedan h\u00f6rde vi ett riktigt h\u00f6gt ljud. Det fick min dotter att gr\u00e5ta&#8221;, tillade de.<\/p>\n\n\n\n<p>Ett annat vittne ber\u00e4ttade f\u00f6r NHK att folkmassan b\u00f6rjade skingras i panik innan spr\u00e4ngningen h\u00f6rdes, eftersom n\u00e5gon sa att en explosiv hade kastats.<\/p>\n\n\n\n<p>Hiroshi Moriyama, en medlem av Kishidas liberala demokratiska parti, sa: &#8220;Att n\u00e5got s\u00e5dant h\u00e4r h\u00e4nde mitt under en valkampanj som utg\u00f6r grunden f\u00f6r demokrati \u00e4r beklagligt. Det \u00e4r en of\u00f6rl\u00e5tlig illd\u00e5d.&#8221;<\/p>\n\n\n\n<p><\/p>\n\n\n\n<p><\/p>\n\n\n\n<p><\/p>\n\n\n\n<p><\/p>\n\n\n\n<p><\/p>\n\n\n\n<p><\/p>\n","protected":false},"excerpt":{"rendered":"<p>Japans premi\u00e4rminister Fumio Kishida har evakuerats oskadd fr\u00e5n en offentlig tillst\u00e4llning efter att vad som s\u00e5g ut att vara en r\u00f6kbomb kastades mot honom. En man greps p\u00e5 platsen i Wakayama, d\u00e4r Kishida skulle h\u00e5lla ett tal, rapporterade lokala medier. Ett vittne sa att de s\u00e5g en person kasta n\u00e5got, f\u00f6ljt av r\u00f6k, medan ett<\/p>\n","protected":false},"author":2,"featured_media":4836,"comment_status":"open","ping_status":"open","sticky":false,"template":"","format":"standard","meta":{"footnotes":""},"categories":[4],"tags":[221],"class_list":{"0":"post-4835","1":"post","2":"type-post","3":"status-publish","4":"format-standard","5":"has-post-thumbnail","7":"category-varlds-nyheter","8":"tag-japan"},"_links":{"self":[{"href":"https:\/\/fokuset.com\/index.php\/wp-json\/wp\/v2\/posts\/4835","targetHints":{"allow":["GET"]}}],"collection":[{"href":"https:\/\/fokuset.com\/index.php\/wp-json\/wp\/v2\/posts"}],"about":[{"href":"https:\/\/fokuset.com\/index.php\/wp-json\/wp\/v2\/types\/post"}],"author":[{"embeddable":true,"href":"https:\/\/fokuset.com\/index.php\/wp-json\/wp\/v2\/users\/2"}],"replies":[{"embeddable":true,"href":"https:\/\/fokuset.com\/index.php\/wp-json\/wp\/v2\/comments?post=4835"}],"version-history":[{"count":1,"href":"https:\/\/fokuset.com\/index.php\/wp-json\/wp\/v2\/posts\/4835\/revisions"}],"predecessor-version":[{"id":4837,"href":"https:\/\/fokuset.com\/index.php\/wp-json\/wp\/v2\/posts\/4835\/revisions\/4837"}],"wp:featuredmedia":[{"embeddable":true,"href":"https:\/\/fokuset.com\/index.php\/wp-json\/wp\/v2\/media\/4836"}],"wp:attachment":[{"href":"https:\/\/fokuset.com\/index.php\/wp-json\/wp\/v2\/media?parent=4835"}],"wp:term":[{"taxonomy":"category","embeddable":true,"href":"https:\/\/fokuset.com\/index.php\/wp-json\/wp\/v2\/categories?post=4835"},{"taxonomy":"post_tag","embeddable":true,"href":"https:\/\/fokuset.com\/index.php\/wp-json\/wp\/v2\/tags?post=4835"}],"curies":[{"name":"wp","href":"https:\/\/api.w.org\/{rel}","templated":true}]}}