{"id":4827,"date":"2023-04-13T12:07:13","date_gmt":"2023-04-13T12:07:13","guid":{"rendered":"https:\/\/fokuset.com\/?p=4827"},"modified":"2023-04-13T12:07:32","modified_gmt":"2023-04-13T12:07:32","slug":"rebecka-teper-fran-solsidan-ar-dod","status":"publish","type":"post","link":"https:\/\/fokuset.com\/index.php\/2023\/04\/13\/rebecka-teper-fran-solsidan-ar-dod\/","title":{"rendered":"Rebecka Teper fr\u00e5n \u201dSolsidan\u201d \u00e4r d\u00f6d"},"content":{"rendered":"\n<p>Rebecka Teper har avlidit efter en tids sjukdom, bekr\u00e4ftar familjen f\u00f6r Aftonbladet. Hon var mest k\u00e4nd f\u00f6r sin roll som Lussan, b\u00e4sta v\u00e4n till Josephine Bornebushs rollfigur Mickan, i TV4:s \u201dSolsidan\u201d.<\/p>\n\n\n\n<p>Seriens skapare Felix Herngren kommenterar h\u00e4ndelsen i ett meddelande till Aftonbladet:<\/p>\n\n\n\n<p>\u201dJag fick den fruktansv\u00e4rt sorgliga nyheten att Rebecka g\u00e5tt bort f\u00f6r n\u00e5gra dagar sen och jag har fortfarande sv\u00e5rt att f\u00f6rst\u00e5 att hon l\u00e4mnat oss. Hon var alltid en solstr\u00e5le och s\u00e5 fantastiskt rolig och rapp i tanke och replik.\u201dRebecka Teper f\u00f6ddes 1972 och var dotter till sk\u00e5despelaren Basia Frydman. Som ung studerade hon p\u00e5 Balettakademin och Kulturama, och senare \u00e4ven vid Stella Adler Conservatory of Acting i New York. Teper fick sin f\u00f6rsta tv-roll i &#8220;Rederiet&#8221; och spelade \u00e4ven i &#8220;Sk\u00e4rg\u00e5rdsdoktorn&#8221;, filmen &#8220;Hundtricket&#8221; och &#8220;Bonusfamiljen&#8221;. Hon var tillsammans med f\u00f6rfattaren och musikern Carl-Johan Vallgren, 58.<\/p>\n","protected":false},"excerpt":{"rendered":"<p>Rebecka Teper har avlidit efter en tids sjukdom, bekr\u00e4ftar familjen f\u00f6r Aftonbladet. Hon var mest k\u00e4nd f\u00f6r sin roll som Lussan, b\u00e4sta v\u00e4n till Josephine Bornebushs rollfigur Mickan, i TV4:s \u201dSolsidan\u201d. Seriens skapare Felix Herngren kommenterar h\u00e4ndelsen i ett meddelande till Aftonbladet: \u201dJag fick den fruktansv\u00e4rt sorgliga nyheten att Rebecka g\u00e5tt bort f\u00f6r n\u00e5gra dagar<\/p>\n","protected":false},"author":2,"featured_media":4828,"comment_status":"open","ping_status":"open","sticky":false,"template":"","format":"standard","meta":{"footnotes":""},"categories":[5],"tags":[219],"class_list":{"0":"post-4827","1":"post","2":"type-post","3":"status-publish","4":"format-standard","5":"has-post-thumbnail","7":"category-underhallning","8":"tag-solsidan"},"_links":{"self":[{"href":"https:\/\/fokuset.com\/index.php\/wp-json\/wp\/v2\/posts\/4827","targetHints":{"allow":["GET"]}}],"collection":[{"href":"https:\/\/fokuset.com\/index.php\/wp-json\/wp\/v2\/posts"}],"about":[{"href":"https:\/\/fokuset.com\/index.php\/wp-json\/wp\/v2\/types\/post"}],"author":[{"embeddable":true,"href":"https:\/\/fokuset.com\/index.php\/wp-json\/wp\/v2\/users\/2"}],"replies":[{"embeddable":true,"href":"https:\/\/fokuset.com\/index.php\/wp-json\/wp\/v2\/comments?post=4827"}],"version-history":[{"count":1,"href":"https:\/\/fokuset.com\/index.php\/wp-json\/wp\/v2\/posts\/4827\/revisions"}],"predecessor-version":[{"id":4829,"href":"https:\/\/fokuset.com\/index.php\/wp-json\/wp\/v2\/posts\/4827\/revisions\/4829"}],"wp:featuredmedia":[{"embeddable":true,"href":"https:\/\/fokuset.com\/index.php\/wp-json\/wp\/v2\/media\/4828"}],"wp:attachment":[{"href":"https:\/\/fokuset.com\/index.php\/wp-json\/wp\/v2\/media?parent=4827"}],"wp:term":[{"taxonomy":"category","embeddable":true,"href":"https:\/\/fokuset.com\/index.php\/wp-json\/wp\/v2\/categories?post=4827"},{"taxonomy":"post_tag","embeddable":true,"href":"https:\/\/fokuset.com\/index.php\/wp-json\/wp\/v2\/tags?post=4827"}],"curies":[{"name":"wp","href":"https:\/\/api.w.org\/{rel}","templated":true}]}}