{"id":4808,"date":"2023-03-31T15:23:35","date_gmt":"2023-03-31T15:23:35","guid":{"rendered":"https:\/\/fokuset.com\/?p=4808"},"modified":"2023-03-31T15:23:35","modified_gmt":"2023-03-31T15:23:35","slug":"carl-soderberg-kopte-zlatans-hus-nu-ar-lyxvillan-sald-igen","status":"publish","type":"post","link":"https:\/\/fokuset.com\/index.php\/2023\/03\/31\/carl-soderberg-kopte-zlatans-hus-nu-ar-lyxvillan-sald-igen\/","title":{"rendered":"Carl S\u00f6derberg k\u00f6pte Zlatans hus \u2013 nu \u00e4r lyxvillan s\u00e5ld igen"},"content":{"rendered":"\n<p>Carl S\u00f6derberg har haft en l\u00e5ng och framg\u00e5ngsrik hockeykarri\u00e4r som bland annat tog honom hela v\u00e4gen till NHL. Den Malm\u00f6f\u00f6dde stj\u00e4rnan gjorde totalt nio s\u00e4songer i v\u00e4rldens b\u00e4sta hockeyliga och det var under tiden d\u00e4r som han investerade i en p\u00e5kostad k\u00e5k.<\/p>\n\n\n\n<p>2015 k\u00f6pte Carl S\u00f6derberg n\u00e4mligen Zlatan Ibrahimovic lyxvilla i Malm\u00f6 och betalade d\u00e5 30 miljoner.<\/p>\n\n\n\n<p>Sedan tv\u00e5 \u00e5r tillbaka bor hockeystj\u00e4rnan i Sverige p\u00e5 heltid och nyligen avslutade han sin andra s\u00e4song med Malm\u00f6. D\u00e4remot kommer familjen S\u00f6derberg inte bo kvar i Zlatans gamla hus.<\/p>\n\n\n\n<p><a href=\"https:\/\/www.expressen.se\/sport\/hockey\/shl\/kopte-lyxhus-av-zlatan-ibrahimovic-nu-saljer-carl-soderberg-huset\/\" rel=\"nofollow noopener\" target=\"_blank\">F\u00f6r Expressen ber\u00e4ttar SHL-stj\u00e4rnan<\/a>&nbsp;att huset har blivit s\u00e5lt. D\u00e4rmed \u00e4r det dags att leta efter ett nytt st\u00e4lle att bo p\u00e5.<\/p>\n\n\n\n<p>\u2013 Vi letar efter ett nytt boende i s\u00f6dra Sk\u00e5ne, och ska inte flytta \u00e4n, s\u00e4ger han till tidningen.<\/p>\n\n\n\n<h2 class=\"wp-block-heading\" id=\"tvekar-pa-en-fortsattning-i-karriaren\">Tvekar p\u00e5 en forts\u00e4ttning i karri\u00e4ren<\/h2>\n\n\n\n<p>Exakt var i Sk\u00e5ne Carl S\u00f6derberg hamnar \u00e5terst\u00e5r allts\u00e5 att se, s\u00e5 \u00e4r \u00e4ven fallet kring hans forts\u00e4ttning i karri\u00e4ren. 38-\u00e5ringen medger f\u00f6r Expressen att han inte lockas av \u00e4nnu en f\u00f6rs\u00e4song.<\/p>\n\n\n\n<p>\u2013 Det \u00e4r inte n\u00e5got beslut fattat. Just nu k\u00e4nns det v\u00e4l inte som att jag \u00e4r j\u00e4ttepeppad p\u00e5 att dra ig\u00e5ng \u00e4nnu en tuff sommartr\u00e4ning, och n\u00e4r jag spelar, s\u00e5 spelar jag p\u00e5 riktigt, s\u00e4ger han.<\/p>\n\n\n\n<p><a href=\"https:\/\/www.gp.se\/sport\/ishockey\/carl-s%C3%B6derberg-k%C3%B6pte-zlatans-hus-nu-%C3%A4r-lyxvillan-s%C3%A5ld-igen-1.95665548\" rel=\"nofollow noopener\" target=\"_blank\">K\u00e4lla<\/a><\/p>\n","protected":false},"excerpt":{"rendered":"<p>Carl S\u00f6derberg har haft en l\u00e5ng och framg\u00e5ngsrik hockeykarri\u00e4r som bland annat tog honom hela v\u00e4gen till NHL. Den Malm\u00f6f\u00f6dde stj\u00e4rnan gjorde totalt nio s\u00e4songer i v\u00e4rldens b\u00e4sta hockeyliga och det var under tiden d\u00e4r som han investerade i en p\u00e5kostad k\u00e5k. 2015 k\u00f6pte Carl S\u00f6derberg n\u00e4mligen Zlatan Ibrahimovic lyxvilla i Malm\u00f6 och betalade d\u00e5<\/p>\n","protected":false},"author":2,"featured_media":4809,"comment_status":"open","ping_status":"open","sticky":false,"template":"","format":"standard","meta":{"footnotes":""},"categories":[1],"tags":[212,68],"class_list":{"0":"post-4808","1":"post","2":"type-post","3":"status-publish","4":"format-standard","5":"has-post-thumbnail","7":"category-sport","8":"tag-carl-soderberg","9":"tag-ishockey"},"_links":{"self":[{"href":"https:\/\/fokuset.com\/index.php\/wp-json\/wp\/v2\/posts\/4808","targetHints":{"allow":["GET"]}}],"collection":[{"href":"https:\/\/fokuset.com\/index.php\/wp-json\/wp\/v2\/posts"}],"about":[{"href":"https:\/\/fokuset.com\/index.php\/wp-json\/wp\/v2\/types\/post"}],"author":[{"embeddable":true,"href":"https:\/\/fokuset.com\/index.php\/wp-json\/wp\/v2\/users\/2"}],"replies":[{"embeddable":true,"href":"https:\/\/fokuset.com\/index.php\/wp-json\/wp\/v2\/comments?post=4808"}],"version-history":[{"count":1,"href":"https:\/\/fokuset.com\/index.php\/wp-json\/wp\/v2\/posts\/4808\/revisions"}],"predecessor-version":[{"id":4810,"href":"https:\/\/fokuset.com\/index.php\/wp-json\/wp\/v2\/posts\/4808\/revisions\/4810"}],"wp:featuredmedia":[{"embeddable":true,"href":"https:\/\/fokuset.com\/index.php\/wp-json\/wp\/v2\/media\/4809"}],"wp:attachment":[{"href":"https:\/\/fokuset.com\/index.php\/wp-json\/wp\/v2\/media?parent=4808"}],"wp:term":[{"taxonomy":"category","embeddable":true,"href":"https:\/\/fokuset.com\/index.php\/wp-json\/wp\/v2\/categories?post=4808"},{"taxonomy":"post_tag","embeddable":true,"href":"https:\/\/fokuset.com\/index.php\/wp-json\/wp\/v2\/tags?post=4808"}],"curies":[{"name":"wp","href":"https:\/\/api.w.org\/{rel}","templated":true}]}}