{"id":4796,"date":"2023-03-31T15:01:13","date_gmt":"2023-03-31T15:01:13","guid":{"rendered":"https:\/\/fokuset.com\/?p=4796"},"modified":"2023-03-31T15:01:15","modified_gmt":"2023-03-31T15:01:15","slug":"vandning-i-mordutredning-fjarde-man-gripen","status":"publish","type":"post","link":"https:\/\/fokuset.com\/index.php\/2023\/03\/31\/vandning-i-mordutredning-fjarde-man-gripen\/","title":{"rendered":"V\u00e4ndning i mordutredning \u2013 fj\u00e4rde man gripen"},"content":{"rendered":"\n<p>Polisen har gripit en man misst\u00e4nkt f\u00f6r medhj\u00e4lp till ett mord i stadsdelen Gottsunda i Uppsala, rapporterar lokala medier.<\/p>\n\n\n\n<p>Tre andra personer som greps kort efter mordet har sl\u00e4ppts.<\/p>\n\n\n\n<p>Det var i onsdags kv\u00e4ll som en man i 25-\u00e5rs\u00e5ldern knivh\u00f6ggs till d\u00f6ds n\u00e4ra ett bostadshus n\u00e4ra Gottsunda centrum. Tre m\u00e4n greps och anh\u00f6lls senare misst\u00e4nkta f\u00f6r inblandning i mordet. En dag efter gripandet f\u00f6rsvagades misstankarna mot m\u00e4nnen och de har d\u00e4rf\u00f6r sl\u00e4ppts, s\u00e4ger \u00e5klagaren till\u00a0<a href=\"https:\/\/unt.se\/nyheter\/uppsala\/artikel\/efter-knivmordet-i-gottsunda-vandning-i-utredningen\/lz3mpvgj\" rel=\"nofollow noopener\" target=\"_blank\">Upsala Nya Tidning<\/a>.<\/p>\n\n\n\n<p>Nu har en fj\u00e4rde man gripits och anh\u00e5llits misst\u00e4nkt f\u00f6r medhj\u00e4lp till mord, rapporterar\u00a0<a href=\"https:\/\/www.svt.se\/nyheter\/lokalt\/uppsala\/man-knivhuggen-i-gottsunda-ford-till-sjukhus\" rel=\"nofollow noopener\" target=\"_blank\">SVT Uppsala<\/a>. \u00c5klagaren s\u00e4ger inte vad som lett fram till det nya gripandet eller om det finns n\u00e5gon relation mellan den anh\u00e5llne och offret eller med de tre personer som sl\u00e4ppts.<\/p>\n\n\n\n<p><a href=\"https:\/\/www.gp.se\/nyheter\/sverige\/v%C3%A4ndning-i-mordutredning-fj%C3%A4rde-man-gripen-1.95922754\" rel=\"nofollow noopener\" target=\"_blank\">K\u00e4lla<\/a><\/p>\n","protected":false},"excerpt":{"rendered":"<p>Polisen har gripit en man misst\u00e4nkt f\u00f6r medhj\u00e4lp till ett mord i stadsdelen Gottsunda i Uppsala, rapporterar lokala medier. Tre andra personer som greps kort efter mordet har sl\u00e4ppts. Det var i onsdags kv\u00e4ll som en man i 25-\u00e5rs\u00e5ldern knivh\u00f6ggs till d\u00f6ds n\u00e4ra ett bostadshus n\u00e4ra Gottsunda centrum. Tre m\u00e4n greps och anh\u00f6lls senare misst\u00e4nkta<\/p>\n","protected":false},"author":2,"featured_media":4797,"comment_status":"open","ping_status":"open","sticky":false,"template":"","format":"standard","meta":{"footnotes":""},"categories":[3],"tags":[47],"class_list":{"0":"post-4796","1":"post","2":"type-post","3":"status-publish","4":"format-standard","5":"has-post-thumbnail","7":"category-nyhetsdygnet","8":"tag-polisen"},"_links":{"self":[{"href":"https:\/\/fokuset.com\/index.php\/wp-json\/wp\/v2\/posts\/4796","targetHints":{"allow":["GET"]}}],"collection":[{"href":"https:\/\/fokuset.com\/index.php\/wp-json\/wp\/v2\/posts"}],"about":[{"href":"https:\/\/fokuset.com\/index.php\/wp-json\/wp\/v2\/types\/post"}],"author":[{"embeddable":true,"href":"https:\/\/fokuset.com\/index.php\/wp-json\/wp\/v2\/users\/2"}],"replies":[{"embeddable":true,"href":"https:\/\/fokuset.com\/index.php\/wp-json\/wp\/v2\/comments?post=4796"}],"version-history":[{"count":1,"href":"https:\/\/fokuset.com\/index.php\/wp-json\/wp\/v2\/posts\/4796\/revisions"}],"predecessor-version":[{"id":4798,"href":"https:\/\/fokuset.com\/index.php\/wp-json\/wp\/v2\/posts\/4796\/revisions\/4798"}],"wp:featuredmedia":[{"embeddable":true,"href":"https:\/\/fokuset.com\/index.php\/wp-json\/wp\/v2\/media\/4797"}],"wp:attachment":[{"href":"https:\/\/fokuset.com\/index.php\/wp-json\/wp\/v2\/media?parent=4796"}],"wp:term":[{"taxonomy":"category","embeddable":true,"href":"https:\/\/fokuset.com\/index.php\/wp-json\/wp\/v2\/categories?post=4796"},{"taxonomy":"post_tag","embeddable":true,"href":"https:\/\/fokuset.com\/index.php\/wp-json\/wp\/v2\/tags?post=4796"}],"curies":[{"name":"wp","href":"https:\/\/api.w.org\/{rel}","templated":true}]}}