{"id":4782,"date":"2023-03-25T18:05:40","date_gmt":"2023-03-25T18:05:40","guid":{"rendered":"https:\/\/fokuset.com\/?p=4782"},"modified":"2023-03-25T18:05:44","modified_gmt":"2023-03-25T18:05:44","slug":"vadervarning-tas-bort-det-varsta-har-passerat","status":"publish","type":"post","link":"https:\/\/fokuset.com\/index.php\/2023\/03\/25\/vadervarning-tas-bort-det-varsta-har-passerat\/","title":{"rendered":"V\u00e4dervarning tas bort \u2013 det v\u00e4rsta har passerat"},"content":{"rendered":"\n<p>V\u00e4dervarningen f\u00f6r sn\u00f6fall g\u00e4llde i S\u00f6rmland och Stockholm. Varningen var gul, den minst allvarliga, men sp\u00e5ddes kunna skapa f\u00f6rseningar i kollektivtrafiken och begr\u00e4nsa framkomligheten genom halt v\u00e4glag och sn\u00f6modd.<\/p>\n\n\n\n<p>Det v\u00e4rsta har passerat under l\u00f6rdagseftermiddagen, men sn\u00f6n h\u00e4nger kvar ett tag.<\/p>\n\n\n\n<p>\u2013 Det ska forts\u00e4tta att komma sn\u00f6 i omr\u00e5det under morgondagen med, men vi v\u00e4ntar oss inte riktigt den h\u00f6ga intensiteten som g\u00f6r att vi varnar, s\u00e4ger Emma Rosengren.<\/p>\n\n\n\n<p>Gr\u00e4nsen mellan sn\u00f6fall och regn g\u00e5r i gr\u00e4nsen mellan G\u00f6taland och Svealand men kan under natten str\u00e4cka sig ner till mellersta Sm\u00e5land. P\u00e5 sina h\u00e5ll kan det komma n\u00e5gra centimeter sn\u00f6.<\/p>\n\n\n\n<p>De s\u00f6dra delarna av landet har kastats mellan vinter och v\u00e5r ett tag, men Rosengren varnar f\u00f6r att dra v\u00e5rk\u00e4nslorna f\u00f6r l\u00e5ngt.<\/p>\n\n\n\n<p>\u2013 Jag skulle v\u00e4l inte byta d\u00e4ck p\u00e5 bilen \u00e4n, man f\u00e5r v\u00e4nta sig att det kommer lite mera sn\u00f6, s\u00e4ger hon.<\/p>\n\n\n\n<p><a href=\"https:\/\/www.gp.se\/nyheter\/sverige\/v%C3%A4dervarning-tas-bort-det-v%C3%A4rsta-har-passerat-1.95373532\" rel=\"nofollow noopener\" target=\"_blank\">K\u00e4lla<\/a><\/p>\n","protected":false},"excerpt":{"rendered":"<p>V\u00e4dervarningen f\u00f6r sn\u00f6fall g\u00e4llde i S\u00f6rmland och Stockholm. Varningen var gul, den minst allvarliga, men sp\u00e5ddes kunna skapa f\u00f6rseningar i kollektivtrafiken och begr\u00e4nsa framkomligheten genom halt v\u00e4glag och sn\u00f6modd. Det v\u00e4rsta har passerat under l\u00f6rdagseftermiddagen, men sn\u00f6n h\u00e4nger kvar ett tag. \u2013 Det ska forts\u00e4tta att komma sn\u00f6 i omr\u00e5det under morgondagen med, men vi<\/p>\n","protected":false},"author":2,"featured_media":4783,"comment_status":"open","ping_status":"open","sticky":false,"template":"","format":"standard","meta":{"footnotes":""},"categories":[18],"tags":[208,207],"class_list":{"0":"post-4782","1":"post","2":"type-post","3":"status-publish","4":"format-standard","5":"has-post-thumbnail","7":"category-samhalle","8":"tag-snofall","9":"tag-vader"},"_links":{"self":[{"href":"https:\/\/fokuset.com\/index.php\/wp-json\/wp\/v2\/posts\/4782","targetHints":{"allow":["GET"]}}],"collection":[{"href":"https:\/\/fokuset.com\/index.php\/wp-json\/wp\/v2\/posts"}],"about":[{"href":"https:\/\/fokuset.com\/index.php\/wp-json\/wp\/v2\/types\/post"}],"author":[{"embeddable":true,"href":"https:\/\/fokuset.com\/index.php\/wp-json\/wp\/v2\/users\/2"}],"replies":[{"embeddable":true,"href":"https:\/\/fokuset.com\/index.php\/wp-json\/wp\/v2\/comments?post=4782"}],"version-history":[{"count":1,"href":"https:\/\/fokuset.com\/index.php\/wp-json\/wp\/v2\/posts\/4782\/revisions"}],"predecessor-version":[{"id":4784,"href":"https:\/\/fokuset.com\/index.php\/wp-json\/wp\/v2\/posts\/4782\/revisions\/4784"}],"wp:featuredmedia":[{"embeddable":true,"href":"https:\/\/fokuset.com\/index.php\/wp-json\/wp\/v2\/media\/4783"}],"wp:attachment":[{"href":"https:\/\/fokuset.com\/index.php\/wp-json\/wp\/v2\/media?parent=4782"}],"wp:term":[{"taxonomy":"category","embeddable":true,"href":"https:\/\/fokuset.com\/index.php\/wp-json\/wp\/v2\/categories?post=4782"},{"taxonomy":"post_tag","embeddable":true,"href":"https:\/\/fokuset.com\/index.php\/wp-json\/wp\/v2\/tags?post=4782"}],"curies":[{"name":"wp","href":"https:\/\/api.w.org\/{rel}","templated":true}]}}