{"id":4779,"date":"2023-03-25T18:00:15","date_gmt":"2023-03-25T18:00:15","guid":{"rendered":"https:\/\/fokuset.com\/?p=4779"},"modified":"2023-03-25T18:00:16","modified_gmt":"2023-03-25T18:00:16","slug":"kristersson-om-sexkopsanklagelserna-mot-m-politiker-allvarligt","status":"publish","type":"post","link":"https:\/\/fokuset.com\/index.php\/2023\/03\/25\/kristersson-om-sexkopsanklagelserna-mot-m-politiker-allvarligt\/","title":{"rendered":"Kristersson om sexk\u00f6psanklagelserna mot M-politiker: \u201dAllvarligt\u201d"},"content":{"rendered":"\n<p>Riksdagsledamoten \u00e4r brottsoffer i den f\u00f6rsta utredningen som inleddes i fallet. Misstanken i den utredningen \u00e4r att han ska ha&nbsp;<a href=\"https:\/\/www.dn.se\/sverige\/atalet-riksdagsman-pressades-pa-65-000-kronor-efter-sexnatt\/\" rel=\"nofollow noopener\" target=\"_blank\">utsatts f\u00f6r grov utpressning av en kvinna som han haft sex med<\/a>&nbsp;i sin \u00f6vernattningsl\u00e4genhet.<\/p>\n\n\n\n<p>P\u00e5 fredagen kunde DN avsl\u00f6ja att det p\u00e5g\u00e5r ytterligare en utredning d\u00e4r&nbsp;<a href=\"https:\/\/www.dn.se\/sverige\/riksdagsmannen-utreds-for-misstankt-sexkop\/\" rel=\"nofollow noopener\" target=\"_blank\">riksdagsledamoten \u00e4r misst\u00e4nkt f\u00f6r sexk\u00f6p<\/a>. Efter avsl\u00f6jandet meddelade partiet att mannen tar \u201dtimeout\u201d.<\/p>\n\n\n\n<p>N\u00e4r statsminister Ulf Kristersson f\u00f6r f\u00f6rsta g\u00e5ngen kommenterade h\u00e4rvan p\u00e5 en presstr\u00e4ff p\u00e5 l\u00f6rdagen betonade han att det \u00e4r \u201dmycket allvarliga anklagelser\u201d som riktas mot den moderate riksdagsledamoten.<\/p>\n\n\n\n<p><strong>Han tillade att det<\/strong>&nbsp;\u00e4n s\u00e5 l\u00e4nge r\u00f6r sig om just anklagelser och att han inte vill f\u00f6regripa den juridiska processen. P\u00e5 fr\u00e5gan om riksdagsledamoten kunnat utg\u00f6ra en s\u00e4kerhetsrisk svarade statsministern att \u201ds\u00e5nt h\u00e4r KAN vara s\u00e4kerhetsrisk\u201d men sade \u00e5terigen att han inte vill f\u00f6regripa den r\u00e4ttsliga utg\u00e5ngen.<\/p>\n\n\n\n<p>\u2013&nbsp;Vi l\u00e4gger ner stor kraft p\u00e5 att han \u00e4r i goda h\u00e4nder, s\u00e4ger Kristersson vidare utan att vilja g\u00e5 in p\u00e5 n\u00e4rmare detaljer.<\/p>\n\n\n\n<p>Mannen ska ha g\u00e5tt hem till sin \u00f6vernattningsl\u00e4genhet tillsammans med tv\u00e5 kvinnor och haft sex med i vart fall en av dem. N\u00e4r kvinnorna skulle g\u00e5 fick en av dem 5&nbsp;000 kronor av riksdagsledamoten, n\u00e5got som han sj\u00e4lv f\u00f6rklarat med att han skulle hj\u00e4lpa till att betala hennes hyra.<\/p>\n\n\n\n<p>Den f\u00f6ljande m\u00e5naden betalade M-politikern ut n\u00e4r 60\u00a0000 kronor till kvinnan, enligt honom f\u00f6r att f\u00f6rhindra att hon skulle l\u00e4cka en bild p\u00e5 n\u00e4r mannen har oralsex.<\/p>\n\n\n\n<p><a href=\"https:\/\/www.dn.se\/sverige\/kristersson-om-sexkopsanklagelserna-mot-m-politiker-allvarligt\/\" rel=\"nofollow noopener\" target=\"_blank\">K\u00e4lla<\/a><\/p>\n","protected":false},"excerpt":{"rendered":"<p>Riksdagsledamoten \u00e4r brottsoffer i den f\u00f6rsta utredningen som inleddes i fallet. Misstanken i den utredningen \u00e4r att han ska ha&nbsp;utsatts f\u00f6r grov utpressning av en kvinna som han haft sex med&nbsp;i sin \u00f6vernattningsl\u00e4genhet. P\u00e5 fredagen kunde DN avsl\u00f6ja att det p\u00e5g\u00e5r ytterligare en utredning d\u00e4r&nbsp;riksdagsledamoten \u00e4r misst\u00e4nkt f\u00f6r sexk\u00f6p. Efter avsl\u00f6jandet meddelade partiet att mannen<\/p>\n","protected":false},"author":2,"featured_media":4780,"comment_status":"open","ping_status":"open","sticky":false,"template":"","format":"standard","meta":{"footnotes":""},"categories":[3],"tags":[83,91],"class_list":{"0":"post-4779","1":"post","2":"type-post","3":"status-publish","4":"format-standard","5":"has-post-thumbnail","7":"category-nyhetsdygnet","8":"tag-politik","9":"tag-ulf-kristersson"},"_links":{"self":[{"href":"https:\/\/fokuset.com\/index.php\/wp-json\/wp\/v2\/posts\/4779","targetHints":{"allow":["GET"]}}],"collection":[{"href":"https:\/\/fokuset.com\/index.php\/wp-json\/wp\/v2\/posts"}],"about":[{"href":"https:\/\/fokuset.com\/index.php\/wp-json\/wp\/v2\/types\/post"}],"author":[{"embeddable":true,"href":"https:\/\/fokuset.com\/index.php\/wp-json\/wp\/v2\/users\/2"}],"replies":[{"embeddable":true,"href":"https:\/\/fokuset.com\/index.php\/wp-json\/wp\/v2\/comments?post=4779"}],"version-history":[{"count":1,"href":"https:\/\/fokuset.com\/index.php\/wp-json\/wp\/v2\/posts\/4779\/revisions"}],"predecessor-version":[{"id":4781,"href":"https:\/\/fokuset.com\/index.php\/wp-json\/wp\/v2\/posts\/4779\/revisions\/4781"}],"wp:featuredmedia":[{"embeddable":true,"href":"https:\/\/fokuset.com\/index.php\/wp-json\/wp\/v2\/media\/4780"}],"wp:attachment":[{"href":"https:\/\/fokuset.com\/index.php\/wp-json\/wp\/v2\/media?parent=4779"}],"wp:term":[{"taxonomy":"category","embeddable":true,"href":"https:\/\/fokuset.com\/index.php\/wp-json\/wp\/v2\/categories?post=4779"},{"taxonomy":"post_tag","embeddable":true,"href":"https:\/\/fokuset.com\/index.php\/wp-json\/wp\/v2\/tags?post=4779"}],"curies":[{"name":"wp","href":"https:\/\/api.w.org\/{rel}","templated":true}]}}