{"id":4763,"date":"2023-03-18T10:02:20","date_gmt":"2023-03-18T10:02:20","guid":{"rendered":"https:\/\/fokuset.com\/?p=4763"},"modified":"2023-03-18T10:02:21","modified_gmt":"2023-03-18T10:02:21","slug":"kallor-ubs-i-samtal-om-kop-av-credit-suisse","status":"publish","type":"post","link":"https:\/\/fokuset.com\/index.php\/2023\/03\/18\/kallor-ubs-i-samtal-om-kop-av-credit-suisse\/","title":{"rendered":"K\u00e4llor: UBS i samtal om k\u00f6p av Credit Suisse"},"content":{"rendered":"\n<p>F\u00f6rtroendet f\u00f6r anrika Credit Suisse \u2013 nummer tv\u00e5 i Schweiz \u2013 har k\u00f6rts i botten sedan den nyligen st\u00e4llt in publiceringen av en \u00e5rsredovisning och i veckan bekr\u00e4ftat att det fanns &#8220;betydande svagheter&#8221; i den finansiella rapporteringen fr\u00e5n banken f\u00f6r de tv\u00e5 g\u00e5ngna \u00e5ren.<\/p>\n\n\n\n<p>Aktien i Credit Suisse rusade under inledningen av veckan p\u00e5 rykten om ett eventuellt uppk\u00f6p, men under fredagen v\u00e4nde aktien ned igen sedan den st\u00f6rre konkurrenten UBS f\u00f6rklarat att man inte \u00e4r intresserade av en fusion.<\/p>\n\n\n\n<h2 class=\"wp-block-heading\" id=\"diskutera-fragan\">Diskutera fr\u00e5gan<\/h2>\n\n\n\n<p>Nu kommer \u00e4nd\u00e5 uppgifter om att samtal f\u00f6rs mellan parterna. Enligt Financial Times k\u00e4llor ska styrelserna f\u00f6r de tv\u00e5 storbankerna samlas p\u00e5 varsitt h\u00e5ll f\u00f6r att diskutera fr\u00e5gan. Samtalen mellan parterna f\u00f6rs under ledning av schweiziska centralbanken och motsvarigheten till Finansinspektionen, enligt FT.ANNONSjavascript:&#8221;;<\/p>\n\n\n\n<p>Centralbanken vill enligt k\u00e4llan att &#8220;l\u00e5ngivarna enas om en rak och enkel l\u00f6sning innan marknaderna \u00f6ppnar p\u00e5 m\u00e5ndag&#8221;, men konstaterar ocks\u00e5 att det inte finns n\u00e5gon garanti f\u00f6r att aff\u00e4ren g\u00e5r i l\u00e5s.<\/p>\n\n\n\n<p>Ett eventuellt samg\u00e5ende skulle skapa en gigantisk bank, vilket ocks\u00e5 skulle inneb\u00e4ra fr\u00e5gor kring konkurrenssituationen.<\/p>\n\n\n\n<p>Credit Suisse r\u00e4knas som en av v\u00e4rldens 30 viktigaste banker och \u00e4r s\u00e5 viktig f\u00f6r det globala finansiella systemet att den beh\u00f6ver h\u00e5lla sig med mer kapital \u00e4n andra banker, och dessutom f\u00f6lja h\u00e5rdare regler.<\/p>\n\n\n\n<h2 class=\"wp-block-heading\" id=\"tagit-for-stora-risker\">Tagit f\u00f6r stora risker<\/h2>\n\n\n\n<p>Under torsdagen presenterades ett st\u00f6dpaket p\u00e5 motsvarande 650 miljarder till banken.<\/p>\n\n\n\n<p>Ingen av de inblandade bankerna eller myndigheterna vill kommentera uppgifterna.<\/p>\n\n\n\n<p>Sedan \u00e5rsskiftet har Credit Suisse-aktien tappat 28 procent, medan nedg\u00e5ngen p\u00e5 ett \u00e5r ligger p\u00e5 drygt 70 procent.<\/p>\n\n\n\n<p>\u2013 Credit Suisse har missk\u00f6tts under l\u00e5ng tid. De har tagit f\u00f6r stora risker och haft d\u00e5lig kontroll p\u00e5 risker och kunder, vilket har gett en utdragen serie av problem de senaste \u00e5ren, sade Andreas H\u00e5kansson, analytiker p\u00e5 Danske Bank, till TT tidigare i veckan.<\/p>\n","protected":false},"excerpt":{"rendered":"<p>F\u00f6rtroendet f\u00f6r anrika Credit Suisse \u2013 nummer tv\u00e5 i Schweiz \u2013 har k\u00f6rts i botten sedan den nyligen st\u00e4llt in publiceringen av en \u00e5rsredovisning och i veckan bekr\u00e4ftat att det fanns &#8220;betydande svagheter&#8221; i den finansiella rapporteringen fr\u00e5n banken f\u00f6r de tv\u00e5 g\u00e5ngna \u00e5ren. Aktien i Credit Suisse rusade under inledningen av veckan p\u00e5 rykten<\/p>\n","protected":false},"author":2,"featured_media":4764,"comment_status":"open","ping_status":"open","sticky":false,"template":"","format":"standard","meta":{"footnotes":""},"categories":[2],"tags":[201],"class_list":{"0":"post-4763","1":"post","2":"type-post","3":"status-publish","4":"format-standard","5":"has-post-thumbnail","7":"category-example-3","8":"tag-credit-suisse"},"_links":{"self":[{"href":"https:\/\/fokuset.com\/index.php\/wp-json\/wp\/v2\/posts\/4763","targetHints":{"allow":["GET"]}}],"collection":[{"href":"https:\/\/fokuset.com\/index.php\/wp-json\/wp\/v2\/posts"}],"about":[{"href":"https:\/\/fokuset.com\/index.php\/wp-json\/wp\/v2\/types\/post"}],"author":[{"embeddable":true,"href":"https:\/\/fokuset.com\/index.php\/wp-json\/wp\/v2\/users\/2"}],"replies":[{"embeddable":true,"href":"https:\/\/fokuset.com\/index.php\/wp-json\/wp\/v2\/comments?post=4763"}],"version-history":[{"count":1,"href":"https:\/\/fokuset.com\/index.php\/wp-json\/wp\/v2\/posts\/4763\/revisions"}],"predecessor-version":[{"id":4765,"href":"https:\/\/fokuset.com\/index.php\/wp-json\/wp\/v2\/posts\/4763\/revisions\/4765"}],"wp:featuredmedia":[{"embeddable":true,"href":"https:\/\/fokuset.com\/index.php\/wp-json\/wp\/v2\/media\/4764"}],"wp:attachment":[{"href":"https:\/\/fokuset.com\/index.php\/wp-json\/wp\/v2\/media?parent=4763"}],"wp:term":[{"taxonomy":"category","embeddable":true,"href":"https:\/\/fokuset.com\/index.php\/wp-json\/wp\/v2\/categories?post=4763"},{"taxonomy":"post_tag","embeddable":true,"href":"https:\/\/fokuset.com\/index.php\/wp-json\/wp\/v2\/tags?post=4763"}],"curies":[{"name":"wp","href":"https:\/\/api.w.org\/{rel}","templated":true}]}}