{"id":4755,"date":"2023-03-18T09:30:20","date_gmt":"2023-03-18T09:30:20","guid":{"rendered":"https:\/\/fokuset.com\/?p=4755"},"modified":"2023-03-18T09:30:21","modified_gmt":"2023-03-18T09:30:21","slug":"det-galler-sista-varldscuphelgen-i-skidskytte-poangjakter-avsked-och-rekord","status":"publish","type":"post","link":"https:\/\/fokuset.com\/index.php\/2023\/03\/18\/det-galler-sista-varldscuphelgen-i-skidskytte-poangjakter-avsked-och-rekord\/","title":{"rendered":"Det g\u00e4ller sista v\u00e4rldscuphelgen i skidskytte \u2013\u00a0po\u00e4ngjakter, avsked och rekord"},"content":{"rendered":"\n<h2 class=\"wp-block-heading\" id=\"vem-vinner-totala-varldscupen\">Vem vinner totala v\u00e4rldscupen?<\/h2>\n\n\n\n<p>P\u00e5 herrsidan \u00e4r det redan avgjort. Den om\u00f6jlige&nbsp;<strong>Johannes Thingens B\u00f8<\/strong>, Norge, har i vinter vunnit alla individuella v\u00e4rldscuplopp som han har st\u00e4llt upp i utom tre. Titeln \u00e4r B\u00f8s fj\u00e4rde p\u00e5 fem \u00e5r.<\/p>\n\n\n\n<p>P\u00e5 damsidan l\u00e5g Sveriges<strong>\u00a0Elvira \u00d6berg<\/strong>\u00a0tv\u00e5a inf\u00f6r VM men tappade d\u00e4refter greppet p\u00e5 grund av sjukdom. Frankrikes\u00a0<strong>Julia Simon<\/strong>\u00a0g\u00e5r mot segern men jagas av<strong>\u00a0Dorothea Wierer<\/strong>\u00a0(Italien).<\/p>\n\n\n\n<h2 class=\"wp-block-heading\" id=\"kan-nagra-svenskar-na-topp-tre\">Kan n\u00e5gra svenskar n\u00e5 topp-tre?<\/h2>\n\n\n\n<p>L\u00e4tt blir det inte, men chansen finns. I fjol kom Elvira \u00d6berg tv\u00e5a och&nbsp;<strong>Sebastian Samuelsson<\/strong>&nbsp;trea i totalen. Nyblivne v\u00e4rldsm\u00e4staren Samuelsson saknas i Oslo och ligger f\u00f6rst p\u00e5 14:e plats efter att ha drabbats av covid-19 efter VM. Men Elvira \u00d6berg kan n\u00e5 b\u00e5de andra- eller tredjeplatsen.<\/p>\n\n\n\n<p>P\u00e5 herrsidan har&nbsp;<strong>Martin Ponsiluoma<\/strong>&nbsp;gjort sin b\u00e4sta s\u00e4song sett till totalst\u00e4llning (ligger femma och har som b\u00e4st varit tia). Han beh\u00f6ver dock minst en seger och en andraplats fr\u00e5n helgens tv\u00e5 \u00e5terst\u00e5ende lopp f\u00f6r att n\u00e5 tredjeplatsen, samtidigt som konkurrenterna misslyckas.<\/p>\n\n\n\n<p>De 30 fr\u00e4msta i varje lopp f\u00e5r v\u00e4rldscuppo\u00e4ng. En seger ger 90 po\u00e4ng, en andraplats 75 och en tredjeplats 60.<\/p>\n\n\n\n<p><strong>V\u00e4rldscupst\u00e4llningen, damer<br><\/strong>1) Julia Simon, Frankrike: 1&nbsp;003 po\u00e4ng.<br>2) Dorothea Wierer, Italien: 859.<br>3) Lisa Vittozzi, Italien: 818.<br>4) Elvira \u00d6berg, Sverige: 764.<br>5) Denise Herrmann-Wick, Tyskland: 744.<\/p>\n\n\n\n<p><strong>V\u00e4rldscupst\u00e4llningen, herrar<br><\/strong>1) Johannes Thingnes B\u00f8, Norge: 1\u00a0409 po\u00e4ng.<br>2) Sturla Holm L\u00e6greid, Norge: 993.<br>3) Vetle Sj\u00e5stad Christiansen, Norge: 866.<br>4) Benedikt Doll, Tyskland: 718.<br>5) Martin Ponsiluoma, Sverige: 703.<\/p>\n\n\n\n<h2 class=\"wp-block-heading\" id=\"blir-det-en-ny-svensk-rekordsasong\">Blir det en ny svensk rekords\u00e4song?<\/h2>\n\n\n\n<p>Ja, det kan det bli. I s\u00e5 fall f\u00f6r tredje s\u00e4songen i rad. 2020\u201321 tog Sverige&nbsp;<a href=\"https:\/\/www.dn.se\/sport\/lista-alla-svenska-pallplatser-under-skidskyttesasongen\/\" rel=\"nofollow noopener\" target=\"_blank\">31 pallplatser<\/a>, v\u00e4rldscupen och m\u00e4sterskap inr\u00e4knat. F\u00f6rra s\u00e4songen&nbsp;<a href=\"https:\/\/www.dn.se\/sport\/inga-svenskar-pa-pallen-i-sasongens-sista-lopp-men-ny-rekordsasong-i-skidskytte\/\" rel=\"nofollow noopener\" target=\"_blank\">blev det 32<\/a>, och inf\u00f6r helgen st\u00e5r man p\u00e5 32 igen.<br>Klart \u00e4r i alla fall att det blev ett svenskt rekord-VM med r\u00e5ge:&nbsp;<a href=\"https:\/\/www.dn.se\/sport\/tva-rekord-vm-i-foljd-sa-mycket-tjanade-akarna-pa-succen\/\" rel=\"nofollow noopener\" target=\"_blank\">Elva medaljer i tyska Oberhof.<\/a><\/p>\n\n\n\n<h2 class=\"wp-block-heading\" id=\"kommer-sverige-ha-fler-startplatser-nasta-sasong\">Kommer Sverige ha fler startplatser n\u00e4sta s\u00e4song?<\/h2>\n\n\n\n<p>Nej. Sverige har redan maximala sex platser p\u00e5 b\u00e5de dam- och herrsidan, n\u00e5got som avg\u00f6rs av nationscuperna (plats 1\u20135 kr\u00e4vs). Precis som i helgens v\u00e4rldscupavslutning i Oslo kommer de svenska damerna dock att ha en extra plats i s\u00e4songspremi\u00e4ren i \u00d6stersund (25 november\u20133 december) d\u00e5&nbsp;<strong>Tilda Johansson<\/strong>&nbsp;<a href=\"https:\/\/www.dn.se\/sport\/tilda-johansson-vann-ibu-cupen-i-skidskytte\/\" rel=\"nofollow noopener\" target=\"_blank\">vann IBU-cupen (niv\u00e5n under v\u00e4rldscupen)<\/a>&nbsp;den h\u00e4r vintern.<\/p>\n\n\n\n<h2 class=\"wp-block-heading\" id=\"ar-det-vm-nasta-ar-ocksa\">\u00c4r det VM n\u00e4sta \u00e5r ocks\u00e5?<\/h2>\n\n\n\n<p>Ja. Skidskyttarna har m\u00e4sterskap varje \u00e5r. VM v\u00e4ntar i Nove Mesto, Tjeckien, i februari 2024.<\/p>\n\n\n\n<h2 class=\"wp-block-heading\" id=\"vilka-stjarnor-tackar-for-sig\">Vilka stj\u00e4rnor tackar f\u00f6r sig?<\/h2>\n\n\n\n<p>De senaste dagarna har rubrikerna avl\u00f6st varandra, och det handlar om n\u00e5gra av skidskyttev\u00e4rldens allra st\u00f6rsta namn:&nbsp;<strong>Ana\u00efs Chevalier-Bouchet<\/strong>, Frankrike,&nbsp;<strong>Denise Herrmann-Wick<\/strong>, Tyskland, och norska duon&nbsp;<strong>Tiril Eckhoff<\/strong>&nbsp;och&nbsp;<strong>Marte Olsbu R\u00f8iseland<\/strong>&nbsp;tackar alla f\u00f6r sig efter s\u00e4songen.<br>Svenska veteranen&nbsp;<strong>Mona Brorsson<\/strong>, 33 \u00e5r i slutet av mars, har d\u00e4remot inga planer p\u00e5 att sluta.<br>\u201dJag kommer att \u00e5ka \u00e5tminstone ett \u00e5r till\u201d, s\u00e4ger hon till TT.<\/p>\n","protected":false},"excerpt":{"rendered":"<p>Vem vinner totala v\u00e4rldscupen? P\u00e5 herrsidan \u00e4r det redan avgjort. Den om\u00f6jlige&nbsp;Johannes Thingens B\u00f8, Norge, har i vinter vunnit alla individuella v\u00e4rldscuplopp som han har st\u00e4llt upp i utom tre. Titeln \u00e4r B\u00f8s fj\u00e4rde p\u00e5 fem \u00e5r. P\u00e5 damsidan l\u00e5g Sveriges\u00a0Elvira \u00d6berg\u00a0tv\u00e5a inf\u00f6r VM men tappade d\u00e4refter greppet p\u00e5 grund av sjukdom. Frankrikes\u00a0Julia Simon\u00a0g\u00e5r mot<\/p>\n","protected":false},"author":2,"featured_media":4756,"comment_status":"open","ping_status":"open","sticky":false,"template":"","format":"standard","meta":{"footnotes":""},"categories":[1],"tags":[198],"class_list":{"0":"post-4755","1":"post","2":"type-post","3":"status-publish","4":"format-standard","5":"has-post-thumbnail","7":"category-sport","8":"tag-varldscuphelgen"},"_links":{"self":[{"href":"https:\/\/fokuset.com\/index.php\/wp-json\/wp\/v2\/posts\/4755","targetHints":{"allow":["GET"]}}],"collection":[{"href":"https:\/\/fokuset.com\/index.php\/wp-json\/wp\/v2\/posts"}],"about":[{"href":"https:\/\/fokuset.com\/index.php\/wp-json\/wp\/v2\/types\/post"}],"author":[{"embeddable":true,"href":"https:\/\/fokuset.com\/index.php\/wp-json\/wp\/v2\/users\/2"}],"replies":[{"embeddable":true,"href":"https:\/\/fokuset.com\/index.php\/wp-json\/wp\/v2\/comments?post=4755"}],"version-history":[{"count":1,"href":"https:\/\/fokuset.com\/index.php\/wp-json\/wp\/v2\/posts\/4755\/revisions"}],"predecessor-version":[{"id":4757,"href":"https:\/\/fokuset.com\/index.php\/wp-json\/wp\/v2\/posts\/4755\/revisions\/4757"}],"wp:featuredmedia":[{"embeddable":true,"href":"https:\/\/fokuset.com\/index.php\/wp-json\/wp\/v2\/media\/4756"}],"wp:attachment":[{"href":"https:\/\/fokuset.com\/index.php\/wp-json\/wp\/v2\/media?parent=4755"}],"wp:term":[{"taxonomy":"category","embeddable":true,"href":"https:\/\/fokuset.com\/index.php\/wp-json\/wp\/v2\/categories?post=4755"},{"taxonomy":"post_tag","embeddable":true,"href":"https:\/\/fokuset.com\/index.php\/wp-json\/wp\/v2\/tags?post=4755"}],"curies":[{"name":"wp","href":"https:\/\/api.w.org\/{rel}","templated":true}]}}