{"id":4746,"date":"2023-03-09T19:08:50","date_gmt":"2023-03-09T19:08:50","guid":{"rendered":"https:\/\/fokuset.com\/?p=4746"},"modified":"2023-03-09T19:08:51","modified_gmt":"2023-03-09T19:08:51","slug":"sven-ingvars-spelar-pa-liseberg-i-sommar","status":"publish","type":"post","link":"https:\/\/fokuset.com\/index.php\/2023\/03\/09\/sven-ingvars-spelar-pa-liseberg-i-sommar\/","title":{"rendered":"Sven-Ingvars spelar p\u00e5 Liseberg i sommar"},"content":{"rendered":"\n<p>Liseberg forts\u00e4tter att sl\u00e4ppa akter till sitt musikaliska sommarprogram. Sedan tidigare \u00e4r det k\u00e4nt att artister som Miss Li och band som In flames kommer till n\u00f6jesparken i sommar.<\/p>\n\n\n\n<p>Nu st\u00e5r det \u00e4ven klart att Sven-Ingvars dyker upp med sin sv\u00e4ngiga kombination av pop-, rock- och dansbandsmusik.<\/p>\n\n\n\n<p>&#8220;Sven-Ingvars \u00e4r ett klassiskt band inom svensk popul\u00e4rmusik. Det blir en h\u00e4rlig kv\u00e4ll att se fram emot\u201d, s\u00e4ger Per Alexanderson, artistbokare p\u00e5 Liseberg, i ett pressmeddelande.<\/p>\n\n\n\n<p>Sven-Ingvars kommer f\u00f6rst\u00e5s fr\u00e5n V\u00e4rmland, specifikt startade bandet 1956 i den lilla orten Slottsbron. Sedan dess har de haft 55 l\u00e5tar p\u00e5 Svensktoppen med hits som \u201cTv\u00e5 m\u00f6rka \u00f6gon\u201d och \u201cSommar och sol\u201d.<\/p>\n\n\n\n<p>N\u00e4r bandets s\u00e5ngare och frontman Sven-Erik Magnusson dog 2017 var sorgen stor. Sedan dess har hans son Oscar Magnusson tagit \u00f6ver. \u00c4ven resterande av bandets originalmedlemmar har bytts ut genom \u00e5ren. Sommaren 2023 \u00e4r det allts\u00e5 \u00e5terigen dags f\u00f6r Sven-Ingvars-turn\u00e9, och den 7 juli kommer de till Lisebergs Stora scen.<\/p>\n\n\n\n<p><a href=\"https:\/\/www.gp.se\/kultur\/kultur\/sven-ingvars-spelar-p%C3%A5-liseberg-i-sommar-1.94036185\" rel=\"nofollow noopener\" target=\"_blank\">K\u00e4lla<\/a><\/p>\n","protected":false},"excerpt":{"rendered":"<p>Liseberg forts\u00e4tter att sl\u00e4ppa akter till sitt musikaliska sommarprogram. Sedan tidigare \u00e4r det k\u00e4nt att artister som Miss Li och band som In flames kommer till n\u00f6jesparken i sommar. Nu st\u00e5r det \u00e4ven klart att Sven-Ingvars dyker upp med sin sv\u00e4ngiga kombination av pop-, rock- och dansbandsmusik. &#8220;Sven-Ingvars \u00e4r ett klassiskt band inom svensk popul\u00e4rmusik.<\/p>\n","protected":false},"author":2,"featured_media":4747,"comment_status":"open","ping_status":"open","sticky":false,"template":"","format":"standard","meta":{"footnotes":""},"categories":[5],"tags":[162,196],"class_list":{"0":"post-4746","1":"post","2":"type-post","3":"status-publish","4":"format-standard","5":"has-post-thumbnail","7":"category-underhallning","8":"tag-musik","9":"tag-sven-ingvars"},"_links":{"self":[{"href":"https:\/\/fokuset.com\/index.php\/wp-json\/wp\/v2\/posts\/4746","targetHints":{"allow":["GET"]}}],"collection":[{"href":"https:\/\/fokuset.com\/index.php\/wp-json\/wp\/v2\/posts"}],"about":[{"href":"https:\/\/fokuset.com\/index.php\/wp-json\/wp\/v2\/types\/post"}],"author":[{"embeddable":true,"href":"https:\/\/fokuset.com\/index.php\/wp-json\/wp\/v2\/users\/2"}],"replies":[{"embeddable":true,"href":"https:\/\/fokuset.com\/index.php\/wp-json\/wp\/v2\/comments?post=4746"}],"version-history":[{"count":1,"href":"https:\/\/fokuset.com\/index.php\/wp-json\/wp\/v2\/posts\/4746\/revisions"}],"predecessor-version":[{"id":4748,"href":"https:\/\/fokuset.com\/index.php\/wp-json\/wp\/v2\/posts\/4746\/revisions\/4748"}],"wp:featuredmedia":[{"embeddable":true,"href":"https:\/\/fokuset.com\/index.php\/wp-json\/wp\/v2\/media\/4747"}],"wp:attachment":[{"href":"https:\/\/fokuset.com\/index.php\/wp-json\/wp\/v2\/media?parent=4746"}],"wp:term":[{"taxonomy":"category","embeddable":true,"href":"https:\/\/fokuset.com\/index.php\/wp-json\/wp\/v2\/categories?post=4746"},{"taxonomy":"post_tag","embeddable":true,"href":"https:\/\/fokuset.com\/index.php\/wp-json\/wp\/v2\/tags?post=4746"}],"curies":[{"name":"wp","href":"https:\/\/api.w.org\/{rel}","templated":true}]}}