{"id":4737,"date":"2023-03-09T18:44:13","date_gmt":"2023-03-09T18:44:13","guid":{"rendered":"https:\/\/fokuset.com\/?p=4737"},"modified":"2023-03-09T18:44:14","modified_gmt":"2023-03-09T18:44:14","slug":"sverige-och-nato-framsteg-men-inget-genombrott","status":"publish","type":"post","link":"https:\/\/fokuset.com\/index.php\/2023\/03\/09\/sverige-och-nato-framsteg-men-inget-genombrott\/","title":{"rendered":"Sverige och Nato: Framsteg \u2013 men inget genombrott"},"content":{"rendered":"\n<p>I ungef\u00e4r tv\u00e5 timmar satt de vid samma bord igen, inne p\u00e5 Natoh\u00f6gkvarteret i Bryssel. Under ledning av Natos generalsekreterare Jens Stoltenberg m\u00f6tte svenske Stenstr\u00f6m och hans finl\u00e4ndske kollega Jukka Salovaara sin turkiske motpart i Natof\u00f6rhandlingarna, presidenttalesmannen Ibrahim Kalin.<\/p>\n\n\n\n<p>Stenstr\u00f6m \u00e4r efter\u00e5t relativt n\u00f6jd.<\/p>\n\n\n\n<p>\u2013 Det positiva i dag \u00e4r att vi kommit \u00f6verens om att samtalen forts\u00e4tter. V\u00e5r motpart, Turkiet, har accepterat och erk\u00e4nt att det skett framsteg i de \u00e5tg\u00e4rder vi har tagit, s\u00e4ger han.<\/p>\n\n\n\n<p>\u2013 Vi tycker att det finns fog f\u00f6r att Turkiet s\u00e5 sm\u00e5ningom kan g\u00e5 vidare med en ratificering.<\/p>\n\n\n\n<h2 class=\"wp-block-heading\" id=\"inte-fore-valet\">Inte f\u00f6re valet?<\/h2>\n\n\n\n<p>Fr\u00e5gan \u00e4r bara n\u00e4r &#8220;s\u00e5 sm\u00e5ningom&#8221; kan vara. Inte under de n\u00e4rmaste m\u00e5naderna i alla fall.<\/p>\n\n\n\n<p>\u2013 Vi vet ju att sannolikt s\u00e5 blir det val i Turkiet under maj m\u00e5nad och det \u00e4r ju det nyvalda parlamentet, sannolikt, som f\u00e5r den h\u00e4r uppgiften att ta st\u00e4llning till Sveriges och Finlands ans\u00f6kan, s\u00e4ger Stenstr\u00f6m, som svarar rakt av nej p\u00e5 fr\u00e5gan om n\u00e5got exakt datum har n\u00e4mnts.<\/p>\n\n\n\n<p>Turkiet h\u00e5ller dock inte \u00e4nnu inte med om att Sverige gjort tillr\u00e4ckligt f\u00f6r att uppfylla den \u00f6verenskommelse som Sverige, Finland och Turkiet kom fram till vid Natotoppm\u00f6tet i Madrid i somras.<\/p>\n\n\n\n<p>\u2013 Vi \u00e4r inte d\u00e4r \u00e4n. Turkiet har varken sagt att Sverige eller Finland vid det h\u00e4r m\u00f6tet uppfyller hela avtalet, s\u00e4ger Stenstr\u00f6m.<\/p>\n\n\n\n<p>Ett exempel \u00e4r terrorfinansieringen.<\/p>\n\n\n\n<p>\u2013 Det finns en sk\u00e4rningspunkt mellan grov organiserad brottslighet och terrorism som \u00e4r besv\u00e4rande f\u00f6r v\u00e5rat land men som ocks\u00e5 \u00e4r finansiering av en terrororganisation. D\u00e4r tar de svenska myndigheterna konkreta steg fram\u00e5t. Sedan kan man ha olika syn p\u00e5 hur l\u00e5ngt den h\u00e4r processen har kommit, s\u00e4ger Stenstr\u00f6m.<\/p>\n\n\n\n<h2 class=\"wp-block-heading\" id=\"positiv-stamning\">&#8220;Positiv st\u00e4mning&#8221;<\/h2>\n\n\n\n<p>Turkiets chefsf\u00f6rhandlare s\u00e4ger till turkisk press efter\u00e5t att m\u00f6tet allm\u00e4nt h\u00f6lls i en positiv st\u00e4mning.<\/p>\n\n\n\n<p>\u2013 Hur fort processen g\u00e5r h\u00e4nger p\u00e5 vilka steg som tas av Finland och Sverige, s\u00e4ger Kalin enligt tidningen Daily Sabah.<\/p>\n\n\n\n<p>Samtidigt bekr\u00e4ftar han att Turkiet tycker att Finland och Sverige tagit positiva steg och att b\u00e5da l\u00e4nderna lovar att g\u00f6ra mer f\u00f6r att hantera den turkiska oron r\u00f6rande terrorgrupper.<\/p>\n\n\n\n<p>\u2013 Det h\u00e4r har vi sagt uttalat fram till nu. Vi vill att pakten som skrevs under i Madrid implementeras fullt ut. N\u00e4r det \u00e4r gjort kommer Natomedlemskapet f\u00f6r b\u00e5da l\u00e4nderna att g\u00e5 vidare p\u00e5 ett positiv s\u00e4tt, lovar Ibrahim Kalin.<\/p>\n\n\n\n<h2 class=\"wp-block-heading\" id=\"fler-moten\">Fler m\u00f6ten<\/h2>\n\n\n\n<p>Fr\u00e5n Natos sida p\u00e5pekas i ett pressmeddelande att generalsekreterare Stoltenberg \u00e5terigen upprepat att det \u00e4r dags f\u00f6r alla Natol\u00e4nder att avsluta ratificeringsprocessen.<\/p>\n\n\n\n<p>I pressmeddelandet s\u00e4gs ocks\u00e5 att alla p\u00e5 m\u00f6tet var \u00f6verens om att en snabb ratificering \u00e4r i allas intresse och att Sveriges och Finlands medlemskap kommer att st\u00e4rka milit\u00e4ralliansen.<\/p>\n\n\n\n<p>N\u00e5gra besked om exakt n\u00e4r n\u00e4sta m\u00f6te ska h\u00e5llas eller p\u00e5 vilken niv\u00e5 finns \u00e4nnu inte \u2013 \u00e4ven om det i pressmeddelandet \u00e5tminstone heter att det ska g\u00f6ras f\u00f6re n\u00e4sta Natotoppm\u00f6te, i Vilnius i Litauen den 11-12 juli.<\/p>\n\n\n\n<h2 class=\"wp-block-heading\" id=\"samma-tidtabell\">Samma tidtabell?<\/h2>\n\n\n\n<p>Inte heller gavs n\u00e5gra besked om huruvida Finlands process ska kopplas loss fr\u00e5n den svenska \u2013 n\u00e5got som tidigare antytts fr\u00e5n Turkiet.<\/p>\n\n\n\n<p>\u2013 Vi fick ingen s\u00e5dan information om olika tidtabeller i dag, s\u00e4ger Stenstr\u00f6m<\/p>\n\n\n\n<p>M\u00e5let \u00e4r fortsatt att Sverige och Finland ska g\u00e5 in tillsammans.<\/p>\n\n\n\n<p>\u2013 Vi \u00e4r v\u00e4ldigt samspelta. Vi ans\u00f6kte tillsammans och vi har nu en process i respektive parlament som siktar p\u00e5 att i princip p\u00e5 samma klockslag komma till en punkt d\u00e4r v\u00e5ra demokratier i Sverige och Finland g\u00f6r v\u00e5ran del, s\u00e4ger Oscar Stenstr\u00f6m i Bryssel.<\/p>\n\n\n\n<p><a href=\"https:\/\/www.gp.se\/nyheter\/sverige\/sverige-och-nato-framsteg-men-inget-genombrott-1.94043231\" rel=\"nofollow noopener\" target=\"_blank\">K\u00e4lla<\/a><\/p>\n","protected":false},"excerpt":{"rendered":"<p>I ungef\u00e4r tv\u00e5 timmar satt de vid samma bord igen, inne p\u00e5 Natoh\u00f6gkvarteret i Bryssel. Under ledning av Natos generalsekreterare Jens Stoltenberg m\u00f6tte svenske Stenstr\u00f6m och hans finl\u00e4ndske kollega Jukka Salovaara sin turkiske motpart i Natof\u00f6rhandlingarna, presidenttalesmannen Ibrahim Kalin. Stenstr\u00f6m \u00e4r efter\u00e5t relativt n\u00f6jd. \u2013 Det positiva i dag \u00e4r att vi kommit \u00f6verens om<\/p>\n","protected":false},"author":2,"featured_media":4738,"comment_status":"open","ping_status":"open","sticky":false,"template":"","format":"standard","meta":{"footnotes":""},"categories":[3],"tags":[92],"class_list":{"0":"post-4737","1":"post","2":"type-post","3":"status-publish","4":"format-standard","5":"has-post-thumbnail","7":"category-nyhetsdygnet","8":"tag-nato"},"_links":{"self":[{"href":"https:\/\/fokuset.com\/index.php\/wp-json\/wp\/v2\/posts\/4737","targetHints":{"allow":["GET"]}}],"collection":[{"href":"https:\/\/fokuset.com\/index.php\/wp-json\/wp\/v2\/posts"}],"about":[{"href":"https:\/\/fokuset.com\/index.php\/wp-json\/wp\/v2\/types\/post"}],"author":[{"embeddable":true,"href":"https:\/\/fokuset.com\/index.php\/wp-json\/wp\/v2\/users\/2"}],"replies":[{"embeddable":true,"href":"https:\/\/fokuset.com\/index.php\/wp-json\/wp\/v2\/comments?post=4737"}],"version-history":[{"count":1,"href":"https:\/\/fokuset.com\/index.php\/wp-json\/wp\/v2\/posts\/4737\/revisions"}],"predecessor-version":[{"id":4739,"href":"https:\/\/fokuset.com\/index.php\/wp-json\/wp\/v2\/posts\/4737\/revisions\/4739"}],"wp:featuredmedia":[{"embeddable":true,"href":"https:\/\/fokuset.com\/index.php\/wp-json\/wp\/v2\/media\/4738"}],"wp:attachment":[{"href":"https:\/\/fokuset.com\/index.php\/wp-json\/wp\/v2\/media?parent=4737"}],"wp:term":[{"taxonomy":"category","embeddable":true,"href":"https:\/\/fokuset.com\/index.php\/wp-json\/wp\/v2\/categories?post=4737"},{"taxonomy":"post_tag","embeddable":true,"href":"https:\/\/fokuset.com\/index.php\/wp-json\/wp\/v2\/tags?post=4737"}],"curies":[{"name":"wp","href":"https:\/\/api.w.org\/{rel}","templated":true}]}}