{"id":4715,"date":"2022-04-30T06:24:57","date_gmt":"2022-04-30T06:24:57","guid":{"rendered":"https:\/\/fokuset.se\/?p=4715"},"modified":"2022-04-30T06:24:58","modified_gmt":"2022-04-30T06:24:58","slug":"slutrokt-pa-stranden-i-barcelona","status":"publish","type":"post","link":"https:\/\/fokuset.com\/index.php\/2022\/04\/30\/slutrokt-pa-stranden-i-barcelona\/","title":{"rendered":"Slutr\u00f6kt p\u00e5 stranden i Barcelona"},"content":{"rendered":"\n<p>Att bes\u00f6ka stranden i Barcelona ska bli mer h\u00e4lsosamt och milj\u00f6v\u00e4nligt. Det \u00e4r \u00e5tminstone f\u00f6rhoppningen med det r\u00f6kf\u00f6rbud som kommer att inf\u00f6ras p\u00e5 stadens tio kommunala str\u00e4nder den 1 juli.<\/p>\n\n\n\n<p>Beslutet f\u00f6ljer p\u00e5 ett pilotf\u00f6rs\u00f6k 2021 som enligt de lokala myndigheterna ska ha minskat antalet r\u00f6kare p\u00e5 stranden och fimpar i sanden avsev\u00e4rt.<\/p>\n\n\n\n<p>&#8220;Str\u00e4nder d\u00e4r r\u00f6kning inte till\u00e5ts kommer att erbjuda h\u00e4lsosammare gemensamma ytor, med mindre avfall och med respekt f\u00f6r milj\u00f6n&#8221;, skriver stadens styre i ett uttalande.<\/p>\n\n\n\n<h2 class=\"wp-block-heading\" id=\"risk-for-boter\">Risk f\u00f6r b\u00f6ter<\/h2>\n\n\n\n<p>Till en b\u00f6rjan kommer strandbes\u00f6karna att uppmanas att fimpa cigaretterna. Men med tiden kommer tills\u00e4gelsen att bytas ut mot b\u00f6ter p\u00e5 30 euro (310 kronor) f\u00f6r den som v\u00e4grar f\u00f6lja de nya best\u00e4mmelserna.<\/p>\n\n\n\n<p>\u2013 Jag tycker att det \u00e4r bra f\u00f6r att h\u00e5lla stranden ren. Och f\u00f6r milj\u00f6n. Men det kommer att bli sv\u00e5rt att kontrollera varenda person, s\u00e4ger den italienska turisten Antonella Bellotti till nyhetsbyr\u00e5n AP.<\/p>\n\n\n\n<p>Fimpar brukar beskrivas som det vanligaste skr\u00e4pet p\u00e5 v\u00e4rldens str\u00e4nder. Det tar m\u00e5nga \u00e5r innan de bryts ner och hamnar de i havet f\u00f6rorenar de vattendrag och deras organismer.<\/p>\n\n\n\n<h2 class=\"wp-block-heading\" id=\"nationellt-forbud\">Nationellt f\u00f6rbud?<\/h2>\n\n\n\n<p>Att s\u00e5 m\u00e5nga m\u00e4nniskor v\u00e4ljer att fimpa i sanden g\u00f6r r\u00f6kf\u00f6rbudet n\u00f6dv\u00e4ndigt, tycker den \u00f6sterrikiska turisten Evelyn Varkonyi.<\/p>\n\n\n\n<p>\u2013 Jag g\u00f6r det inte, men jag f\u00f6rst\u00e5r att andra g\u00f6r det. Och det \u00e4r inte bra f\u00f6r naturen.<\/p>\n\n\n\n<p>Barcelona blir den f\u00f6rsta st\u00f6rre staden i Spanien som f\u00f6rbjuder r\u00f6kning p\u00e5 str\u00e4nderna \u2013 hittills r\u00e5der f\u00f6rbud p\u00e5 115 av landets 3\u00a0500 str\u00e4nder. Men det kan komma att f\u00f6r\u00e4ndras eftersom ett nationellt f\u00f6rbud debatteras vilket skulle kunna f\u00f6rvandla alla spanska str\u00e4nder till r\u00f6kfria omr\u00e5den i framtiden.<\/p>\n\n\n\n<p><a href=\"https:\/\/www.gp.se\/nyheter\/v%C3%A4rlden\/slutr%C3%B6kt-p%C3%A5-stranden-i-barcelona-1.71637178\" rel=\"nofollow noopener\" target=\"_blank\">K\u00e4lla<\/a><\/p>\n","protected":false},"excerpt":{"rendered":"<p>Att bes\u00f6ka stranden i Barcelona ska bli mer h\u00e4lsosamt och milj\u00f6v\u00e4nligt. Det \u00e4r \u00e5tminstone f\u00f6rhoppningen med det r\u00f6kf\u00f6rbud som kommer att inf\u00f6ras p\u00e5 stadens tio kommunala str\u00e4nder den 1 juli. Beslutet f\u00f6ljer p\u00e5 ett pilotf\u00f6rs\u00f6k 2021 som enligt de lokala myndigheterna ska ha minskat antalet r\u00f6kare p\u00e5 stranden och fimpar i sanden avsev\u00e4rt. &#8220;Str\u00e4nder d\u00e4r<\/p>\n","protected":false},"author":2,"featured_media":4716,"comment_status":"open","ping_status":"open","sticky":false,"template":"","format":"standard","meta":{"footnotes":""},"categories":[4],"tags":[192],"class_list":{"0":"post-4715","1":"post","2":"type-post","3":"status-publish","4":"format-standard","5":"has-post-thumbnail","7":"category-varlds-nyheter","8":"tag-spanien"},"_links":{"self":[{"href":"https:\/\/fokuset.com\/index.php\/wp-json\/wp\/v2\/posts\/4715","targetHints":{"allow":["GET"]}}],"collection":[{"href":"https:\/\/fokuset.com\/index.php\/wp-json\/wp\/v2\/posts"}],"about":[{"href":"https:\/\/fokuset.com\/index.php\/wp-json\/wp\/v2\/types\/post"}],"author":[{"embeddable":true,"href":"https:\/\/fokuset.com\/index.php\/wp-json\/wp\/v2\/users\/2"}],"replies":[{"embeddable":true,"href":"https:\/\/fokuset.com\/index.php\/wp-json\/wp\/v2\/comments?post=4715"}],"version-history":[{"count":1,"href":"https:\/\/fokuset.com\/index.php\/wp-json\/wp\/v2\/posts\/4715\/revisions"}],"predecessor-version":[{"id":4717,"href":"https:\/\/fokuset.com\/index.php\/wp-json\/wp\/v2\/posts\/4715\/revisions\/4717"}],"wp:featuredmedia":[{"embeddable":true,"href":"https:\/\/fokuset.com\/index.php\/wp-json\/wp\/v2\/media\/4716"}],"wp:attachment":[{"href":"https:\/\/fokuset.com\/index.php\/wp-json\/wp\/v2\/media?parent=4715"}],"wp:term":[{"taxonomy":"category","embeddable":true,"href":"https:\/\/fokuset.com\/index.php\/wp-json\/wp\/v2\/categories?post=4715"},{"taxonomy":"post_tag","embeddable":true,"href":"https:\/\/fokuset.com\/index.php\/wp-json\/wp\/v2\/tags?post=4715"}],"curies":[{"name":"wp","href":"https:\/\/api.w.org\/{rel}","templated":true}]}}