{"id":4664,"date":"2022-04-05T12:27:00","date_gmt":"2022-04-05T12:27:00","guid":{"rendered":"https:\/\/fokuset.se\/?p=4664"},"modified":"2022-04-19T12:28:14","modified_gmt":"2022-04-19T12:28:14","slug":"nar-vm-2022-narmar-sig-forandrar-qatar-sin-bild-av-arbetares-rattigheter","status":"publish","type":"post","link":"https:\/\/fokuset.com\/index.php\/2022\/04\/05\/nar-vm-2022-narmar-sig-forandrar-qatar-sin-bild-av-arbetares-rattigheter\/","title":{"rendered":"N\u00e4r VM 2022 n\u00e4rmar sig f\u00f6r\u00e4ndrar Qatar sin bild av arbetares r\u00e4ttigheter"},"content":{"rendered":"\n<p>Qatar har varit under eld f\u00f6r sina rekord n\u00e4r det g\u00e4ller arbetarr\u00e4ttigheter, inte minst sedan dess anbud f\u00f6r VM 2022 slog igenom och en f\u00e4rsk rapport fr\u00e5n Amnesty International noterade den \u00f6desdigra p\u00e5verkan av potentiellt slapp h\u00e4lsa och s\u00e4kerhet har haft i byggandet av stadion i vikenationen.<\/p>\n\n\n\n<p>Samtidigt har det arabiska pensul\u00e4ra landet \u00f6kat anstr\u00e4ngningarna f\u00f6r att skydda migranters r\u00e4ttigheter, troligtvis ett f\u00f6rs\u00f6k att h\u00f6ja sin st\u00e4llning p\u00e5 den internationella scenen och som en del av en bredare nationell varum\u00e4rkeskampanj som f\u00f6rs\u00f6ker omforma bilden av staten som progressiv och liberal. Och \u00e4ven om historiska \u00f6vergrepp b\u00f6r uppm\u00e4rksammas, kan det finnas en m\u00f6jlighet h\u00e4r att lyfta spelet f\u00f6r migrerande arbetskraft och s\u00e4tta ett riktm\u00e4rke f\u00f6r regionen.<\/p>\n\n\n\n<p><strong>Att avskaffa Kefala<\/strong><\/p>\n\n\n\n<p>Kefala-systemet (som betyder &#8220;sponsring&#8221; p\u00e5 arabiska) &#8211; ett notoriskt kontroversiellt system som har anv\u00e4nts i l\u00e4nderna i Gulf Cooperation Council (GCC) &#8211; \u00e4r ett exempel.<\/p>\n\n\n\n<p>Ett centralt inslag i Kafala-systemet \u00e4r att n\u00e4r en invandrare v\u00e4l har kommit in i landet med en specifik sponsor eller arbetsgivare, kan de inte byta arbetsgivare eller l\u00e4mna landet utan sin sponsors medgivande.<\/p>\n\n\n\n<p>I augusti 2020 inf\u00f6rde Qatar genomgripande arbetsr\u00e4ttsreformer och blev det f\u00f6rsta och enda landet i regionen som l\u00e4mnade Kefala-systemet bakom sig. Faktum \u00e4r att Qatar har tagit ett steg fram\u00e5t bland sina GCC-kamrater n\u00e4r det g\u00e4ller att formalisera anst\u00e4llning och \u00f6vervaka fall av underbetalning och utebliven betalning av f\u00f6rfallna l\u00f6ner.<\/p>\n\n\n\n<p>Utmaningarna \u00e4r fortfarande betydande, liksom i GCC-l\u00e4nderna, med arbetare som fortfarande lever i underm\u00e5liga arbetsl\u00e4ger utanf\u00f6r staden.<\/p>\n\n\n\n<p>Doha har tagit ett betydande steg mot att skydda migrantarbetare genom att anta tv\u00e5 lagar som kan sl\u00e5 mot hj\u00e4rtat av det kr\u00e4nkande kafalasystemet. F\u00f6r det f\u00f6rsta har staten avskaffat sponsorcertifikaten &#8220;Ingen inv\u00e4ndning&#8221;, vilket \u00e5terst\u00e4ller de anst\u00e4lldas frihet att l\u00e4mna landet efter behag. F\u00f6r det andra har Qatar satt en minimil\u00f6n med bidrag f\u00f6r mat och logi om det inte redan tillhandah\u00e5lls av arbetsgivaren.<\/p>\n\n\n\n<p>Slutligen ratificerade Qatar den internationella konventionen om medborgerliga och politiska r\u00e4ttigheter och den internationella konventionen om ekonomiska, sociala och kulturella r\u00e4ttigheter och \u00e4r nu juridiskt skyldig att stoppa diskriminering p\u00e5 arbetsplatsen.<\/p>\n\n\n\n<p>S\u00e5dana framsteg har erk\u00e4nts av m\u00e4nniskor\u00e4ttsgrupper som Amnesty International som en r\u00f6relse i r\u00e4tt riktning \u00e4ven om de fortfarande \u00e4r kritiska.<\/p>\n\n\n\n<p><strong>Qatar 2022<\/strong><\/p>\n\n\n\n<p>Rapporter som den fr\u00e5n Amnesty International \u00e4r en av ett antal som riktar sig mot landet, men misstroendelsen mot m\u00e4nskliga r\u00e4ttigheter i byggandet av stadion visar inte att dessa problem inte \u00e4r Qatar-specifika.<\/p>\n\n\n\n<p>Arbetsplatsrelaterade olyckor var vanliga eftersom Brasilien f\u00f6rberedde 12 nya arenor f\u00f6r VM 2014. Faktum \u00e4r att Brasiliens br\u00e5ttom i sista minuten f\u00f6r att f\u00e4rdigst\u00e4lla arenorna utl\u00f6ste en \u00f6kning av olyckor. P\u00e5 samma s\u00e4tt m\u00f6tte arbetare flera former av diskriminering och kr\u00e4nkande metoder p\u00e5 arbetsplatsen under nedr\u00e4kningen till VM 2018 i Ryssland, enligt en rapport fr\u00e5n Human Rights Watch.<\/p>\n\n\n\n<p>J\u00e4mf\u00f6r antalet olyckor under anordnandet av Qatar 2022-evenemangen var mindre \u00e4n det \u00e5rliga antalet olyckor i sm\u00e5 EU-medlemsstater, som Grekland, vid en historisk l\u00e5gpunkt f\u00f6r byggandet, de \u00e4r f\u00e4rre.<\/p>\n\n\n\n<p>Gulfstaterna \u00e4r extremt beroende av migrantarbetskraft, med utrikesf\u00f6dda befolkning som utg\u00f6r mer \u00e4n 80 % av deras arbetsstyrka och Qatar \u00e4r inget undantag, men dessa reformer s\u00e4tter nu \u00e5lderdom p\u00e5 sina grannar, som Saudiarabien och Kuwait.<\/p>\n\n\n\n<p>N\u00e4r Qatar tilldelades organisationen av VM 2022 fanns det en k\u00e4nsla av att spelet verkligen kunde bygga broar, eftersom detta var det f\u00f6rsta fotbollsevenemanget i sitt slag i arabv\u00e4rlden.<\/p>\n\n\n\n<p>Dohas motto 2022 \u00e4r &#8220;Deliver Amazing&#8221;, och om reformer kring migranters r\u00e4ttigheter forts\u00e4tter att uppr\u00e4tth\u00e5llas kan dessa spel mycket v\u00e4l bli det f\u00f6rsta post-pandemiska sportevenemanget i sitt slag.<\/p>\n\n\n\n<p><a href=\"https:\/\/brusselsmorning.com\/as-the-2022-world-nears-qatar-is-changing-its-image-on-workers-rights\/12451\/\" rel=\"nofollow noopener\" target=\"_blank\">K\u00e4lla<\/a><\/p>\n","protected":false},"excerpt":{"rendered":"<p>Qatar har varit under eld f\u00f6r sina rekord n\u00e4r det g\u00e4ller arbetarr\u00e4ttigheter, inte minst sedan dess anbud f\u00f6r VM 2022 slog igenom och en f\u00e4rsk rapport fr\u00e5n Amnesty International noterade den \u00f6desdigra p\u00e5verkan av potentiellt slapp h\u00e4lsa och s\u00e4kerhet har haft i byggandet av stadion i vikenationen. Samtidigt har det arabiska pensul\u00e4ra landet \u00f6kat anstr\u00e4ngningarna<\/p>\n","protected":false},"author":2,"featured_media":4665,"comment_status":"open","ping_status":"open","sticky":false,"template":"","format":"standard","meta":{"footnotes":""},"categories":[4],"tags":[183,181,182],"class_list":{"0":"post-4664","1":"post","2":"type-post","3":"status-publish","4":"format-standard","5":"has-post-thumbnail","7":"category-varlds-nyheter","8":"tag-invandrare","9":"tag-qatar","10":"tag-varldscupen"},"_links":{"self":[{"href":"https:\/\/fokuset.com\/index.php\/wp-json\/wp\/v2\/posts\/4664","targetHints":{"allow":["GET"]}}],"collection":[{"href":"https:\/\/fokuset.com\/index.php\/wp-json\/wp\/v2\/posts"}],"about":[{"href":"https:\/\/fokuset.com\/index.php\/wp-json\/wp\/v2\/types\/post"}],"author":[{"embeddable":true,"href":"https:\/\/fokuset.com\/index.php\/wp-json\/wp\/v2\/users\/2"}],"replies":[{"embeddable":true,"href":"https:\/\/fokuset.com\/index.php\/wp-json\/wp\/v2\/comments?post=4664"}],"version-history":[{"count":1,"href":"https:\/\/fokuset.com\/index.php\/wp-json\/wp\/v2\/posts\/4664\/revisions"}],"predecessor-version":[{"id":4666,"href":"https:\/\/fokuset.com\/index.php\/wp-json\/wp\/v2\/posts\/4664\/revisions\/4666"}],"wp:featuredmedia":[{"embeddable":true,"href":"https:\/\/fokuset.com\/index.php\/wp-json\/wp\/v2\/media\/4665"}],"wp:attachment":[{"href":"https:\/\/fokuset.com\/index.php\/wp-json\/wp\/v2\/media?parent=4664"}],"wp:term":[{"taxonomy":"category","embeddable":true,"href":"https:\/\/fokuset.com\/index.php\/wp-json\/wp\/v2\/categories?post=4664"},{"taxonomy":"post_tag","embeddable":true,"href":"https:\/\/fokuset.com\/index.php\/wp-json\/wp\/v2\/tags?post=4664"}],"curies":[{"name":"wp","href":"https:\/\/api.w.org\/{rel}","templated":true}]}}