{"id":4619,"date":"2022-04-06T11:19:57","date_gmt":"2022-04-06T11:19:57","guid":{"rendered":"https:\/\/fokuset.se\/?p=4619"},"modified":"2022-04-06T11:19:58","modified_gmt":"2022-04-06T11:19:58","slug":"brodern-mordad-amine-tar-kampen-till-macron","status":"publish","type":"post","link":"https:\/\/fokuset.com\/index.php\/2022\/04\/06\/brodern-mordad-amine-tar-kampen-till-macron\/","title":{"rendered":"Brodern m\u00f6rdad \u2013 Amine tar kampen till Macron"},"content":{"rendered":"\n<p>Den 29 december 2020 steg r\u00f6ken fr\u00e5n en \u00f6vert\u00e4nd bil fr\u00e5n en tunnel under en motorv\u00e4g strax norr om Marseille. Inuti hittades de f\u00f6rkolnade kvarlevorna av tv\u00e5 personer, en i passagerars\u00e4tet och en i bakluckan. Efter n\u00e5gra dagar kunde en av de d\u00f6da identifieras tack vare ett armband.<\/p>\n\n\n\n<p>Att 22-\u00e5rige Brahims liv var i fara r\u00e5dde det inga tvivel om. Bara n\u00e5gra m\u00e5nader tidigare hade han blivit skjuten med nio skott, hamnat p\u00e5 intensiven och n\u00e4tt och j\u00e4mnt \u00f6verlevt.<\/p>\n\n\n\n<p>\u2013 N\u00e4r hans fru blev med barn best\u00e4mde han sig f\u00f6r att sluta och l\u00e4mna g\u00e4ngen, men de sade nej och ville att han skulle forts\u00e4tta, s\u00e4ger Amine Kessaci.<\/p>\n\n\n\n<p>Kvarteret ligger bland de m\u00e5nga fyrkantiga och t\u00e4tt packade h\u00f6ghusen i norra Marseille, i stadsdelen Frais Vallon. Det \u00e4r bara en liten del av Quartiers nord \u2013 f\u00f6rorterna d\u00e4r befolkningen \u00e4r bland Europas fattigaste och d\u00e4r det p\u00e5g\u00e5r en st\u00e4ndig kamp mellan poliser och narkotikag\u00e4ng.<\/p>\n\n\n\n<p>\u2013 Min bror var 14 \u00e5r gammal n\u00e4r han hoppade av skolan. Min mamma var ute och jagade honom hela dagarna, men kunde inte n\u00e5 honom. Han h\u00e4ngde bara runt hemma i kvarteret.<\/p>\n\n\n\n<h2 class=\"wp-block-heading\" id=\"for-att-fa-pengar\">&#8220;F\u00f6r att f\u00e5 pengar&#8221;<\/h2>\n\n\n\n<p>Mordet p\u00e5 Brahim var bara ett av ett 20-tal mord med g\u00e4ngkoppling under 2020. En \u00e5klagare sade redan i ett f\u00f6rsta skede att det f\u00f6ref\u00f6ll vara &#8220;typisk Marseille-brottslighet&#8221;.<\/p>\n\n\n\n<p>\u2013 Det blir inte b\u00e4ttre. Bara f\u00f6rra veckan m\u00f6rdades flera unga personer i Quartiers nord. Det \u00e4r s\u00e5dant vi h\u00f6r om varje dag. Det \u00e4r inte normalt, s\u00e4ger Amine Kessaci, som ler artigt \u00e4ven n\u00e4r han talar om tragedier av ett slag som han sj\u00e4lv har drabbats av.<\/p>\n\n\n\n<p>18-\u00e5ringen slog tidigt in p\u00e5 en annan v\u00e4g \u00e4n sin \u00e4ldre bror. Efter mordet bildade han organisationen Conscience, f\u00f6r att f\u00f6rs\u00f6ka hj\u00e4lpa fler att v\u00e4lja r\u00e4tt. Den arrangerar demonstrationer, st\u00e4ddagar och samtalsgrupper. Ett program med 101 f\u00f6rslag har tagits fram genom \u00f6ppna kvarterssamtal.<\/p>\n\n\n\n<p>\u2013 M\u00e5nga unga hoppar av skolan, har fr\u00e5nvarande f\u00f6r\u00e4ldrar eller kanske inte r\u00e5d med kl\u00e4der. De ser andras liv i sociala medier och fr\u00e5gar sig varf\u00f6r de inte har det s\u00e5. Unga ansluter sig till g\u00e4ngen f\u00f6r att f\u00e5 pengar. F\u00f6r vissa handlar det om att f\u00f6rs\u00f6rja sina familjer, s\u00e4ger Amine Kessaci.<\/p>\n\n\n\n<p>P\u00e5 18-\u00e5ringens spartanskt inredda kontor har skrivbordet dekorerats med ett foto av hans brorsdotter, samt en liten EU-flagga.<\/p>\n\n\n\n<h2 class=\"wp-block-heading\" id=\"barndomsvanner\">Barndomsv\u00e4nner<\/h2>\n\n\n\n<p>Denna s\u00f6ndag sitter ett tiotal unga m\u00e4n kring ett bord i Consciences lokaler, i ett tv\u00e5v\u00e5ningshus i ett s\u00f6mnigt kvarter i norra Marseille. 22-\u00e5rige Ly\u00e8s Sadali \u00e4r uppvuxen i problemomr\u00e5det La Castellane och pluggar till ingenj\u00f6r i Paris. Han har tagit med en av sina l\u00e4rare till hemstaden f\u00f6r att f\u00f6rs\u00f6ka styra in barndomsv\u00e4nner och bekanta p\u00e5 r\u00e4tt sp\u00e5r.<\/p>\n\n\n\n<p>20-\u00e5rige Amine Aloui v\u00e4xte upp p\u00e5 samma g\u00e5rd som Ly\u00e8s. Han s\u00e4ger att han dr\u00f6mmer om att bli lastbilsmekaniker. Via Ly\u00e8s l\u00e4rares kontakter har han f\u00e5tt tag p\u00e5 en visstidsanst\u00e4llning p\u00e5 en restaurang i Nice, 20 mil fr\u00e5n Marseille.<\/p>\n\n\n\n<p>\u2013 Vi som v\u00e4xer upp h\u00e4r m\u00e5ste vara sj\u00e4lvst\u00e4ndiga fr\u00e5n tidig \u00e5lder. F\u00f6r att kunna arbeta, tj\u00e4na pengar och f\u00e5 mat p\u00e5 bordet. Eller hj\u00e4lpa sina f\u00f6r\u00e4ldrar s\u00e5 att man har n\u00e5gonstans att bo, s\u00e4ger han.<\/p>\n\n\n\n<p>\u2013 Politikerna snackar mycket, men vi ser ingen handling f\u00f6r de unga i f\u00f6rorterna, s\u00e4ger Ly\u00e8s Sadali.<\/p>\n\n\n\n<p>En annan kille i 20-\u00e5rs\u00e5ldern st\u00e5r p\u00e5 lokalens balkong och ber\u00e4ttar att han hoppade av skolan f\u00f6r m\u00e5nga \u00e5r sedan. Han h\u00e5ller sig i bakgrunden, t\u00e4nder sin cigarett och en s\u00f6t cannabislukt sprider sig i s\u00e4llskapet.<\/p>\n\n\n\n<h2 class=\"wp-block-heading\" id=\"bjods-in-av-macron\">Bj\u00f6ds in av Macron<\/h2>\n\n\n\n<p>N\u00e4r v\u00e5ldet trappades upp rej\u00e4lt f\u00f6rra sommaren, med flera unga offer, \u00e5kte president Emmanuel Macron till Marseille i tre dagar. Han lovade stora satsningar och bes\u00f6kte de norra f\u00f6rorterna under stor uppst\u00e5ndelse.<\/p>\n\n\n\n<p>Amine Kessaci, som redan hade h\u00f6jt r\u00f6sten i lokala medier, bj\u00f6ds in till ett m\u00f6te med presidenten.<\/p>\n\n\n\n<p>\u2013 Jag sade \u00e5t honom att sluta v\u00e4rdera m\u00e4nniskor olika, att sluta g\u00f6ra upp planer ovanf\u00f6r v\u00e5ra huvuden. Att han skulle komma till Quartiers nord och tr\u00e4ffa folk, se hur de har det och fatta beslut f\u00f6rst efter det.<\/p>\n\n\n\n<p>Macron fr\u00e5gade hur gammal Amine Kessaci var. Sedan st\u00e4llde han sig upp och appl\u00e5derade. Efter m\u00f6tet har 18-\u00e5ringen h\u00e5llit kontakt med presidentens stab i fr\u00e5gor om utanf\u00f6rskapet i Marseille.<\/p>\n\n\n\n<p>\u2013 Han var n\u00e4rvarande och lyssnade den dagen, men jag tror inte att han f\u00f6rstod. Det enda vi har sett hittills \u00e4r att skolorna ska renoveras. Inget om v\u00e5r grundl\u00e4ggande s\u00e4kerhet, om v\u00e5rden eller andra sociala fr\u00e5gor.<\/p>\n\n\n\n<h2 class=\"wp-block-heading\" id=\"inga-flyttplaner\">Inga flyttplaner<\/h2>\n\n\n\n<p>Amine Kessacis bror Brahim var tolv \u00e5r gammal n\u00e4r han kom i kontakt med g\u00e4ngen f\u00f6r f\u00f6rsta g\u00e5ngen, bland flerv\u00e5ningshusen i Frais Vallon. N\u00e4r han m\u00f6rdades tio \u00e5r senare valde deras mamma att l\u00e4mna stadsdelen. Men Amine Kessaci vill inte flytta till n\u00e5gon annan del av Marseille.<\/p>\n\n\n\n<p>\u2013 Det var i Frais Vallon jag f\u00f6ddes, det \u00e4r d\u00e4r jag bor och det var d\u00e4r som min bror f\u00f6rst valde att hoppa av skolan. Frais Vallon \u00e4r speciellt f\u00f6r mig.<\/p>\n\n\n\n<p><a href=\"https:\/\/www.gp.se\/nyheter\/v%C3%A4rlden\/brodern-m%C3%B6rdad-amine-tar-kampen-till-macron-1.69453750\" rel=\"nofollow noopener\" target=\"_blank\">K\u00e4lla<\/a><\/p>\n","protected":false},"excerpt":{"rendered":"<p>Den 29 december 2020 steg r\u00f6ken fr\u00e5n en \u00f6vert\u00e4nd bil fr\u00e5n en tunnel under en motorv\u00e4g strax norr om Marseille. Inuti hittades de f\u00f6rkolnade kvarlevorna av tv\u00e5 personer, en i passagerars\u00e4tet och en i bakluckan. Efter n\u00e5gra dagar kunde en av de d\u00f6da identifieras tack vare ett armband. Att 22-\u00e5rige Brahims liv var i fara<\/p>\n","protected":false},"author":2,"featured_media":4620,"comment_status":"open","ping_status":"open","sticky":false,"template":"","format":"standard","meta":{"footnotes":""},"categories":[4],"tags":[172],"class_list":{"0":"post-4619","1":"post","2":"type-post","3":"status-publish","4":"format-standard","5":"has-post-thumbnail","7":"category-varlds-nyheter","8":"tag-frankrike"},"_links":{"self":[{"href":"https:\/\/fokuset.com\/index.php\/wp-json\/wp\/v2\/posts\/4619","targetHints":{"allow":["GET"]}}],"collection":[{"href":"https:\/\/fokuset.com\/index.php\/wp-json\/wp\/v2\/posts"}],"about":[{"href":"https:\/\/fokuset.com\/index.php\/wp-json\/wp\/v2\/types\/post"}],"author":[{"embeddable":true,"href":"https:\/\/fokuset.com\/index.php\/wp-json\/wp\/v2\/users\/2"}],"replies":[{"embeddable":true,"href":"https:\/\/fokuset.com\/index.php\/wp-json\/wp\/v2\/comments?post=4619"}],"version-history":[{"count":1,"href":"https:\/\/fokuset.com\/index.php\/wp-json\/wp\/v2\/posts\/4619\/revisions"}],"predecessor-version":[{"id":4621,"href":"https:\/\/fokuset.com\/index.php\/wp-json\/wp\/v2\/posts\/4619\/revisions\/4621"}],"wp:featuredmedia":[{"embeddable":true,"href":"https:\/\/fokuset.com\/index.php\/wp-json\/wp\/v2\/media\/4620"}],"wp:attachment":[{"href":"https:\/\/fokuset.com\/index.php\/wp-json\/wp\/v2\/media?parent=4619"}],"wp:term":[{"taxonomy":"category","embeddable":true,"href":"https:\/\/fokuset.com\/index.php\/wp-json\/wp\/v2\/categories?post=4619"},{"taxonomy":"post_tag","embeddable":true,"href":"https:\/\/fokuset.com\/index.php\/wp-json\/wp\/v2\/tags?post=4619"}],"curies":[{"name":"wp","href":"https:\/\/api.w.org\/{rel}","templated":true}]}}