{"id":4610,"date":"2022-04-06T11:02:05","date_gmt":"2022-04-06T11:02:05","guid":{"rendered":"https:\/\/fokuset.se\/?p=4610"},"modified":"2022-04-06T11:02:43","modified_gmt":"2022-04-06T11:02:43","slug":"sa-vill-m-att-sverige-gar-med-i-nato","status":"publish","type":"post","link":"https:\/\/fokuset.com\/index.php\/2022\/04\/06\/sa-vill-m-att-sverige-gar-med-i-nato\/","title":{"rendered":"S\u00e5 vill M att Sverige g\u00e5r med i Nato"},"content":{"rendered":"\n<p>Moderatledaren Ulf Kristersson beskrev sin syn p\u00e5 Sveriges v\u00e4g in i Nato i ett s\u00e4kerhetspolitiskt tal p\u00e5 F\u00f6rsvarsh\u00f6gskolan.<\/p>\n\n\n\n<p>Han gick ocks\u00e5 in p\u00e5 varf\u00f6r M anser det n\u00f6dv\u00e4ndigt att g\u00e5 med i f\u00f6rsvarsalliansen.<\/p>\n\n\n\n<p>\u2013 Den milit\u00e4ra upprustningen i b\u00e5de Kina och Ryssland, ger en allt tydligare bild av en ny och mer hotfull global s\u00e4kerhetsmilj\u00f6, s\u00e4ger Kristersson i talet.<\/p>\n\n\n\n<p>\u2013 F\u00f6r f\u00f6rsta g\u00e5ngen sedan kalla kriget finns ett tydligt vi, och ett lika tydligt dom.<\/p>\n\n\n\n<p>Han varnar f\u00f6r att &#8220;denna allians av ideologiska konkurrenter&#8221; vill skapa ett eget alternativ till en v\u00e4rldsordning byggd p\u00e5 individers r\u00e4ttigheter, snarare \u00e4n p\u00e5 staters intressen.<\/p>\n\n\n\n<p>Kristersson tog ocks\u00e5 upp Rysslands attack p\u00e5 Ukraina.<\/p>\n\n\n\n<h2 class=\"wp-block-heading\" id=\"utvisa-alla\">Utvisa alla<\/h2>\n\n\n\n<p>\u2013 Till\u00e5ter v\u00e4stv\u00e4rlden Putin att vinna det h\u00e4r kriget har vi inte bara accepterat att makt g\u00e5r f\u00f6re r\u00e4tt, att han till\u00e4ts f\u00f6rinta en ung demokrati. Han kastar oss dessutom rakt in i ett nytt kallt krig, kanske f\u00f6r generationer fram\u00e5t, s\u00e4ger M-ledaren.<\/p>\n\n\n\n<p>\u2013 Men l\u00e5t oss arbeta f\u00f6r ett helt annat utfall, d\u00e4r Rysslands misslyckande blir demokratiernas framg\u00e5ng, och en historisk l\u00e4xa f\u00f6r fler auktorit\u00e4ra stater med ambition att dominera andra.<\/p>\n\n\n\n<p>Kristersson drar tv\u00e5 slutsatsen att n\u00e4r diktaturer trappar upp konflikten mot v\u00e4st, m\u00e5ste \u00e4ven Sveriges svar bli mer beslutsamt. Ett s\u00e4tt \u00e4r att utvisa alla de p\u00e5st\u00e5dda diplomater som i sj\u00e4lva verket \u00e4r ryska underr\u00e4ttelseofficerare, enligt honom.<\/p>\n\n\n\n<p>Ett annat \u00e4r att Sverige g\u00e5r med i Nato.<\/p>\n\n\n\n<h2 class=\"wp-block-heading\" id=\"natoansokan-i-juni\">Natoans\u00f6kan i juni?<\/h2>\n\n\n\n<p>\u2013 Det b\u00f6r ske tillsammans med Finland, helst i mycket bred block\u00f6verskridande enighet, och med sikte p\u00e5 en ans\u00f6kan till Nato-toppm\u00f6tet i Madrid, i slutet av juni, s\u00e4ger Kristersson.<\/p>\n\n\n\n<p>Han uppger att regeringen borde fatta det historiska beslutet om en samtidig ans\u00f6kan med den finska, och redan nu f\u00f6rankra Sveriges medlemskap internationellt.<\/p>\n\n\n\n<p>\u2013 Vill regeringen att \u00e4ven sj\u00e4lva beslutet om en Nato-ans\u00f6kan \u2013 likt beslutet att skicka vapen till Ukraina \u2013 ska f\u00f6rankras i ett riksdagsbeslut, s\u00e5 b\u00f6r det ske senast i mitten av juni, s\u00e4ger Kristersson.<\/p>\n\n\n\n<p>\u2013 Det vore ett naturligt s\u00e4tt att tydligt markera det breda politiska st\u00f6det f\u00f6r en helt ny s\u00e4kerhetspolitisk doktrin.<\/p>\n\n\n\n<p>Kristersson konstaterar att innan Sverige \u00e4r med i Nato s\u00e5 har vi inga f\u00f6rsvarsgarantier. Han varnar ocks\u00e5 f\u00f6r Sveriges beroende av USA f\u00f6r sitt f\u00f6rsvar.<\/p>\n\n\n\n<p>Kristersson oroar sig f\u00f6r vem som blir USA:s n\u00e4ste president efter Joe Biden.<\/p>\n\n\n\n<p>\u2013 De n\u00e4ra milit\u00e4ra banden mellan Sverige och USA, g\u00f6r oss allts\u00e5 tv\u00e4rtom mer beroende av intresset och omd\u00f6met hos den individ som sitter i Vita huset, s\u00e5 l\u00e4nge v\u00e5r relation \u00e4r bilateral, s\u00e4ger M-ledaren.<\/p>\n\n\n\n<p>\u2013 Ensidigt beroende av USA \u00e4r en rest fr\u00e5n neutralitetspolitikens hemlighetsmakeri. Nato \u00e4r transparent och f\u00f6rdragsbundet.<\/p>\n\n\n\n<p><a href=\"https:\/\/www.gp.se\/nyheter\/sverige\/s%C3%A5-vill-m-att-sverige-g%C3%A5r-med-i-nato-1.69448228\" rel=\"nofollow noopener\" target=\"_blank\">K\u00e4lla<\/a><\/p>\n","protected":false},"excerpt":{"rendered":"<p>Moderatledaren Ulf Kristersson beskrev sin syn p\u00e5 Sveriges v\u00e4g in i Nato i ett s\u00e4kerhetspolitiskt tal p\u00e5 F\u00f6rsvarsh\u00f6gskolan. Han gick ocks\u00e5 in p\u00e5 varf\u00f6r M anser det n\u00f6dv\u00e4ndigt att g\u00e5 med i f\u00f6rsvarsalliansen. \u2013 Den milit\u00e4ra upprustningen i b\u00e5de Kina och Ryssland, ger en allt tydligare bild av en ny och mer hotfull global s\u00e4kerhetsmilj\u00f6,<\/p>\n","protected":false},"author":2,"featured_media":4611,"comment_status":"open","ping_status":"open","sticky":false,"template":"","format":"standard","meta":{"footnotes":""},"categories":[3],"tags":[92,83,91],"class_list":{"0":"post-4610","1":"post","2":"type-post","3":"status-publish","4":"format-standard","5":"has-post-thumbnail","7":"category-nyhetsdygnet","8":"tag-nato","9":"tag-politik","10":"tag-ulf-kristersson"},"_links":{"self":[{"href":"https:\/\/fokuset.com\/index.php\/wp-json\/wp\/v2\/posts\/4610","targetHints":{"allow":["GET"]}}],"collection":[{"href":"https:\/\/fokuset.com\/index.php\/wp-json\/wp\/v2\/posts"}],"about":[{"href":"https:\/\/fokuset.com\/index.php\/wp-json\/wp\/v2\/types\/post"}],"author":[{"embeddable":true,"href":"https:\/\/fokuset.com\/index.php\/wp-json\/wp\/v2\/users\/2"}],"replies":[{"embeddable":true,"href":"https:\/\/fokuset.com\/index.php\/wp-json\/wp\/v2\/comments?post=4610"}],"version-history":[{"count":1,"href":"https:\/\/fokuset.com\/index.php\/wp-json\/wp\/v2\/posts\/4610\/revisions"}],"predecessor-version":[{"id":4612,"href":"https:\/\/fokuset.com\/index.php\/wp-json\/wp\/v2\/posts\/4610\/revisions\/4612"}],"wp:featuredmedia":[{"embeddable":true,"href":"https:\/\/fokuset.com\/index.php\/wp-json\/wp\/v2\/media\/4611"}],"wp:attachment":[{"href":"https:\/\/fokuset.com\/index.php\/wp-json\/wp\/v2\/media?parent=4610"}],"wp:term":[{"taxonomy":"category","embeddable":true,"href":"https:\/\/fokuset.com\/index.php\/wp-json\/wp\/v2\/categories?post=4610"},{"taxonomy":"post_tag","embeddable":true,"href":"https:\/\/fokuset.com\/index.php\/wp-json\/wp\/v2\/tags?post=4610"}],"curies":[{"name":"wp","href":"https:\/\/api.w.org\/{rel}","templated":true}]}}