{"id":4599,"date":"2022-04-02T07:24:33","date_gmt":"2022-04-02T07:24:33","guid":{"rendered":"https:\/\/fokuset.se\/?p=4599"},"modified":"2022-04-02T07:24:49","modified_gmt":"2022-04-02T07:24:49","slug":"nallen-tvingades-lamna-masked-singer","status":"publish","type":"post","link":"https:\/\/fokuset.com\/index.php\/2022\/04\/02\/nallen-tvingades-lamna-masked-singer\/","title":{"rendered":"Nallen tvingades l\u00e4mna \u201dMasked singer\u201d"},"content":{"rendered":"\n<p>F\u00f6rra veckan \u00e5terv\u00e4nde \u201dMasked singer\u201d till TV4 och lockade miljonpublik direkt. M\u00e5ns Zelmerl\u00f6w gissade d\u00e5 r\u00e4tt p\u00e5 att det var den f\u00f6re detta simhopperskan Anna Lindberg som dolde sig under masken.<\/p>\n\n\n\n<p>Den h\u00e4r g\u00e5ngen var det ingen som lyckades pricka r\u00e4tt p\u00e5 Nallen, \u00e4ven om Felix Herngren vid ett tillf\u00e4lle sade korrekt namn men sedan fastnade f\u00f6r B\u00f6rje Salming.<\/p>\n\n\n\n<p>\u2013 Ja herregud, det \u00e4r ju inte klokt, B\u00f6rje Salming ..? Ibland undrar man verkligen hur det ser ut i Felix Herngrens hj\u00e4rna. Han som \u00e4r s\u00e5 intelligent. Hur kan jag l\u00e5ta som B\u00f6rje Salming, skrattar Marianne M\u00f6rck.<\/p>\n\n\n\n<p>F\u00f6r det var allts\u00e5 hon som g\u00f6mde sig d\u00e4runder, inte den gamle \u00e4rrade NHL-k\u00e4mpen fr\u00e5n Kiruna. Och inte heller Malena Ernman, Stefan Holm, Skansen-Jonas eller Suzanne Reuter som den vilt svingande panelen chansade p\u00e5.<\/p>\n\n\n\n<h2 class=\"wp-block-heading\" id=\"marianne-morck-jag-tittar-aldrig-pa-mig-sjalv\">Marianne M\u00f6rck: \u201dJag tittar aldrig p\u00e5 mig sj\u00e4lv\u201d<\/h2>\n\n\n\n<p>N\u00e4r GP n\u00e5r Marianne M\u00f6rck \u00e4r hon ute och k\u00f6r bil, p\u00e5 v\u00e4g fr\u00e5n en kollationering f\u00f6r en tv-serie till en reklamfilmsinspelning f\u00f6r Willys, och hon har \u201ds\u00e5 mycket att g\u00f6ra\u201d att hon inte ens s\u00e5g sig sj\u00e4lv upptr\u00e4da i \u201dMasked singer\u201d p\u00e5 fredagskv\u00e4llen.<\/p>\n\n\n\n<p>\u2013 Nej nej, \u00e4r du tokig? Jag tittar aldrig p\u00e5 mig sj\u00e4lv. Dessutom har jag ingen tv s\u00e5 det blir sv\u00e5rt.<\/p>\n\n\n\n<p>D\u00e4remot st\u00e4mmer det som hon sade i TV4 efter att ha tvingats l\u00e4mna t\u00e4vlingen, att det var fantastiskt roligt och helt galet att vara med i \u201dMasked singer\u201d.<\/p>\n\n\n\n<p>\u2013 Det var j\u00e4ttekul och det \u00e4r ju bara att k\u00f6ra! Snart ligger man d\u00e4r med n\u00e4san i v\u00e4dret. Det var jobbigt att sjunga inuti det d\u00e4r tre ton tunga huvudet, och vi \u00e4ldre deltagare \u00e5ker alltid ut f\u00f6rst, men nallen var v\u00e4ldigt s\u00f6t, det m\u00e5ste jag s\u00e4ga. Alldeles bed\u00e5rande!<\/p>\n\n\n\n<p>D\u00e4remot har Marianne M\u00f6rck vissa synpunkter p\u00e5 den l\u00e5t som produktionen valde \u00e5t henne. \u201dIt\u2019s a hard-knock life\u201d \u00e4r lite sv\u00e5rsjungen, \u00e4ven om hon tolkade versionen fr\u00e5n musikalen \u201dAnnie\u201d och inte Jay Z:s hiohop-variant fr\u00e5n 90-talet.<\/p>\n\n\n\n<p>\u2013 De d\u00e4r barnk\u00f6rerna allts\u00e5, det \u00e4r b\u00f6kigt att beh\u00f6va sjunga s\u00e5 h\u00f6gt.<\/p>\n\n\n\n<p><strong>Och sedan fick du tolka \u201dPersonal Jesus\u201d. Antar att det inte heller var ditt val?<\/strong><\/p>\n\n\n\n<p>\u2013 Jod\u00e5, den best\u00e4mde jag allt sj\u00e4lv. \u201dPersonal Jesus\u201d \u00e4r Depeche Modes klart b\u00e4sta l\u00e5t.<\/p>\n\n\n\n<p><strong>Du \u00e4r ett Depeche-fan allts\u00e5?<\/strong><\/p>\n\n\n\n<p>\u2013 Oh ja, de gungar s\u00e5 fint de d\u00e4r melodierna.<\/p>\n\n\n\n<p><a href=\"https:\/\/www.gp.se\/kultur\/tv\/nallen-tvingades-l%C3%A4mna-masked-singer-1.69149250\" rel=\"nofollow noopener\" target=\"_blank\">K\u00e4lla<\/a><\/p>\n","protected":false},"excerpt":{"rendered":"<p>F\u00f6rra veckan \u00e5terv\u00e4nde \u201dMasked singer\u201d till TV4 och lockade miljonpublik direkt. M\u00e5ns Zelmerl\u00f6w gissade d\u00e5 r\u00e4tt p\u00e5 att det var den f\u00f6re detta simhopperskan Anna Lindberg som dolde sig under masken. Den h\u00e4r g\u00e5ngen var det ingen som lyckades pricka r\u00e4tt p\u00e5 Nallen, \u00e4ven om Felix Herngren vid ett tillf\u00e4lle sade korrekt namn men sedan<\/p>\n","protected":false},"author":2,"featured_media":4600,"comment_status":"open","ping_status":"open","sticky":false,"template":"","format":"standard","meta":{"footnotes":""},"categories":[5],"tags":[169,170],"class_list":{"0":"post-4599","1":"post","2":"type-post","3":"status-publish","4":"format-standard","5":"has-post-thumbnail","7":"category-underhallning","8":"tag-masked-singer","9":"tag-tv"},"_links":{"self":[{"href":"https:\/\/fokuset.com\/index.php\/wp-json\/wp\/v2\/posts\/4599","targetHints":{"allow":["GET"]}}],"collection":[{"href":"https:\/\/fokuset.com\/index.php\/wp-json\/wp\/v2\/posts"}],"about":[{"href":"https:\/\/fokuset.com\/index.php\/wp-json\/wp\/v2\/types\/post"}],"author":[{"embeddable":true,"href":"https:\/\/fokuset.com\/index.php\/wp-json\/wp\/v2\/users\/2"}],"replies":[{"embeddable":true,"href":"https:\/\/fokuset.com\/index.php\/wp-json\/wp\/v2\/comments?post=4599"}],"version-history":[{"count":1,"href":"https:\/\/fokuset.com\/index.php\/wp-json\/wp\/v2\/posts\/4599\/revisions"}],"predecessor-version":[{"id":4601,"href":"https:\/\/fokuset.com\/index.php\/wp-json\/wp\/v2\/posts\/4599\/revisions\/4601"}],"wp:featuredmedia":[{"embeddable":true,"href":"https:\/\/fokuset.com\/index.php\/wp-json\/wp\/v2\/media\/4600"}],"wp:attachment":[{"href":"https:\/\/fokuset.com\/index.php\/wp-json\/wp\/v2\/media?parent=4599"}],"wp:term":[{"taxonomy":"category","embeddable":true,"href":"https:\/\/fokuset.com\/index.php\/wp-json\/wp\/v2\/categories?post=4599"},{"taxonomy":"post_tag","embeddable":true,"href":"https:\/\/fokuset.com\/index.php\/wp-json\/wp\/v2\/tags?post=4599"}],"curies":[{"name":"wp","href":"https:\/\/api.w.org\/{rel}","templated":true}]}}