{"id":4548,"date":"2022-03-21T16:01:19","date_gmt":"2022-03-21T16:01:19","guid":{"rendered":"https:\/\/fokuset.se\/?p=4548"},"modified":"2022-03-21T16:01:21","modified_gmt":"2022-03-21T16:01:21","slug":"rami-bladlav-fran-goteborg-holl-andan-i-over-nio-minuter","status":"publish","type":"post","link":"https:\/\/fokuset.com\/index.php\/2022\/03\/21\/rami-bladlav-fran-goteborg-holl-andan-i-over-nio-minuter\/","title":{"rendered":"Rami Bladlav fr\u00e5n G\u00f6teborg h\u00f6ll andan i \u00f6ver nio minuter"},"content":{"rendered":"\n<p>De flesta har nog p\u00e5 ett eller annat s\u00e4tt testat att h\u00e5lla andan under vattenytan, kanske till och med t\u00e4vlat mot kompisarna n\u00e5gon g\u00e5ng.<\/p>\n\n\n\n<p>Men f\u00e5, eller r\u00e4ttare sagt ingen i Norden, kan m\u00e4ta sig med g\u00f6teborgaren Rami Bladlavs lungor. Det tidigare MMA-proffset har sedan en tid tillbaka sadlat om till fridykare inom disciplinen Statisk apn\u00e9a eller \u201dstatisk andh\u00e5llning\u201d som det \u00e4ven kallas.<\/p>\n\n\n\n<p>I slutet av f\u00f6rra \u00e5ret blev Bladlav innehavare av det nordiska rekordet n\u00e4r han h\u00f6ll andan i hela nio minuter och \u00e5tta sekunder under vattenytan p\u00e5 Valhallabadet.<\/p>\n\n\n\n<p>\u2013 Det \u00e4r bara att fylla lungorna med luft och h\u00e5lla s\u00e5 l\u00e4nge som m\u00f6jligt, ber\u00e4ttade han f\u00f6r GP efter SM i poolfridykning.<\/p>\n\n\n\n<h2 class=\"wp-block-heading\" id=\"satte-nytt-rekord-jag-har-gjort-langre\">Satte nytt rekord: \u201dJag har gjort l\u00e4ngre\u201d<\/h2>\n\n\n\n<p>Nu har Rami Bladlav slagit sitt egna rekord. Under en dykm\u00e4ssa i G\u00f6teborg m\u00f6tte han Valdemar Karlsson i en rankingt\u00e4vling och hade d\u00e5 huvudet under vattenytan i nio minuter och 17 sekunder.<\/p>\n\n\n\n<p>\u2013 Precis n\u00e4r jag startade hade jag lite d\u00e5lig k\u00e4nsla, men det gick,<a href=\"https:\/\/www.svt.se\/nyheter\/lokalt\/vast\/statisk-apnea-en-hisnande-upplevelse\" rel=\"nofollow noopener\" target=\"_blank\">&nbsp;s\u00e4ger han till SVT.<\/a><\/p>\n\n\n\n<p>Bladlav \u00e4r dock inte n\u00f6jd d\u00e4r, han vet att han har l\u00e4ngre tider i sig.<\/p>\n\n\n\n<p>\u2013 Jag har gjort l\u00e4ngre p\u00e5 tr\u00e4ning. M\u00e5let \u00e4r ju tio, det f\u00e5r jag s\u00e4ga.<\/p>\n\n\n\n<h2 class=\"wp-block-heading\" id=\"det-ar-som-att-en-leopard-jagar-dig\">\u201dDet \u00e4r som att en leopard jagar dig\u201d<\/h2>\n\n\n\n<p>Rent krasst \u00e4r det, precis som Rami Bladlav sa till GP i slutet av f\u00f6rra \u00e5ret, \u201dbara\u201d fylla lungorna med luft och h\u00e5lla s\u00e5 l\u00e4nge man kan. Men det ligger ocks\u00e5 s\u00e5klart en hel del tr\u00e4ning bakom rekordtiderna \u2013 samtidigt som coachen finns p\u00e5 plats f\u00f6r att kontrollera att dykaren m\u00e5r bra.<\/p>\n\n\n\n<p>\u2013 Man tr\u00e4nar m\u00e5nga olika delar i kroppen. Den st\u00f6rsta delen \u00e4r mentalt, hj\u00e4rnan skickar panik n\u00e4r vi blir r\u00e4dda. Det \u00e4r som att en leopard jagar dig och d\u00e5 f\u00e5 du panik. Men den paniken blir inte v\u00e4rre, utan planar ur. Om jag h\u00e5ller andan i nio minuten kommer den efter n\u00e5gra minuter och sen planar det ut. Det jobbigaste \u00e4r mellan fem och sju minuter, d\u00e5 \u00e4r coachen j\u00e4tteviktig, ber\u00e4ttade han f\u00f6r GP i november f\u00f6rra \u00e5ret.<\/p>\n\n\n\n<p><a href=\"https:\/\/www.gp.se\/sport\/rami-bladlav-fr%C3%A5n-g%C3%B6teborg-h%C3%B6ll-andan-i-%C3%B6ver-nio-minuter-1.68320826\" rel=\"nofollow noopener\" target=\"_blank\">K\u00e4lla<\/a><\/p>\n","protected":false},"excerpt":{"rendered":"<p>De flesta har nog p\u00e5 ett eller annat s\u00e4tt testat att h\u00e5lla andan under vattenytan, kanske till och med t\u00e4vlat mot kompisarna n\u00e5gon g\u00e5ng. Men f\u00e5, eller r\u00e4ttare sagt ingen i Norden, kan m\u00e4ta sig med g\u00f6teborgaren Rami Bladlavs lungor. Det tidigare MMA-proffset har sedan en tid tillbaka sadlat om till fridykare inom disciplinen Statisk<\/p>\n","protected":false},"author":2,"featured_media":4549,"comment_status":"open","ping_status":"open","sticky":false,"template":"","format":"standard","meta":{"footnotes":""},"categories":[1],"tags":[151,152],"class_list":{"0":"post-4548","1":"post","2":"type-post","3":"status-publish","4":"format-standard","5":"has-post-thumbnail","7":"category-sport","8":"tag-rami-bladlav","9":"tag-statisk-andhallning"},"_links":{"self":[{"href":"https:\/\/fokuset.com\/index.php\/wp-json\/wp\/v2\/posts\/4548","targetHints":{"allow":["GET"]}}],"collection":[{"href":"https:\/\/fokuset.com\/index.php\/wp-json\/wp\/v2\/posts"}],"about":[{"href":"https:\/\/fokuset.com\/index.php\/wp-json\/wp\/v2\/types\/post"}],"author":[{"embeddable":true,"href":"https:\/\/fokuset.com\/index.php\/wp-json\/wp\/v2\/users\/2"}],"replies":[{"embeddable":true,"href":"https:\/\/fokuset.com\/index.php\/wp-json\/wp\/v2\/comments?post=4548"}],"version-history":[{"count":1,"href":"https:\/\/fokuset.com\/index.php\/wp-json\/wp\/v2\/posts\/4548\/revisions"}],"predecessor-version":[{"id":4550,"href":"https:\/\/fokuset.com\/index.php\/wp-json\/wp\/v2\/posts\/4548\/revisions\/4550"}],"wp:featuredmedia":[{"embeddable":true,"href":"https:\/\/fokuset.com\/index.php\/wp-json\/wp\/v2\/media\/4549"}],"wp:attachment":[{"href":"https:\/\/fokuset.com\/index.php\/wp-json\/wp\/v2\/media?parent=4548"}],"wp:term":[{"taxonomy":"category","embeddable":true,"href":"https:\/\/fokuset.com\/index.php\/wp-json\/wp\/v2\/categories?post=4548"},{"taxonomy":"post_tag","embeddable":true,"href":"https:\/\/fokuset.com\/index.php\/wp-json\/wp\/v2\/tags?post=4548"}],"curies":[{"name":"wp","href":"https:\/\/api.w.org\/{rel}","templated":true}]}}