{"id":4534,"date":"2022-03-21T15:34:30","date_gmt":"2022-03-21T15:34:30","guid":{"rendered":"https:\/\/fokuset.se\/?p=4534"},"modified":"2022-03-21T15:34:31","modified_gmt":"2022-03-21T15:34:31","slug":"kvinna-anhallen-for-mordforsok-pa-barn","status":"publish","type":"post","link":"https:\/\/fokuset.com\/index.php\/2022\/03\/21\/kvinna-anhallen-for-mordforsok-pa-barn\/","title":{"rendered":"Kvinna anh\u00e5llen f\u00f6r mordf\u00f6rs\u00f6k p\u00e5 barn"},"content":{"rendered":"\n<p>P\u00e5 s\u00f6ndagskv\u00e4llen larmades polis till centrala Ume\u00e5 n\u00e4r en pojke hade hittats med allvarliga skador. Pojken, som \u00e4r under tio \u00e5r, f\u00f6rdes direkt med ambulans till sjukhus. Skadel\u00e4get \u00e4r i nul\u00e4get ok\u00e4nt, enligt polisen.<\/p>\n\n\n\n<p>Senare grips en kvinna misst\u00e4nkt f\u00f6r mordf\u00f6rs\u00f6k i en bostad som ligger n\u00e4ra d\u00e4r pojken hittades.<\/p>\n\n\n\n<p>\u2013 Polis p\u00e5 plats lokaliserar en adress som man ocks\u00e5 misst\u00e4nker \u00e4r brottsplatsen, s\u00e4ger David Helgesson, chef f\u00f6r polisens avdelning f\u00f6r grova brott i V\u00e4sterbotten.<\/p>\n\n\n\n<p>Polisens bild \u00e4r att pojken har tagit sig fr\u00e5n bostaden till den plats d\u00e4r han sedan hittades. Kvinnan har en relation till pojken.<\/p>\n\n\n\n<p>Det finns misstankar om att ett vasst f\u00f6rem\u00e5l har anv\u00e4nts vid mordf\u00f6rs\u00f6ket.<\/p>\n\n\n\n<p>\u2013 Utifr\u00e5n pojkens skador misst\u00e4nker vi att det kan r\u00f6ra sig om ett vasst f\u00f6rem\u00e5l, men vad f\u00f6r typ av f\u00f6rem\u00e5l det r\u00f6r sig om f\u00e5r den fortsatta utredningen ge svar p\u00e5, s\u00e4ger David Helgesson.<\/p>\n\n\n\n<p>Kvinnan har varit anh\u00e5llen p\u00e5 sannolika sk\u00e4l misst\u00e4nkt f\u00f6r mordf\u00f6rs\u00f6k sedan 12-tiden p\u00e5 m\u00e5ndagen. Hon har h\u00f6rts under dagen och fortsatta f\u00f6rh\u00f6r kommer att h\u00e5llas under morgondagen, enligt David Helgesson.<\/p>\n\n\n\n<p>Polisen har ocks\u00e5 sp\u00e4rrat av den misst\u00e4nkta brottsplatsen, genomf\u00f6rt en teknisk unders\u00f6kning och genomf\u00f6rt ett antal f\u00f6rh\u00f6r under dagen.<\/p>\n\n\n\n<p><a href=\"https:\/\/www.gp.se\/nyheter\/sverige\/kvinna-anh%C3%A5llen-f%C3%B6r-mordf%C3%B6rs%C3%B6k-p%C3%A5-barn-1.68305383\" rel=\"nofollow noopener\" target=\"_blank\">K\u00e4lla<\/a><\/p>\n","protected":false},"excerpt":{"rendered":"<p>P\u00e5 s\u00f6ndagskv\u00e4llen larmades polis till centrala Ume\u00e5 n\u00e4r en pojke hade hittats med allvarliga skador. Pojken, som \u00e4r under tio \u00e5r, f\u00f6rdes direkt med ambulans till sjukhus. Skadel\u00e4get \u00e4r i nul\u00e4get ok\u00e4nt, enligt polisen. Senare grips en kvinna misst\u00e4nkt f\u00f6r mordf\u00f6rs\u00f6k i en bostad som ligger n\u00e4ra d\u00e4r pojken hittades. \u2013 Polis p\u00e5 plats lokaliserar<\/p>\n","protected":false},"author":2,"featured_media":4535,"comment_status":"open","ping_status":"open","sticky":false,"template":"","format":"standard","meta":{"footnotes":""},"categories":[18],"tags":[47],"class_list":{"0":"post-4534","1":"post","2":"type-post","3":"status-publish","4":"format-standard","5":"has-post-thumbnail","7":"category-samhalle","8":"tag-polisen"},"_links":{"self":[{"href":"https:\/\/fokuset.com\/index.php\/wp-json\/wp\/v2\/posts\/4534","targetHints":{"allow":["GET"]}}],"collection":[{"href":"https:\/\/fokuset.com\/index.php\/wp-json\/wp\/v2\/posts"}],"about":[{"href":"https:\/\/fokuset.com\/index.php\/wp-json\/wp\/v2\/types\/post"}],"author":[{"embeddable":true,"href":"https:\/\/fokuset.com\/index.php\/wp-json\/wp\/v2\/users\/2"}],"replies":[{"embeddable":true,"href":"https:\/\/fokuset.com\/index.php\/wp-json\/wp\/v2\/comments?post=4534"}],"version-history":[{"count":1,"href":"https:\/\/fokuset.com\/index.php\/wp-json\/wp\/v2\/posts\/4534\/revisions"}],"predecessor-version":[{"id":4536,"href":"https:\/\/fokuset.com\/index.php\/wp-json\/wp\/v2\/posts\/4534\/revisions\/4536"}],"wp:featuredmedia":[{"embeddable":true,"href":"https:\/\/fokuset.com\/index.php\/wp-json\/wp\/v2\/media\/4535"}],"wp:attachment":[{"href":"https:\/\/fokuset.com\/index.php\/wp-json\/wp\/v2\/media?parent=4534"}],"wp:term":[{"taxonomy":"category","embeddable":true,"href":"https:\/\/fokuset.com\/index.php\/wp-json\/wp\/v2\/categories?post=4534"},{"taxonomy":"post_tag","embeddable":true,"href":"https:\/\/fokuset.com\/index.php\/wp-json\/wp\/v2\/tags?post=4534"}],"curies":[{"name":"wp","href":"https:\/\/api.w.org\/{rel}","templated":true}]}}