{"id":4470,"date":"2022-03-12T15:01:45","date_gmt":"2022-03-12T15:01:45","guid":{"rendered":"https:\/\/fokuset.se\/?p=4470"},"modified":"2022-03-12T15:01:47","modified_gmt":"2022-03-12T15:01:47","slug":"andraplatsen-kan-fa-calle-halfvarsson-att-fortsatta","status":"publish","type":"post","link":"https:\/\/fokuset.com\/index.php\/2022\/03\/12\/andraplatsen-kan-fa-calle-halfvarsson-att-fortsatta\/","title":{"rendered":"Andraplatsen kan f\u00e5 Calle Halfvarsson att forts\u00e4tta"},"content":{"rendered":"\n<p>Det blev inf\u00f6r hemmapubliken p\u00e5 Lugnet som Calle Halfvarsson fick fira sin st\u00f6rsta triumf i skidsp\u00e5ret sedan han kom trea i Ruka, Finland, i november 2018.<\/p>\n\n\n\n<p>Norrmannen Didrik T\u00f8nseth distanserade den svenske veteranen med nio sekunder, men i \u00f6vrigt kunde ingen rubba Halfvarsson.<\/p>\n\n\n\n<p>\u2013 Det \u00e4r superviktigt att jag f\u00e5r visa f\u00f6r mig sj\u00e4lv att jag kan vara d\u00e4r uppe, s\u00e4ger han.<\/p>\n\n\n\n<p>\u2013 Jag t\u00e4nkte jag skulle f\u00f6rs\u00f6ka \u00e5ka fort p\u00e5 de l\u00e4tta partierna och sedan h\u00e5lla igen lite i \u201dm\u00f6rdarbacken\u201d. Jag visste att det skulle vara mycket hejarop s\u00e5 det g\u00e4ller verkligen att f\u00f6rs\u00f6ka sl\u00e5 undan det. F\u00f6r det \u00e4r l\u00e4tt att man n\u00e4r man kommer in i backen och alla skriker p\u00e5 en, att man \u00e5ker allt vad man har och sedan st\u00e5r som en kratta utf\u00f6r.<\/p>\n\n\n\n<p><strong>Taktiken h\u00f6ll. Och resultatet<\/strong>&nbsp;kan bli det som g\u00f6r att Calle Halfvarsson forts\u00e4tter karri\u00e4ren \u00e5tminstone en s\u00e4song till. \u00c5ren utan framskjutna placeringar har kostat p\u00e5 ekonomiskt. I sommar ska dessutom han och sambo Isabell Olsson bli f\u00f6r\u00e4ldrar.<\/p>\n\n\n\n<p>\u2013 Om jag vill s\u00e5 vill hon att jag ska forts\u00e4tta. Det h\u00e4r plussar ju p\u00e5 att man ska orka en s\u00e4song till, att l\u00e4gga ner den tiden som man g\u00f6r.<\/p>\n\n\n\n<p>Han tackade publiken p\u00e5 Lugnet f\u00f6r st\u00f6det \u2013 men gladdes mest \u00e5t att f\u00e5 dela framg\u00e5ngen med resten av landslaget. Flera av de yngre \u00e5karna uttrycker en tydlig \u00f6nskan om att Calle Halfvarsson ska forts\u00e4tta.<\/p>\n\n\n\n<p>\u2013 Han sparrar bra och \u00e4r en bra mentor f\u00f6r de yngre, s\u00e5 jag har varit p\u00e5 honom r\u00e4tt mycket att han ska forts\u00e4tta, s\u00e4ger 22-\u00e5rige Leo Johansson, som sj\u00e4lv hade en tung dag och blev 43:a i distansloppet i Falun.<\/p>\n\n\n\n<p>\u2013 Jag har sagt under s\u00e4songen att \u201dett OS i Milano, det vill du ju inte missa\u201d. Jag hoppas han forts\u00e4tter. Han \u00e4r en riktigt bra mentor. Han vet vad som kr\u00e4vs och vad man ska g\u00f6ra under en v\u00e4rldscups\u00e4song och p\u00e5 ett OS. Han \u00e4r v\u00e4ldigt bra att ha i n\u00e4rheten.<\/p>\n\n\n\n<p><strong>William Poromaa var n\u00e4st b\u00e4ste<\/strong>&nbsp;svensk p\u00e5 17:e plats, t\u00e4tt f\u00f6ljd av Eric Rosj\u00f6 p\u00e5 20:e och Jens Burman p\u00e5 26:e. Tillsammans skojar de yngre \u00e5karna att de kan hj\u00e4lpa till med barnpassning om det g\u00f6r det l\u00e4ttare f\u00f6r familjen Halfvarsson att f\u00e5 ihop skidlivet n\u00e4sta s\u00e4song.<\/p>\n\n\n\n<p>\u2013 Vi f\u00e5r ta det p\u00e5 vilodagar s\u00e5 att han kan komma ut och tr\u00e4na, s\u00e4ger Leo Johansson.<\/p>\n\n\n\n<p>\u00c4ven landslagschefen Anders Bystr\u00f6m lyfter fram Calle Halfvarssons betydelse i herrgruppen i landslaget.<\/p>\n\n\n\n<p>\u2013 Alla \u00e4r oerh\u00f6rt glada f\u00f6r hans skull. Vi unnar Calle att f\u00e5 avsluta s\u00e4songen p\u00e5 det h\u00e4r s\u00e4ttet. Han \u00e4r en bra m\u00e4nniska och en stor lagspelare i truppen.<\/p>\n\n\n\n<p>\u2013 Oerh\u00f6rt kul, inte minst med tanke p\u00e5 all skit han f\u00e5r emellan\u00e5t. D\u00e5 \u00e4r det extra kul att han f\u00e5r visa sin toppniv\u00e5 nu.<\/p>\n\n\n\n<p><strong>\u00c5ren med h\u00f6ga f\u00f6rhoppningar<\/strong>&nbsp;men uteblivna reslutat har gjort att Calle Halfvarsson f\u00e5tt utst\u00e5 h\u00e5rda ord och ifr\u00e5gasatts. Men sj\u00e4lv menar han att det inte p\u00e5verkar honom.<\/p>\n\n\n\n<p>\u2013 Jag vet ju vad jag kan. S\u00e5 om n\u00e5gon kommer och s\u00e4ger att jag \u00e4r d\u00e5lig, vad ska jag d\u00e5 ta \u00e5t mig av det f\u00f6r? Jag bryr mig liksom inte, s\u00e4ger han. M\u00e4nniskor som skriver s\u00e5na saker, oftast kan de inte s\u00e5 mycket som idrott.<\/p>\n\n\n\n<p><a href=\"https:\/\/www.dn.se\/sport\/skrallen-halfvarsson-tvaa-i-falun\/\" rel=\"nofollow noopener\" target=\"_blank\">K\u00e4lla<\/a><\/p>\n","protected":false},"excerpt":{"rendered":"<p>Det blev inf\u00f6r hemmapubliken p\u00e5 Lugnet som Calle Halfvarsson fick fira sin st\u00f6rsta triumf i skidsp\u00e5ret sedan han kom trea i Ruka, Finland, i november 2018. Norrmannen Didrik T\u00f8nseth distanserade den svenske veteranen med nio sekunder, men i \u00f6vrigt kunde ingen rubba Halfvarsson. \u2013 Det \u00e4r superviktigt att jag f\u00e5r visa f\u00f6r mig sj\u00e4lv att<\/p>\n","protected":false},"author":2,"featured_media":4471,"comment_status":"open","ping_status":"open","sticky":false,"template":"","format":"standard","meta":{"footnotes":""},"categories":[1],"tags":[135,111],"class_list":{"0":"post-4470","1":"post","2":"type-post","3":"status-publish","4":"format-standard","5":"has-post-thumbnail","7":"category-sport","8":"tag-calle-halfvarsson","9":"tag-skidakning"},"_links":{"self":[{"href":"https:\/\/fokuset.com\/index.php\/wp-json\/wp\/v2\/posts\/4470","targetHints":{"allow":["GET"]}}],"collection":[{"href":"https:\/\/fokuset.com\/index.php\/wp-json\/wp\/v2\/posts"}],"about":[{"href":"https:\/\/fokuset.com\/index.php\/wp-json\/wp\/v2\/types\/post"}],"author":[{"embeddable":true,"href":"https:\/\/fokuset.com\/index.php\/wp-json\/wp\/v2\/users\/2"}],"replies":[{"embeddable":true,"href":"https:\/\/fokuset.com\/index.php\/wp-json\/wp\/v2\/comments?post=4470"}],"version-history":[{"count":1,"href":"https:\/\/fokuset.com\/index.php\/wp-json\/wp\/v2\/posts\/4470\/revisions"}],"predecessor-version":[{"id":4472,"href":"https:\/\/fokuset.com\/index.php\/wp-json\/wp\/v2\/posts\/4470\/revisions\/4472"}],"wp:featuredmedia":[{"embeddable":true,"href":"https:\/\/fokuset.com\/index.php\/wp-json\/wp\/v2\/media\/4471"}],"wp:attachment":[{"href":"https:\/\/fokuset.com\/index.php\/wp-json\/wp\/v2\/media?parent=4470"}],"wp:term":[{"taxonomy":"category","embeddable":true,"href":"https:\/\/fokuset.com\/index.php\/wp-json\/wp\/v2\/categories?post=4470"},{"taxonomy":"post_tag","embeddable":true,"href":"https:\/\/fokuset.com\/index.php\/wp-json\/wp\/v2\/tags?post=4470"}],"curies":[{"name":"wp","href":"https:\/\/api.w.org\/{rel}","templated":true}]}}