{"id":4443,"date":"2022-03-12T13:41:31","date_gmt":"2022-03-12T13:41:31","guid":{"rendered":"https:\/\/fokuset.se\/?p=4443"},"modified":"2022-03-12T13:41:33","modified_gmt":"2022-03-12T13:41:33","slug":"kristersson-jag-staller-inga-ultimatum-om-nato","status":"publish","type":"post","link":"https:\/\/fokuset.com\/index.php\/2022\/03\/12\/kristersson-jag-staller-inga-ultimatum-om-nato\/","title":{"rendered":"Kristersson: Jag st\u00e4ller inga ultimatum om Nato"},"content":{"rendered":"\n<p>I tisdags sa statsminister Magdalena Andersson att en svensk medlemsans\u00f6kan till Nato ytterligare skulle destabilisera l\u00e4get. Uttalandet v\u00e4ckte starka reaktioner, b\u00e5de i Finland och p\u00e5 hemmaplan. Under onsdagen svarade Andersson p\u00e5 kritiken i en&nbsp;<a href=\"https:\/\/www.dn.se\/sverige\/magdalena-andersson-stanger-inte-dorren-for-nato\/\" rel=\"nofollow noopener\" target=\"_blank\">intervju med DN:<\/a><\/p>\n\n\n\n<p>\u2013 Sverige har alltid r\u00e4tt att v\u00e4lja v\u00e5r s\u00e4kerhetspolitiska linje. Nu \u00e4r det min bed\u00f6mning att det \u00e4r b\u00e4st f\u00f6r Sveriges s\u00e4kerhet att vi \u00e4r f\u00f6ruts\u00e4gbara i det h\u00e4r l\u00e4get, sa hon.<\/p>\n\n\n\n<p><strong>Moderatledaren Ulf Kristersson<\/strong>&nbsp;var en av de som reagerade.<\/p>\n\n\n\n<p>\u2013 Det \u00e4r ett v\u00e4ldigt olyckligt s\u00e4tt att uttrycka sig. Att Sverige i princip inte kan fatta ett sj\u00e4lvst\u00e4ndigt beslut, att det skulle destabilisera v\u00e5r region. Det \u00e4r att i praktiken s\u00e4ga att det Finland nu g\u00f6r \u00e4r riskabelt, s\u00e4ger han.<\/p>\n\n\n\n<p>Han betonar vikten av att en Natodiskussion b\u00f6r hanteras i samf\u00f6rst\u00e5nd med Finland f\u00f6r att om det \u00e4r m\u00f6jligt fatta gemensamma beslut.<\/p>\n\n\n\n<p>\u2013 Jag upplever att det \u00e4r n\u00e5got v\u00e5ra finska v\u00e4nner b\u00e5de p\u00e5 den socialdemokratiska och p\u00e5 den borgerliga kanten efterstr\u00e4var. Jag tror att det handlar om att Socialdemokraterna inte vill diskutera Nato, men det h\u00e4r \u00e4r inte en socialdemokratisk process. Det h\u00e4r m\u00e5ste vara en svensk process, s\u00e4ger han.<\/p>\n\n\n\n<p><strong>P\u00e5 fr\u00e5gan om risken f\u00f6r en rysk reaktion<\/strong>&nbsp;s\u00e4ger Kristersson att ingen vet hur Ryssland nu t\u00e4nker.<\/p>\n\n\n\n<p>\u2013\u00a0Att vi lever i en hotfull och riskabel v\u00e4rld just nu \u00e4r uppenbart. Det g\u00e4ller inte minst de l\u00e4nder som st\u00e5r oskyddade av andra allianser. Det \u00e4r en helt ny s\u00e4kerhetspolitisk situation, d\u00e5 ska man fatta kloka beslut i r\u00e4tt tid, i r\u00e4tt ordning och p\u00e5 r\u00e4tt s\u00e4tt. Men man m\u00e5ste ocks\u00e5 inse, precis som Sanna Marin (Finlands statsminister, reds anm) s\u00e4ger, att inte fatta ett beslut \u00e4r ocks\u00e5 ett beslut.<\/p>\n\n\n\n<p><strong>Enligt f\u00f6rsvarsexperter \u00e4r den farligaste tiden den mellan ett beslut och status som fullv\u00e4rdig medlem i Nato. Hur skulle Sverige hantera det anser du?<\/strong><\/p>\n\n\n\n<p>\u2013 Det \u00e4r en av de aspekter man m\u00e5ste v\u00e4ga in. D\u00e4rf\u00f6r m\u00e5ste man ha en t\u00e4t dialog med andra l\u00e4nder om hur v\u00e4gen och beslutsfattandet ska se ut, s\u00e4ger moderatledaren.<\/p>\n\n\n\n<p>Sverigedemokraterna \u2013 som tidigare sagt nej till ett medlemskap men ja till en Nato-option \u2013\u00e4r beredda att ompr\u00f6va sin syn. Men \u00e4ven om SD hade \u00e4ndrat position och Ulf Kristersson hade haft regeringsmakten hade det inte p\u00e5verkat honom just nu, s\u00e4ger han.<\/p>\n\n\n\n<p>\u2013 F\u00f6r stunden n\u00f6jer jag med att s\u00e4ga att m\u00e5let f\u00f6r varje s\u00e4kerhetspolitiskt st\u00e4llningstagande m\u00e5ste vara bred f\u00f6rankring i politiken och hos svenska folket. Det g\u00e4ller varje st\u00e4llningstagande. Att hitta en bred politisk enighet om det h\u00e4r v\u00e4gleder mig. Men det betyder ocks\u00e5 att Socialdemokraterna m\u00e5ste samspela.<\/p>\n\n\n\n<p>Regeringen meddelade h\u00e4romdagen att det f\u00f6rv\u00e4rrade s\u00e4kerhetsl\u00e4get kr\u00e4ver en ny analys f\u00f6r Sveriges del. Vad den ska omfatta och n\u00e4r den ska vara klar \u00e4r oklart. Moderaterna vill att analysen ocks\u00e5 ska hantera Natofr\u00e5gan.<\/p>\n\n\n\n<p><strong>Vad vill Moderaterna i det h\u00e4r l\u00e4get, en Nato-option eller skicka in en ans\u00f6kan nu?<\/strong><\/p>\n\n\n\n<p>\u2013 En option tycker redan riksdagen. Nu handlar det om att g\u00f6ra samma process som Finland. Att se \u00f6ver v\u00e5ra s\u00e4kerhetspolitiska st\u00e4llningstaganden, inklusive allianserna och fatta ett beslut om vad som ligger i v\u00e5rt intresse. Att Moderaterna allm\u00e4nt \u00e4r f\u00f6r Nato \u00e4r v\u00e4lk\u00e4nt, men hur vi gemensamt kan agera med Finland i det h\u00e4r l\u00e4get kr\u00e4ver ett seri\u00f6st svar. Det svaret kan man inte ge innan man diskuterat saken p\u00e5 djupet.<\/p>\n\n\n\n<p><strong>Du har i dag inget svar p\u00e5 n\u00e4r du anser att det \u00e4r en rimlig tidpunkt att skicka in en ans\u00f6kan?<\/strong><\/p>\n\n\n\n<p>\u2013 Det tror jag ingen kan svara p\u00e5 just nu. \u00c4ven den fr\u00e5gan skulle jag vilja ha bred nationell enighet om. Och enighet med Finland. Jag st\u00e4ller inga ultimatum.<\/p>\n\n\n\n<p>Moderaterna har efter intervjun \u00e5terkommit till DN f\u00f6r att f\u00f6rtydliga att Ulf Kristersson vill att en ans\u00f6kan ska skickas in \u201ds\u00e5 fort som m\u00f6jligt\u201d, men att ingen kan svara p\u00e5 exakt n\u00e4r.<\/p>\n\n\n\n<p>P\u00e5 fredagen utlovade&nbsp;<a href=\"https:\/\/www.dn.se\/sverige\/regeringen-vill-hoja-forsvarsanslagen-till-tva-procent-av-bnp\/\" rel=\"nofollow noopener\" target=\"_blank\">regeringen h\u00f6jda f\u00f6rsvarsanslag<\/a>&nbsp;till tv\u00e5 procent av BNP. Moderaterna v\u00e4lkomnar beskedet men har flera inv\u00e4ndningar.<\/p>\n\n\n\n<p>\u2013 Att s\u00e4ga det utan n\u00e5gon tidplan \u00e4r inte trov\u00e4rdigt. Vi har varit tydliga med att vi m\u00e5ste n\u00e5 2 procent-m\u00e5let senast 2025. Att samtidigt f\u00f6resl\u00e5 h\u00f6jda skatter n\u00e4r m\u00e5nga familjer redan g\u00e5r p\u00e5 kn\u00e4na \u00e4r orimligt. F\u00f6rsvar, polis och r\u00e4ttsv\u00e4sende m\u00e5ste prioriteras kommande mandatperioder. D\u00e5 f\u00e5r man h\u00e5lla igen p\u00e5 andra utgifter.<\/p>\n\n\n\n<p><a href=\"https:\/\/www.dn.se\/sverige\/kristersson-jag-staller-inga-ultimatum-om-nato\/\" rel=\"nofollow noopener\" target=\"_blank\">K\u00e4lla<\/a><\/p>\n","protected":false},"excerpt":{"rendered":"<p>I tisdags sa statsminister Magdalena Andersson att en svensk medlemsans\u00f6kan till Nato ytterligare skulle destabilisera l\u00e4get. Uttalandet v\u00e4ckte starka reaktioner, b\u00e5de i Finland och p\u00e5 hemmaplan. Under onsdagen svarade Andersson p\u00e5 kritiken i en&nbsp;intervju med DN: \u2013 Sverige har alltid r\u00e4tt att v\u00e4lja v\u00e5r s\u00e4kerhetspolitiska linje. Nu \u00e4r det min bed\u00f6mning att det \u00e4r b\u00e4st<\/p>\n","protected":false},"author":2,"featured_media":4444,"comment_status":"open","ping_status":"open","sticky":false,"template":"","format":"standard","meta":{"footnotes":""},"categories":[3],"tags":[91],"class_list":{"0":"post-4443","1":"post","2":"type-post","3":"status-publish","4":"format-standard","5":"has-post-thumbnail","7":"category-nyhetsdygnet","8":"tag-ulf-kristersson"},"_links":{"self":[{"href":"https:\/\/fokuset.com\/index.php\/wp-json\/wp\/v2\/posts\/4443","targetHints":{"allow":["GET"]}}],"collection":[{"href":"https:\/\/fokuset.com\/index.php\/wp-json\/wp\/v2\/posts"}],"about":[{"href":"https:\/\/fokuset.com\/index.php\/wp-json\/wp\/v2\/types\/post"}],"author":[{"embeddable":true,"href":"https:\/\/fokuset.com\/index.php\/wp-json\/wp\/v2\/users\/2"}],"replies":[{"embeddable":true,"href":"https:\/\/fokuset.com\/index.php\/wp-json\/wp\/v2\/comments?post=4443"}],"version-history":[{"count":1,"href":"https:\/\/fokuset.com\/index.php\/wp-json\/wp\/v2\/posts\/4443\/revisions"}],"predecessor-version":[{"id":4445,"href":"https:\/\/fokuset.com\/index.php\/wp-json\/wp\/v2\/posts\/4443\/revisions\/4445"}],"wp:featuredmedia":[{"embeddable":true,"href":"https:\/\/fokuset.com\/index.php\/wp-json\/wp\/v2\/media\/4444"}],"wp:attachment":[{"href":"https:\/\/fokuset.com\/index.php\/wp-json\/wp\/v2\/media?parent=4443"}],"wp:term":[{"taxonomy":"category","embeddable":true,"href":"https:\/\/fokuset.com\/index.php\/wp-json\/wp\/v2\/categories?post=4443"},{"taxonomy":"post_tag","embeddable":true,"href":"https:\/\/fokuset.com\/index.php\/wp-json\/wp\/v2\/tags?post=4443"}],"curies":[{"name":"wp","href":"https:\/\/api.w.org\/{rel}","templated":true}]}}