{"id":4440,"date":"2022-03-12T13:38:35","date_gmt":"2022-03-12T13:38:35","guid":{"rendered":"https:\/\/fokuset.se\/?p=4440"},"modified":"2022-03-12T13:38:37","modified_gmt":"2022-03-12T13:38:37","slug":"utredningen-om-dronarintrang-vid-karnkraftverk-nedlagd","status":"publish","type":"post","link":"https:\/\/fokuset.com\/index.php\/2022\/03\/12\/utredningen-om-dronarintrang-vid-karnkraftverk-nedlagd\/","title":{"rendered":"Utredningen om dr\u00f6narintr\u00e5ng vid k\u00e4rnkraftverk nedlagd"},"content":{"rendered":"\n<p>Efter en serie rapporter om misst\u00e4nkta dr\u00f6nare n\u00e4ra svenska k\u00e4rnkraftverk inleddes en utredning d\u00e4r S\u00e4kerhetspolisen och den \u00f6ppna polisen granskade till slut \u00f6ver 200 h\u00e4ndelser. Av dessa var drygt tio vid olika skyddsobjekt.<\/p>\n\n\n\n<p><strong>Nu har utredningen lagts<\/strong>&nbsp;ned. Vice chefs\u00e5klagaren vid Riksenheten f\u00f6r s\u00e4kerhetsm\u00e5l, Hans Ihrman, beslutade i tisdags att avsluta arbetet:<\/p>\n\n\n\n<p>\u2013 Syftet \u00e4r ju att utreda vem eller vilka som kan misst\u00e4nkas ligga bakom brottet, men nu kom jag till en punkt d\u00e4r jag inte kan f\u00f6rv\u00e4nta mig att det ska finnas n\u00e5gra ytterligare utrednings\u00e5tg\u00e4rder som kan leda l\u00e4ngre.<\/p>\n\n\n\n<p>\u2013 \u00c4rendet \u00e4r avslutat.<\/p>\n\n\n\n<p><strong>Enligt Hans Ihrman<\/strong>&nbsp;har det \u201dtroligtvis\u201d f\u00f6rekommit dr\u00f6narflygningar vid n\u00e5gra av de omkring 200 inrapporterade h\u00e4ndelserna. Ett par av dem har flugit \u00f6ver skyddsomr\u00e5den vid k\u00e4rnkraftverk.<\/p>\n\n\n\n<p>M\u00f6jliga observationer gjordes vid Ringhals k\u00e4rnkraftverk s\u00f6der om G\u00f6teborg, vid Barseb\u00e4cks nedlagda k\u00e4rnkraftverk norr om Malm\u00f6, Forsmarks k\u00e4rnkraftverk i Uppland och Oskarshamns k\u00e4rnkraftverk.<\/p>\n\n\n\n<p>Hans Ihrman vill inte s\u00e4ga vilka av dessa som bed\u00f6mts som dr\u00f6nare. Han s\u00e4ger dock att det fortfarande inte finns n\u00e5gra tecken som tyder p\u00e5 att dessa ska ha genomf\u00f6rts av fr\u00e4mmande makt.<\/p>\n\n\n\n<p><strong>Ocks\u00e5 kommenderingschefen<\/strong>&nbsp;kring dr\u00f6narutredningarna, Per Engstr\u00f6m vid polisens Nationella operativa avdelning, Noa, s\u00e4ger att det inte finns n\u00e5got som pekar ut vem som kan ha flugit eventuella dr\u00f6nare vid k\u00e4rnkraftverken.<\/p>\n\n\n\n<p>\u2013 Inget pekar p\u00e5 fr\u00e4mmande makt och vi \u00e4r inte helt \u00f6vertygade om att det alltid r\u00f6rde sig om dr\u00f6nare, s\u00e4ger han.<\/p>\n\n\n\n<p>En rysk medborgare som greps vid Drottningholms slott sedan han flugit en dr\u00f6nare inom skyddsomr\u00e5det kring slottet sl\u00e4pptes snart.<\/p>\n\n\n\n<p>\u2013 Vad jag vet var han d\u00e4r i syfte att g\u00f6ra en broschyr av attraktiva resm\u00e5l inom Sverige och jobbade f\u00f6r ett f\u00f6retag som g\u00f6r detta. Han var omedveten om att det var ett skyddsobjekt.<\/p>\n\n\n\n<p><strong>Per Engstr\u00f6m s\u00e4ger att det<\/strong>&nbsp;p\u00e5g\u00e5r en diskussion om hur Sverige ska kunna bli b\u00e4ttre n\u00e4r det g\u00e4ller att identifiera eventuella dr\u00f6nare n\u00e4ra skyddsobjekt.<\/p>\n\n\n\n<p>\u2013 Det g\u00e4ller framf\u00f6r allt vilka tekniska installationer som ska finnas vid skyddsobjekten och titta p\u00e5 de olika typerna av kr\u00e4nkningar som gjorts f\u00f6r att f\u00e5 en tydligare bild av vilken bevisf\u00f6ring som kr\u00e4vs. D\u00e4r har n\u00e5gra av k\u00e4rnkraftverken redan b\u00f6rjat installera s\u00e5dana system.<\/p>\n\n\n\n<p>Per Engstr\u00f6m s\u00e4ger att han tror att alla som har ett skyddsobjekt \u2013 till exempel k\u00e4nsliga hamnar, flygplatser och liknande \u2013 m\u00e5ste ta ett st\u00f6rre ansvar.<\/p>\n\n\n\n<p>\u2013 Ungef\u00e4r som att man m\u00e5ste ha skyddsvakter i dag s\u00e5 kommer vi antagligen att kr\u00e4va att man m\u00e5ste ha en viss typ av teknisk installation i framtiden. S\u00e5 att vi ska slippa l\u00e4gga resurser p\u00e5 att i efterhand f\u00f6rs\u00f6ka komma fram till vad det var. Den tekniken finns i form av kameror och radar.<\/p>\n\n\n\n<p><strong>Under fredagen drabbades<\/strong>&nbsp;den svenska marinen av samma anstormning som polisen gjort i samband med att de f\u00f6rsta dr\u00f6narrapporterna blev k\u00e4nda. Polisen fick d\u00e5 in \u00f6ver 200 vittnesrapporter, varav f\u00e5 sedan visade sig vara dr\u00f6nare.<\/p>\n\n\n\n<p>Det var i torsdags som marinens s\u00e4kerhetschef Anders Engqvist i en intervju med tidningen&nbsp;<a href=\"http:\/\/www.skargarden.se\/obor-uppmanas-vara-vaksamma\/\" rel=\"nofollow noopener\" target=\"_blank\">Sk\u00e4rg\u00e5rden<\/a>&nbsp;sa att \u201dvi \u00e4r j\u00e4tteintresserade av tips fr\u00e5n allm\u00e4nheten\u201d och \u00f6verbef\u00e4lhavare Micael Byd\u00e9n&nbsp;<a href=\"https:\/\/www.svt.se\/nyheter\/inrikes\/marinen-efterlyser-tips-pa-observationer-rapportera-det-som-avviker\" rel=\"nofollow noopener\" target=\"_blank\">sedan uppmanade<\/a>&nbsp;svenskarna att \u201drapportera det som avviker\u201d.<\/p>\n\n\n\n<p>Och \u00e5terigen h\u00f6rsammade den svenska befolkningen en uppmaning om att rapportera in s\u00e5dant man sett men inte f\u00f6rst\u00e5tt:<\/p>\n\n\n\n<p>\u2013\u00a0Det blev ett enormt tryck p\u00e5 SOS Alarm, marinen och de milit\u00e4ra regionerna. Vi \u00e4r helt nerringda, s\u00e4ger Rebecca Landgren till TT.<\/p>\n\n\n\n<p><strong>Landgren ber\u00e4ttar att<\/strong>&nbsp;personalen nu jobbar \u00f6vertid med att ta hand om alla tips som har kommit in.<\/p>\n\n\n\n<p>Men Rebecca Landgren s\u00e4ger att uppmaningen inte har n\u00e5got med den r\u00e5dande situationen i Ukraina att g\u00f6ra utan ist\u00e4llet \u00e4r en \u00e5terkommande kampanj d\u00e4r marinen g\u00e5r ut och ber boende i sk\u00e4rg\u00e5rden att vara uppm\u00e4rksamma:<\/p>\n\n\n\n<p>\u2013\u00a0Ett citat blev taget ur sitt sammanhang. M\u00e4nniskor kan ha f\u00e5tt uppfattningen att det h\u00e4r h\u00e4nger ihop med den s\u00e4kerhetspolitiska situationen, vilket det inte g\u00f6r, s\u00e4ger Rebecca Landgren till TT.<\/p>\n\n\n\n<p><a href=\"https:\/\/www.dn.se\/sverige\/utredningen-om-dronarintrang-vid-karnkraftverk-nedlagd\/\" rel=\"nofollow noopener\" target=\"_blank\">K\u00e4lla<\/a><\/p>\n","protected":false},"excerpt":{"rendered":"<p>Efter en serie rapporter om misst\u00e4nkta dr\u00f6nare n\u00e4ra svenska k\u00e4rnkraftverk inleddes en utredning d\u00e4r S\u00e4kerhetspolisen och den \u00f6ppna polisen granskade till slut \u00f6ver 200 h\u00e4ndelser. Av dessa var drygt tio vid olika skyddsobjekt. Nu har utredningen lagts&nbsp;ned. Vice chefs\u00e5klagaren vid Riksenheten f\u00f6r s\u00e4kerhetsm\u00e5l, Hans Ihrman, beslutade i tisdags att avsluta arbetet: \u2013 Syftet \u00e4r ju<\/p>\n","protected":false},"author":2,"featured_media":4441,"comment_status":"open","ping_status":"open","sticky":false,"template":"","format":"standard","meta":{"footnotes":""},"categories":[3],"tags":[126],"class_list":{"0":"post-4440","1":"post","2":"type-post","3":"status-publish","4":"format-standard","5":"has-post-thumbnail","7":"category-nyhetsdygnet","8":"tag-sos-alarm"},"_links":{"self":[{"href":"https:\/\/fokuset.com\/index.php\/wp-json\/wp\/v2\/posts\/4440","targetHints":{"allow":["GET"]}}],"collection":[{"href":"https:\/\/fokuset.com\/index.php\/wp-json\/wp\/v2\/posts"}],"about":[{"href":"https:\/\/fokuset.com\/index.php\/wp-json\/wp\/v2\/types\/post"}],"author":[{"embeddable":true,"href":"https:\/\/fokuset.com\/index.php\/wp-json\/wp\/v2\/users\/2"}],"replies":[{"embeddable":true,"href":"https:\/\/fokuset.com\/index.php\/wp-json\/wp\/v2\/comments?post=4440"}],"version-history":[{"count":1,"href":"https:\/\/fokuset.com\/index.php\/wp-json\/wp\/v2\/posts\/4440\/revisions"}],"predecessor-version":[{"id":4442,"href":"https:\/\/fokuset.com\/index.php\/wp-json\/wp\/v2\/posts\/4440\/revisions\/4442"}],"wp:featuredmedia":[{"embeddable":true,"href":"https:\/\/fokuset.com\/index.php\/wp-json\/wp\/v2\/media\/4441"}],"wp:attachment":[{"href":"https:\/\/fokuset.com\/index.php\/wp-json\/wp\/v2\/media?parent=4440"}],"wp:term":[{"taxonomy":"category","embeddable":true,"href":"https:\/\/fokuset.com\/index.php\/wp-json\/wp\/v2\/categories?post=4440"},{"taxonomy":"post_tag","embeddable":true,"href":"https:\/\/fokuset.com\/index.php\/wp-json\/wp\/v2\/tags?post=4440"}],"curies":[{"name":"wp","href":"https:\/\/api.w.org\/{rel}","templated":true}]}}