{"id":4427,"date":"2022-03-02T10:49:08","date_gmt":"2022-03-02T10:49:08","guid":{"rendered":"https:\/\/fokuset.se\/?p=4427"},"modified":"2022-03-02T10:49:20","modified_gmt":"2022-03-02T10:49:20","slug":"bidragstak-star-fast-fotbollforbundet-utreder-uttrade-ur-rf","status":"publish","type":"post","link":"https:\/\/fokuset.com\/index.php\/2022\/03\/02\/bidragstak-star-fast-fotbollforbundet-utreder-uttrade-ur-rf\/","title":{"rendered":"Bidragstak st\u00e5r fast \u2013 Fotbollf\u00f6rbundet utreder uttr\u00e4de ur RF"},"content":{"rendered":"\n<p>Det \u00e4r en besviken Karl-Erik Nilsson som tar till orda n\u00e4r DN ringer upp p\u00e5 tisdagen. Samtidigt, menar Svenska fotbollf\u00f6rbundets ordf\u00f6rande, \u00e4r det bra att fr\u00e5gan om ett ers\u00e4ttningstak nu har retts ut.<\/p>\n\n\n\n<p>\u2013 Naturligtvis \u00e4r vi besvikna, men i det h\u00e4r fallet fick vi inte geh\u00f6r f\u00f6r v\u00e5ra synpunkter s\u00e5 nu f\u00e5r vi f\u00f6rh\u00e5lla oss till det, s\u00e4ger Karl-Erik Nilsson.<\/p>\n\n\n\n<p>Han uppger att SvFF i och med tisdagens besked \u00e5terigen utreder huruvida f\u00f6rbundet ska l\u00e4mna Riksidrottsf\u00f6rbundet \u2013\u00a0<a href=\"https:\/\/www.dn.se\/sport\/motion-24-miljonbeslutet-som-fick-fotbollen-att-se-rott\/\" rel=\"nofollow noopener\" target=\"_blank\">ett hot man ocks\u00e5 framf\u00f6rt tidigare<\/a>.<\/p>\n\n\n\n<p>Men vilka de eventuella konsekvenserna skulle bli vill Karl-Erik Nilsson inte spekulera i \u00e4n.<\/p>\n\n\n\n<p>\u2013 Man kan konstatera att idrotten \u00e4r oerh\u00f6rt sammanfl\u00e4tad och komplex s\u00e5 det finns ingen &#8216;quick fix&#8217;. Vi m\u00e5ste utreda detta ordentligt och vara medvetna om konsekvenserna av att l\u00e4mna.<\/p>\n\n\n\n<p><strong>Fr\u00e5gan om ett<\/strong>&nbsp;ers\u00e4ttningstak inom svensk idrott har varit infekterad sedan i somras. D\u00e5 l\u00e4mnade Svenska triathlonf\u00f6rbundet in en motion d\u00e4r man f\u00f6reslog ett tak p\u00e5 max tio procent av de \u00f6ver 600 miljoner i statliga st\u00f6d som f\u00f6rdelas till 72 enskilda idrottsf\u00f6rbund.<\/p>\n\n\n\n<p>Trots att Riksidrottsstyrelsen gav motionen kalla handen r\u00f6stade<a href=\"https:\/\/www.dn.se\/sport\/fotbollen-overvager-lamna-rf-forlorar-25-miljoner\/\" rel=\"nofollow noopener\" target=\"_blank\">&nbsp;st\u00e4mman ja och f\u00f6rslaget klubbades igenom p\u00e5 Riksidrottsm\u00f6tet.<\/a><\/p>\n\n\n\n<p>RF-bidragen \u00e4r t\u00e4nkta att anv\u00e4ndas till central verksamhet och best\u00e5r av ett organisationsst\u00f6d, fyra olika verksamhetsst\u00f6d samt projektst\u00f6d och uppdragsers\u00e4ttning. Det baseras p\u00e5 en rad kriterier, d\u00e4ribland antalet idrottsf\u00f6reningar och antalet aktiva idrottare.<\/p>\n\n\n\n<p>Enligt SvFF, som i nul\u00e4get f\u00e5r 14 procent av det totala st\u00f6det och \u00e4r enda f\u00f6rbund att drabbas, skulle det nya taket inneb\u00e4ra minskade int\u00e4kter som uppg\u00e5r till omkring 25-30 miljoner kronor. N\u00e5got som f\u00f6rbundet menar fr\u00e4mst sl\u00e5r mot barn- och ungdomsfotbollen.<\/p>\n\n\n\n<p>I augusti beg\u00e4rde SvFF d\u00e4rf\u00f6r att ers\u00e4ttningstaket pr\u00f6vas r\u00e4ttsligt med utg\u00e5ngspunkten huruvida det \u00e4r lagligt att Riksidrottsm\u00f6tet beslutar om f\u00f6rdelningen av statligt st\u00f6d.<\/p>\n\n\n\n<p><strong>\u00c4ven med tisdagens<\/strong>&nbsp;besked som sl\u00e5r fast att ers\u00e4ttningstaket inte bryter mot n\u00e5gra lagar har SvFF inte \u00e4ndrat st\u00e5ndpunkt i fr\u00e5gan.<\/p>\n\n\n\n<p>\u2013 Vi tycker \u00e4nd\u00e5 inte att det h\u00e4r \u00e4r r\u00e4ttvist och det m\u00e5ste vi f\u00f6ra en dialog med RF:s ledning om f\u00f6r att se vilka konsekvenserna blir. Vi m\u00e5ste ocks\u00e5 f\u00f6ra en dialog med regeringen om man ser en problematik i att en st\u00e4mma kan hantera fr\u00e5gor d\u00e4r det \u00e4r skattemedel involverade, s\u00e4ger Karl-Erik Nilsson.<\/p>\n\n\n\n<p>Riksidrottsf\u00f6rbundets ordf\u00f6rande, Bj\u00f6rn Eriksson, konstaterar i sin tur att skiljen\u00e4mndens besked var n\u00f6dv\u00e4ndigt f\u00f6r att komma vidare.<\/p>\n\n\n\n<p>\u2013 S\u00e5 l\u00e4nge det var oklart om taket var legalt eller inte hade vi ett problem. Nu har vi f\u00e5tt veta spelf\u00f6ruts\u00e4ttningarna och d\u00e5 klarnar det v\u00e4ldigt mycket, s\u00e4ger Eriksson.<\/p>\n\n\n\n<p><strong>Hur ser du p\u00e5 att Svenska fotbollf\u00f6rbundet \u00e4nd\u00e5 hotar att l\u00e4mna RF?<\/strong><\/p>\n\n\n\n<p>\u2013 Det \u00e4r inte f\u00f6rsta g\u00e5ngen i idrottssammanslutningars historia som det tycks olika, det kallas demokrati. Jag \u00e4r ganska \u00f6vertygad om att vi tillsammans kan hitta en l\u00f6sning.<\/p>\n\n\n\n<p><strong>Vilka konsekvenser hade ett SvFF-utt\u00e5g f\u00e5tt f\u00f6r er?<\/strong><\/p>\n\n\n\n<p>\u2013 Om man bryter upp och l\u00e4mnar s\u00e5 blir ett problem att alla som har med idrotten att g\u00f6ra f\u00f6rsvagas. Men den f\u00f6rsta punkten blir att klara ut vilka konsekvenser detta har f\u00f6r det vet vi inte \u00e4n. N\u00e4r det \u00e4r gjort f\u00e5r man ha ett resonemang. Vi har haft takbelopp f\u00f6rr s\u00e5 det \u00e4r inte f\u00f6rsta g\u00e5ngen vi \u00e4r konfronterade av problematiken, s\u00e4ger Bj\u00f6rn Eriksson.<\/p>\n\n\n\n<p><a href=\"https:\/\/www.dn.se\/sport\/bidragstak-star-fast-fotbollforbundet-utreder-uttrade-ur-rf\/\" rel=\"nofollow noopener\" target=\"_blank\">K\u00e4lla<\/a><\/p>\n","protected":false},"excerpt":{"rendered":"<p>Det \u00e4r en besviken Karl-Erik Nilsson som tar till orda n\u00e4r DN ringer upp p\u00e5 tisdagen. Samtidigt, menar Svenska fotbollf\u00f6rbundets ordf\u00f6rande, \u00e4r det bra att fr\u00e5gan om ett ers\u00e4ttningstak nu har retts ut. \u2013 Naturligtvis \u00e4r vi besvikna, men i det h\u00e4r fallet fick vi inte geh\u00f6r f\u00f6r v\u00e5ra synpunkter s\u00e5 nu f\u00e5r vi f\u00f6rh\u00e5lla<\/p>\n","protected":false},"author":2,"featured_media":4428,"comment_status":"open","ping_status":"open","sticky":false,"template":"","format":"standard","meta":{"footnotes":""},"categories":[1],"tags":[41,123],"class_list":{"0":"post-4427","1":"post","2":"type-post","3":"status-publish","4":"format-standard","5":"has-post-thumbnail","7":"category-sport","8":"tag-fotboll","9":"tag-fotbollforbundet"},"_links":{"self":[{"href":"https:\/\/fokuset.com\/index.php\/wp-json\/wp\/v2\/posts\/4427","targetHints":{"allow":["GET"]}}],"collection":[{"href":"https:\/\/fokuset.com\/index.php\/wp-json\/wp\/v2\/posts"}],"about":[{"href":"https:\/\/fokuset.com\/index.php\/wp-json\/wp\/v2\/types\/post"}],"author":[{"embeddable":true,"href":"https:\/\/fokuset.com\/index.php\/wp-json\/wp\/v2\/users\/2"}],"replies":[{"embeddable":true,"href":"https:\/\/fokuset.com\/index.php\/wp-json\/wp\/v2\/comments?post=4427"}],"version-history":[{"count":1,"href":"https:\/\/fokuset.com\/index.php\/wp-json\/wp\/v2\/posts\/4427\/revisions"}],"predecessor-version":[{"id":4429,"href":"https:\/\/fokuset.com\/index.php\/wp-json\/wp\/v2\/posts\/4427\/revisions\/4429"}],"wp:featuredmedia":[{"embeddable":true,"href":"https:\/\/fokuset.com\/index.php\/wp-json\/wp\/v2\/media\/4428"}],"wp:attachment":[{"href":"https:\/\/fokuset.com\/index.php\/wp-json\/wp\/v2\/media?parent=4427"}],"wp:term":[{"taxonomy":"category","embeddable":true,"href":"https:\/\/fokuset.com\/index.php\/wp-json\/wp\/v2\/categories?post=4427"},{"taxonomy":"post_tag","embeddable":true,"href":"https:\/\/fokuset.com\/index.php\/wp-json\/wp\/v2\/tags?post=4427"}],"curies":[{"name":"wp","href":"https:\/\/api.w.org\/{rel}","templated":true}]}}